{"id":324805,"date":"2025-08-17T12:02:10","date_gmt":"2025-08-17T12:02:10","guid":{"rendered":"https:\/\/www.europesays.com\/fr\/324805\/"},"modified":"2025-08-17T12:02:10","modified_gmt":"2025-08-17T12:02:10","slug":"larmee-israelienne-compte-prendre-le-controle-operationnel-de-la-ville-de-gaza-avant-le-7-octobre","status":"publish","type":"post","link":"https:\/\/www.europesays.com\/fr\/324805\/","title":{"rendered":"l\u2019arm\u00e9e isra\u00e9lienne compte prendre le \u00ab\u00a0contr\u00f4le op\u00e9rationnel\u00a0\u00bb de la ville de Gaza avant le 7\u00a0octobre"},"content":{"rendered":"<p>   Importantes manifestations en Isra\u00ebl pour demander un accord sur la lib\u00e9ration des otages \u00e0 Gaza             <\/p>\n<p class=\"post__live-container--answer-text post__space-node\">Des manifestations ont d\u00e9but\u00e9 dimanche dans plusieurs villes d\u2019Isra\u00ebl pour r\u00e9clamer la fin de la guerre dans la bande de Gaza et un accord n\u00e9goci\u00e9 pour la lib\u00e9ration des otages qui y sont retenus. Cette mobilisation survient alors qu\u2019Isra\u00ebl a dit se pr\u00e9parer \u00e0 prendre le contr\u00f4le de la ville de Gaza et de camps de r\u00e9fugi\u00e9s voisins dans le but affich\u00e9 de vaincre le Hamas et de lib\u00e9rer les otages enlev\u00e9s le 7\u00a0octobre\u00a02023 lors de l\u2019attaque sans pr\u00e9c\u00e9dent du mouvement islamiste palestinien en Isra\u00ebl, qui a d\u00e9clench\u00e9 la guerre.<\/p>\n<p class=\"post__live-container--answer-text post__space-node\">Un immense drapeau isra\u00e9lien, floqu\u00e9 de portraits de personnes kidnapp\u00e9es, a \u00e9t\u00e9 d\u00e9ploy\u00e9 \u00e0 Tel-Aviv sur la place des Otages, devenue embl\u00e9matique depuis le d\u00e9but de la guerre \u00e0 Gaza, selon une photo diffus\u00e9e sur X.<\/p>\n<p class=\"post__live-container--answer-text post__space-node\">Plusieurs importants axes routiers ont \u00e9t\u00e9 coup\u00e9s par des manifestants, notamment l\u2019autoroute reliant Tel-Aviv \u00e0 J\u00e9rusalem, o\u00f9 des manifestants ont mis le feu \u00e0 des pneus et provoqu\u00e9 d\u2019importants bouchons, selon des images des m\u00e9dias locaux.<\/p>\n<p class=\"post__live-container--answer-text post__space-node\">Dimanche, premier jour de la semaine en Isra\u00ebl, l\u2019activit\u00e9 \u00e9tait nettement r\u00e9duite dans les rues de J\u00e9rusalem, a-t-on \u00e9galement constat\u00e9. Vers 8\u00a0heures (7\u00a0heures \u00e0 Paris), des dizaines de manifestants post\u00e9s devant la r\u00e9sidence du premier ministre demandaient au gouvernement de \u00ab\u00a0mettre fin \u00e0 la guerre\u00a0\u00bb et \u00ab\u00a0ramener tout le monde\u00a0\u00bb, en r\u00e9f\u00e9rence aux otages.<\/p>\n<p class=\"post__live-container--answer-text post__space-node\">Le Forum des familles et des disparus, principale association des proches d\u2019otages, mais aussi l\u2019opposition et une partie du monde \u00e9conomique et syndical ont appel\u00e9 \u00e0 une gr\u00e8ve de solidarit\u00e9 ce dimanche avec les otages \u00e0 Gaza. Dans un nouveau communiqu\u00e9 dimanche, le Forum a assur\u00e9 que des \u00ab\u00a0centaines de milliers de citoyens isra\u00e9liens paralyseront le pays aujourd\u2019hui avec une revendication claire\u00a0\u00bb\u00a0: \u00ab\u00a0Ramenez les 50 otages, mettez fin \u00e0 la guerre.\u00a0\u00bb<\/p>\n<p class=\"post__live-container--answer-text post__space-node\">\u00ab\u00a0Nous faisons tous les efforts pour les ramener (\u2026). On peut avoir des d\u00e9saccords, mais en v\u00e9rit\u00e9, tout le peuple d\u2019Isra\u00ebl veut que nos fr\u00e8res et s\u0153urs rentrent \u00e0 la maison\u00a0\u00bb, a d\u00e9clar\u00e9 sur cette place le pr\u00e9sident isra\u00e9lien, Isaac Herzog.<\/p>\n<p class=\"post__live-container--answer-text post__space-node\">\u00ab\u00a0Nous ne vous oublions pas un seul instant\u00a0\u00bb, a encore lanc\u00e9 M. Herzog \u00e0 l\u2019attention des otages. \u00ab\u00a0Je veux dire aux familles endeuill\u00e9es et inqui\u00e8tes\u00a0: nous sommes avec vous\u00a0\u00bb. (\u2026)\u00a0Et je veux dire au monde\u00a0: (\u2026) faites pression sur le Hamas\u00a0\u00bb, a-t-il ajout\u00e9.<\/p>\n","protected":false},"excerpt":{"rendered":"Importantes manifestations en Isra\u00ebl pour demander un accord sur la lib\u00e9ration des otages \u00e0 Gaza Des manifestations ont&hellip;\n","protected":false},"author":2,"featured_media":324806,"comment_status":"","ping_status":"","sticky":false,"template":"","format":"standard","meta":{"footnotes":""},"categories":[5],"tags":[11,1011,27,14,12,28],"class_list":{"0":"post-324805","1":"post","2":"type-post","3":"status-publish","4":"format-standard","5":"has-post-thumbnail","7":"category-international","8":"tag-actualites","9":"tag-fr","10":"tag-france","11":"tag-international","12":"tag-news","13":"tag-world"},"share_on_mastodon":{"url":"https:\/\/pubeurope.com\/@fr\/115044007536147316","error":""},"_links":{"self":[{"href":"https:\/\/www.europesays.com\/fr\/wp-json\/wp\/v2\/posts\/324805","targetHints":{"allow":["GET"]}}],"collection":[{"href":"https:\/\/www.europesays.com\/fr\/wp-json\/wp\/v2\/posts"}],"about":[{"href":"https:\/\/www.europesays.com\/fr\/wp-json\/wp\/v2\/types\/post"}],"author":[{"embeddable":true,"href":"https:\/\/www.europesays.com\/fr\/wp-json\/wp\/v2\/users\/2"}],"replies":[{"embeddable":true,"href":"https:\/\/www.europesays.com\/fr\/wp-json\/wp\/v2\/comments?post=324805"}],"version-history":[{"count":0,"href":"https:\/\/www.europesays.com\/fr\/wp-json\/wp\/v2\/posts\/324805\/revisions"}],"wp:featuredmedia":[{"embeddable":true,"href":"https:\/\/www.europesays.com\/fr\/wp-json\/wp\/v2\/media\/324806"}],"wp:attachment":[{"href":"https:\/\/www.europesays.com\/fr\/wp-json\/wp\/v2\/media?parent=324805"}],"wp:term":[{"taxonomy":"category","embeddable":true,"href":"https:\/\/www.europesays.com\/fr\/wp-json\/wp\/v2\/categories?post=324805"},{"taxonomy":"post_tag","embeddable":true,"href":"https:\/\/www.europesays.com\/fr\/wp-json\/wp\/v2\/tags?post=324805"}],"curies":[{"name":"wp","href":"https:\/\/api.w.org\/{rel}","templated":true}]}}