{"id":324811,"date":"2025-08-17T12:06:11","date_gmt":"2025-08-17T12:06:11","guid":{"rendered":"https:\/\/www.europesays.com\/fr\/324811\/"},"modified":"2025-08-17T12:06:11","modified_gmt":"2025-08-17T12:06:11","slug":"deces-de-richard-tylinski-ancien-vert-france-saint-etienne","status":"publish","type":"post","link":"https:\/\/www.europesays.com\/fr\/324811\/","title":{"rendered":"D\u00e9c\u00e8s de Richard Tylinski, ancien Vert &#8211; France &#8211; Saint-\u00c9tienne"},"content":{"rendered":"<p>Vert, mais aussi Bleu.<\/p>\n<p>\u00c2g\u00e9 de 87 ans, <strong>Richard Tylinski est d\u00e9c\u00e9d\u00e9 ce samedi 16 ao\u00fbt 2025<\/strong>. L\u2019ancien d\u00e9fenseur \u00e9tait connu pour son passage \u00e0 Saint-\u00c9tienne, o\u00f9 il a \u00e9volu\u00e9 pendant douze ans de 1954 \u00e0 1966 et avec qui il a remport\u00e9 le championnat de France \u00e0 deux reprises ainsi que la Coupe de France.<\/p>\n<p><a class=\"tti\" href=\"https:\/\/x.com\/ASSEofficiel\/status\/1957001992078836116\" target=\"_blank\" rel=\"noopener nofollow\"><img decoding=\"async\" loading=\"lazy\" src=\"https:\/\/www.europesays.com\/fr\/wp-content\/uploads\/2025\/08\/1755432371_477_grande.jpg\" alt=\"Tweet\"\/><\/a><\/p>\n<p><strong>L\u2019ex-arri\u00e8re central avait \u00e9galement d\u00e9fendu les couleurs de l\u2019\u00e9quipe de France trois fois, sa toute premi\u00e8re s\u00e9lection datant du\u00a027 novembre\u00a01957 \u00e0 l\u2019occasion d\u2019une d\u00e9faite en Angleterre<\/strong>, et a termin\u00e9 sa carri\u00e8re \u00e0 l\u2019Olympique avignonnais en 1969.<\/p>\n<p>Un <a target=\"_blank\" href=\"https:\/\/www.sofoot.com\/articles\/top-1000-les-meilleurs-joueurs-du-championnat-de-france-370-361-en-partenariat-avec-amazon-prime-video#slide-369\" rel=\"nofollow noopener\">homme m\u00e9morable<\/a>.<\/p>\n<p>\t\t\t\t\t\t\t\t\t\t<a class=\"lien-connexe\" href=\"https:\/\/www.sofoot.com\/breves\/en-ligue-2-saint-etienne-reussit-sa-premiere-a-domicile-en-terrassant-rodez\" rel=\"nofollow noopener\" target=\"_blank\">Saint-\u00c9tienne leader de Ligue 2\u202f!<\/a>\t\t\t\t\t<\/p>\n","protected":false},"excerpt":{"rendered":"Vert, mais aussi Bleu. \u00c2g\u00e9 de 87 ans, Richard Tylinski est d\u00e9c\u00e9d\u00e9 ce samedi 16 ao\u00fbt 2025. L\u2019ancien&hellip;\n","protected":false},"author":2,"featured_media":324812,"comment_status":"","ping_status":"","sticky":false,"template":"","format":"standard","meta":{"footnotes":""},"categories":[9653],"tags":[1111,47,11,61,2430,69,65,64,1777,674,63,1011,27,68,66,12,62,70,25,4001,67],"class_list":{"0":"post-324811","1":"post","2":"type-post","3":"status-publish","4":"format-standard","5":"has-post-thumbnail","7":"category-saint-etienne","8":"tag-actu","9":"tag-actualite","10":"tag-actualites","11":"tag-actus-football","12":"tag-auvergne-rhone-alpes","13":"tag-bundesliga","14":"tag-championnats-europeens","15":"tag-equipe-de-france","16":"tag-eu","17":"tag-europe","18":"tag-football","19":"tag-fr","20":"tag-france","21":"tag-ligua","22":"tag-ligue-1","23":"tag-news","24":"tag-news-foot","25":"tag-premier-league","26":"tag-republique-francaise","27":"tag-saint-etienne","28":"tag-serie-a"},"share_on_mastodon":{"url":"https:\/\/pubeurope.com\/@fr\/115044023292099112","error":""},"_links":{"self":[{"href":"https:\/\/www.europesays.com\/fr\/wp-json\/wp\/v2\/posts\/324811","targetHints":{"allow":["GET"]}}],"collection":[{"href":"https:\/\/www.europesays.com\/fr\/wp-json\/wp\/v2\/posts"}],"about":[{"href":"https:\/\/www.europesays.com\/fr\/wp-json\/wp\/v2\/types\/post"}],"author":[{"embeddable":true,"href":"https:\/\/www.europesays.com\/fr\/wp-json\/wp\/v2\/users\/2"}],"replies":[{"embeddable":true,"href":"https:\/\/www.europesays.com\/fr\/wp-json\/wp\/v2\/comments?post=324811"}],"version-history":[{"count":0,"href":"https:\/\/www.europesays.com\/fr\/wp-json\/wp\/v2\/posts\/324811\/revisions"}],"wp:featuredmedia":[{"embeddable":true,"href":"https:\/\/www.europesays.com\/fr\/wp-json\/wp\/v2\/media\/324812"}],"wp:attachment":[{"href":"https:\/\/www.europesays.com\/fr\/wp-json\/wp\/v2\/media?parent=324811"}],"wp:term":[{"taxonomy":"category","embeddable":true,"href":"https:\/\/www.europesays.com\/fr\/wp-json\/wp\/v2\/categories?post=324811"},{"taxonomy":"post_tag","embeddable":true,"href":"https:\/\/www.europesays.com\/fr\/wp-json\/wp\/v2\/tags?post=324811"}],"curies":[{"name":"wp","href":"https:\/\/api.w.org\/{rel}","templated":true}]}}