{"id":324815,"date":"2025-08-17T12:13:09","date_gmt":"2025-08-17T12:13:09","guid":{"rendered":"https:\/\/www.europesays.com\/fr\/324815\/"},"modified":"2025-08-17T12:13:09","modified_gmt":"2025-08-17T12:13:09","slug":"mauguio-touche-par-deux-departs-de-feu-que-sest-il-passe","status":"publish","type":"post","link":"https:\/\/www.europesays.com\/fr\/324815\/","title":{"rendered":"Mauguio touch\u00e9 par deux d\u00e9parts de feu, que s\u2019est-il pass\u00e9\u00a0?"},"content":{"rendered":"<p>            Par<br \/>\n        <strong><br \/>\n            <a href=\"https:\/\/actu.fr\/auteur\/metropoop\" title=\"Consulter tous les articles de R\u00e9daction M\u00e9tropolitain\" rel=\"nofollow noopener\" target=\"_blank\">R\u00e9daction M\u00e9tropolitain<\/a><br \/>\n        <\/strong><\/p>\n<p>        Publi\u00e9 le<\/p>\n<p>            17 ao\u00fbt 2025 \u00e0 14h06        <\/p>\n<p>Les sapeurs-pompiers du d\u00e9partement de l\u2019H\u00e9rault ont \u00e9t\u00e9 sollicit\u00e9s<strong> ce dimanche 17 ao\u00fbt 2025<\/strong> pour deux interventions sur la commune de Mauguio. La premi\u00e8re a mobilis\u00e9 d\u2019importants moyens apr\u00e8s le d\u00e9clenchement d\u2019un feu de chaumes le long du cours d\u2019eau la Salaison, en bordure d\u2019une route d\u00e9partementale.<\/p>\n<p>    <a href=\"https:\/\/www.google.com\/maps\/embed?pb=!1m18!1m12!1m3!1d23114.090373704526!2d3.8338559999999995!3d43.6011008!2m3!1f0!2f0!3f0!3m2!1i1024!2i768!4f13.1!3m3!1m2!1s0x12b6a310cec356c1%3A0x4078821166ac570!2s34130%20Mauguio!5e0!3m2!1sfr!2sfr!4v1755432250312!5m2!1sfr!2sfr\" title=\"Ouvrie le lien\" rel=\"nofollow noopener\" target=\"_blank\">Cliquez ici pour visualiser le contenu<\/a><\/p>\n<p class=\" wall-content\">Un avion Dash, en guet a\u00e9rien arm\u00e9, a effectu\u00e9 un largage qui s\u2019est r\u00e9v\u00e9l\u00e9 d\u00e9cisif. Ce renfort a permis aux \u00e9quipes au sol de stopper rapidement la propagation. Quatre hectares environ ont \u00e9t\u00e9 parcourus par les flammes. Deux groupes d\u2019intervention feux de for\u00eats ont \u00e9t\u00e9 engag\u00e9s. Un petit mas, menac\u00e9, a \u00e9t\u00e9 prot\u00e9g\u00e9 par l\u2019action a\u00e9rienne. L\u2019\u00e9volution de la situation est jug\u00e9e favorable. L\u2019origine du sinistre n\u2019a pas \u00e9t\u00e9 pr\u00e9cis\u00e9e.<\/p>\n<p>Un deuxi\u00e8me feu ma\u00eetris\u00e9 pr\u00e8s de la plage<\/p>\n<p class=\" wall-content\">Peu apr\u00e8s, un second d\u00e9part de feu a \u00e9t\u00e9 signal\u00e9 sur le parking du Petit Travers, \u00e0 Mauguio-Carnon. L\u2019alerte faisait craindre un incendie de v\u00e9hicule. Finalement, il s\u2019agissait d\u2019un foyer limit\u00e9 \u00e0 la v\u00e9g\u00e9tation. Les flammes ont touch\u00e9 les herbes s\u00e8ches \u00e0 proximit\u00e9 mais n\u2019ont pas atteint de voiture. L\u2019intervention des sapeurs-pompiers a permis une extinction rapide.<\/p>\n<p class=\" wall-content\">Suivez toute l\u2019actualit\u00e9 de vos villes et m\u00e9dias favoris en vous inscrivant \u00e0 <a href=\"https:\/\/moncompte.actu.fr\" title=\"D\u00e9couvez Mon Actu\" rel=\"nofollow noopener\" data-trk=\"{&quot;cta&quot;:{&quot;action&quot;:&quot;https:\\\/\\\/moncompte.actu.fr&quot;,&quot;category&quot;:&quot;mon compte&quot;,&quot;from&quot;:&quot;article footer&quot;,&quot;name&quot;:&quot;Mon actu&quot;,&quot;type&quot;:&quot;cta&quot;}}\" target=\"_blank\">Mon Actu<\/a>.<\/p>\n","protected":false},"excerpt":{"rendered":"Par R\u00e9daction M\u00e9tropolitain Publi\u00e9 le 17 ao\u00fbt 2025 \u00e0 14h06 Les sapeurs-pompiers du d\u00e9partement de l\u2019H\u00e9rault ont \u00e9t\u00e9&hellip;\n","protected":false},"author":2,"featured_media":324816,"comment_status":"","ping_status":"","sticky":false,"template":"","format":"standard","meta":{"footnotes":""},"categories":[9599],"tags":[1111,11,1777,674,118,1011,27,1310,2208,12,2680,1311,25],"class_list":{"0":"post-324815","1":"post","2":"type-post","3":"status-publish","4":"format-standard","5":"has-post-thumbnail","7":"category-montpellier","8":"tag-actu","9":"tag-actualites","10":"tag-eu","11":"tag-europe","12":"tag-faits-divers","13":"tag-fr","14":"tag-france","15":"tag-incendie","16":"tag-montpellier","17":"tag-news","18":"tag-occitanie","19":"tag-pompiers","20":"tag-republique-francaise"},"share_on_mastodon":{"url":"https:\/\/pubeurope.com\/@fr\/115044050781047377","error":""},"_links":{"self":[{"href":"https:\/\/www.europesays.com\/fr\/wp-json\/wp\/v2\/posts\/324815","targetHints":{"allow":["GET"]}}],"collection":[{"href":"https:\/\/www.europesays.com\/fr\/wp-json\/wp\/v2\/posts"}],"about":[{"href":"https:\/\/www.europesays.com\/fr\/wp-json\/wp\/v2\/types\/post"}],"author":[{"embeddable":true,"href":"https:\/\/www.europesays.com\/fr\/wp-json\/wp\/v2\/users\/2"}],"replies":[{"embeddable":true,"href":"https:\/\/www.europesays.com\/fr\/wp-json\/wp\/v2\/comments?post=324815"}],"version-history":[{"count":0,"href":"https:\/\/www.europesays.com\/fr\/wp-json\/wp\/v2\/posts\/324815\/revisions"}],"wp:featuredmedia":[{"embeddable":true,"href":"https:\/\/www.europesays.com\/fr\/wp-json\/wp\/v2\/media\/324816"}],"wp:attachment":[{"href":"https:\/\/www.europesays.com\/fr\/wp-json\/wp\/v2\/media?parent=324815"}],"wp:term":[{"taxonomy":"category","embeddable":true,"href":"https:\/\/www.europesays.com\/fr\/wp-json\/wp\/v2\/categories?post=324815"},{"taxonomy":"post_tag","embeddable":true,"href":"https:\/\/www.europesays.com\/fr\/wp-json\/wp\/v2\/tags?post=324815"}],"curies":[{"name":"wp","href":"https:\/\/api.w.org\/{rel}","templated":true}]}}