{"id":324819,"date":"2025-08-17T12:16:33","date_gmt":"2025-08-17T12:16:33","guid":{"rendered":"https:\/\/www.europesays.com\/fr\/324819\/"},"modified":"2025-08-17T12:16:33","modified_gmt":"2025-08-17T12:16:33","slug":"lovelo-libre-service-1-million-de-km","status":"publish","type":"post","link":"https:\/\/www.europesays.com\/fr\/324819\/","title":{"rendered":"Lov\u00e9lo libre-service : 1 million de km !"},"content":{"rendered":"<p class=\"chapo\">Apr\u00e8s un an et demi de fonctionnement, le million de kilom\u00e8tres est atteint par les utilisateurs de LOV\u00c9LO libre-service.<\/p>\n<p>Les 677 v\u00e9los de la flotte en circulation cumulent un million de kilom\u00e8tres aux compteurs. Les pr\u00e8s de 47 000 utilisateurs de LOV\u00c9LO libre-service se sont donc extr\u00eamement bien appropri\u00e9 le service lors de ces 16 premiers mois, effectuant des trajets en moyenne de 1,9 km en semaine et 2,2 km le week-end.\u00a0<br \/>\u00c0 titre de comparaison, le service Cy\u2019Clic qui proposait une location libre service de v\u00e9los avant l\u2019arriv\u00e9e de LOV\u00c9LO totalisait 121 381 locations en un an (ann\u00e9e 2022), contre 410 951 locations pour LOV\u00c9LO en moins d\u2019un an (1er janvier 2024 au 26 novembre 2024).<\/p>\n<p><strong>Pour Nicolas Mayer-Rossignol, Maire de Rouen, Pr\u00e9sident de la M\u00e9tropole Rouen Normandie, Cyrille Moreau, Vice-Pr\u00e9sident en charge des transports, des mobilit\u00e9s d\u2019avenir et des modes actifs de d\u00e9placement et Juliette Biville, Conseill\u00e8re M\u00e9tropolitaine d\u00e9l\u00e9gu\u00e9e aux modes actifs de d\u00e9placement <\/strong>: \u00ab Le service LOV\u00c9LO libre-service est un succ\u00e8s. Nous sommes fiers de proposer une alternative facile, confortable et peu ch\u00e8re \u00e0 de courts trajets, jusqu\u2019ici souvent r\u00e9alis\u00e9s en voiture. C\u2019est une option de plus dans un panel de mobilit\u00e9s d\u00e9carbon\u00e9es, accessibles et adapt\u00e9es aux besoins des habitants et visiteurs : transports en commun, covoiturage, location longue dur\u00e9e Lov\u00e9lo, train\u2026 Nous continuons tous ensemble pour changer les mobilit\u00e9s d\u2019aujourd\u2019hui et le climat de demain. \u00bb<\/p>\n<p><strong>Les chiffres cl\u00e9s<\/strong><br \/>Parmi les 118 stations couvrant le territoire de la M\u00e9tropole, les cinq stations les plus fr\u00e9quent\u00e9es sont :<\/p>\n<ul>\n<li>Gare Rouen Rive-Droite ;<\/li>\n<li>Saint-Marc Sud ;\u00a0<\/li>\n<li>Th\u00e9\u00e2tre des Arts ;<\/li>\n<li>Fac de Droit ;<\/li>\n<li>Vieux-March\u00e9.<br \/>\u00a0<\/li>\n<\/ul>\n<p>Les trajets les plus souvent r\u00e9alis\u00e9s sont : Gare de Rouen vers Fac de Droit, Lieutenant-Aubert vers CHU, Vieux-March\u00e9 Nord vers Saint-Marc Sud et Gare de Rouen vers Saint-Marc Sud.<\/p>\n","protected":false},"excerpt":{"rendered":"Apr\u00e8s un an et demi de fonctionnement, le million de kilom\u00e8tres est atteint par les utilisateurs de LOV\u00c9LO&hellip;\n","protected":false},"author":2,"featured_media":324820,"comment_status":"","ping_status":"","sticky":false,"template":"","format":"standard","meta":{"footnotes":""},"categories":[9587],"tags":[1111,11,1777,674,1011,27,12,5161,25,9590],"class_list":{"0":"post-324819","1":"post","2":"type-post","3":"status-publish","4":"format-standard","5":"has-post-thumbnail","7":"category-rouen","8":"tag-actu","9":"tag-actualites","10":"tag-eu","11":"tag-europe","12":"tag-fr","13":"tag-france","14":"tag-news","15":"tag-normandie","16":"tag-republique-francaise","17":"tag-rouen"},"share_on_mastodon":{"url":"https:\/\/pubeurope.com\/@fr\/115044062482269015","error":""},"_links":{"self":[{"href":"https:\/\/www.europesays.com\/fr\/wp-json\/wp\/v2\/posts\/324819","targetHints":{"allow":["GET"]}}],"collection":[{"href":"https:\/\/www.europesays.com\/fr\/wp-json\/wp\/v2\/posts"}],"about":[{"href":"https:\/\/www.europesays.com\/fr\/wp-json\/wp\/v2\/types\/post"}],"author":[{"embeddable":true,"href":"https:\/\/www.europesays.com\/fr\/wp-json\/wp\/v2\/users\/2"}],"replies":[{"embeddable":true,"href":"https:\/\/www.europesays.com\/fr\/wp-json\/wp\/v2\/comments?post=324819"}],"version-history":[{"count":0,"href":"https:\/\/www.europesays.com\/fr\/wp-json\/wp\/v2\/posts\/324819\/revisions"}],"wp:featuredmedia":[{"embeddable":true,"href":"https:\/\/www.europesays.com\/fr\/wp-json\/wp\/v2\/media\/324820"}],"wp:attachment":[{"href":"https:\/\/www.europesays.com\/fr\/wp-json\/wp\/v2\/media?parent=324819"}],"wp:term":[{"taxonomy":"category","embeddable":true,"href":"https:\/\/www.europesays.com\/fr\/wp-json\/wp\/v2\/categories?post=324819"},{"taxonomy":"post_tag","embeddable":true,"href":"https:\/\/www.europesays.com\/fr\/wp-json\/wp\/v2\/tags?post=324819"}],"curies":[{"name":"wp","href":"https:\/\/api.w.org\/{rel}","templated":true}]}}