{"id":324821,"date":"2025-08-17T12:20:10","date_gmt":"2025-08-17T12:20:10","guid":{"rendered":"https:\/\/www.europesays.com\/fr\/324821\/"},"modified":"2025-08-17T12:20:10","modified_gmt":"2025-08-17T12:20:10","slug":"un-corps-retrouve-sur-le-bas-cote-de-la-rocade-sud","status":"publish","type":"post","link":"https:\/\/www.europesays.com\/fr\/324821\/","title":{"rendered":"Un corps retrouv\u00e9 sur le bas-c\u00f4t\u00e9 de la rocade sud"},"content":{"rendered":"<p>Le drame a sem\u00e9 la pagaille sur les routes bien charg\u00e9es des vacances Un corps a \u00e9t\u00e9 retrouv\u00e9 <a href=\"https:\/\/www.20minutes.fr\/monde\/4168138-20250815-algerie-bus-tombe-pont-alger-moins-18-morts\" target=\"_blank\" class=\"c-link c-link--is-underlined\" rel=\"nofollow noopener\">au pied d\u2019un pont<\/a> ce dimanche matin sur la rocade sud en direction de <a href=\"https:\/\/www.20minutes.fr\/grenoble\/\" target=\"_blank\" class=\"c-link c-link--is-underlined\" rel=\"nofollow noopener\">Grenoble<\/a> (Is\u00e8re).<\/p>\n<p>Appel\u00e9s aux alentours de 6 heures du matin, le Samu et <a href=\"https:\/\/www.20minutes.fr\/societe\/4165846-20250730-incendies-certaines-casernes-appel-secours-pourquoi-manque-pompiers-volontaires\" target=\"_blank\" class=\"c-link c-link--is-underlined\" rel=\"nofollow noopener\">les pompiers<\/a> ont constat\u00e9 le d\u00e9c\u00e8s de l\u2019individu une fois sur place.<\/p>\n<p>\u00ab\u00a0Percut\u00e9 par plusieurs v\u00e9hicules\u00a0\u00bb<\/p>\n<p>Selon les informations du <a href=\"https:\/\/www.ledauphine.com\/faits-divers-justice\/2025\/08\/17\/le-corps-d-une-femme-retrouve-sur-la-rocade-sud\" target=\"_blank\" class=\"c-link c-link--is-underlined\" rel=\"nofollow noopener\">Dauphin\u00e9 Lib\u00e9r\u00e9<\/a>, \u00ab\u00a0il s\u2019agirait d\u2019un homme qui a probablement saut\u00e9 du pont avant d\u2019\u00eatre percut\u00e9 par plusieurs v\u00e9hicules\u00a0\u00bb.<\/p>\n<\/p>\n<p>En cons\u00e9quence, la route a \u00e9t\u00e9 ferm\u00e9e entre Saint-Martin-d\u2019H\u00e8res et \u00c9chirolles dans le sens est-ouest pour permettre aux forces de l\u2019ordre d\u2019intervenir et de tenter d\u2019identifier plus pr\u00e9cis\u00e9ment la victime. Une d\u00e9couverte qui a fortement perturb\u00e9 le trafic, alors que la p\u00e9riode de vacances estivales s\u2019approche de sa fin.<\/p>\n","protected":false},"excerpt":{"rendered":"Le drame a sem\u00e9 la pagaille sur les routes bien charg\u00e9es des vacances Un corps a \u00e9t\u00e9 retrouv\u00e9&hellip;\n","protected":false},"author":2,"featured_media":324822,"comment_status":"","ping_status":"","sticky":false,"template":"","format":"standard","meta":{"footnotes":""},"categories":[9566],"tags":[1111,47,11,2430,1777,674,118,1011,27,2731,108,12,1311,25,2431,14322,26636],"class_list":{"0":"post-324821","1":"post","2":"type-post","3":"status-publish","4":"format-standard","5":"has-post-thumbnail","7":"category-grenoble","8":"tag-actu","9":"tag-actualite","10":"tag-actualites","11":"tag-auvergne-rhone-alpes","12":"tag-eu","13":"tag-europe","14":"tag-faits-divers","15":"tag-fr","16":"tag-france","17":"tag-grenoble","18":"tag-isere","19":"tag-news","20":"tag-pompiers","21":"tag-republique-francaise","22":"tag-rhone-alpes","23":"tag-samu","24":"tag-trafic-routier"},"share_on_mastodon":{"url":"https:\/\/pubeurope.com\/@fr\/115044078240445825","error":""},"_links":{"self":[{"href":"https:\/\/www.europesays.com\/fr\/wp-json\/wp\/v2\/posts\/324821","targetHints":{"allow":["GET"]}}],"collection":[{"href":"https:\/\/www.europesays.com\/fr\/wp-json\/wp\/v2\/posts"}],"about":[{"href":"https:\/\/www.europesays.com\/fr\/wp-json\/wp\/v2\/types\/post"}],"author":[{"embeddable":true,"href":"https:\/\/www.europesays.com\/fr\/wp-json\/wp\/v2\/users\/2"}],"replies":[{"embeddable":true,"href":"https:\/\/www.europesays.com\/fr\/wp-json\/wp\/v2\/comments?post=324821"}],"version-history":[{"count":0,"href":"https:\/\/www.europesays.com\/fr\/wp-json\/wp\/v2\/posts\/324821\/revisions"}],"wp:featuredmedia":[{"embeddable":true,"href":"https:\/\/www.europesays.com\/fr\/wp-json\/wp\/v2\/media\/324822"}],"wp:attachment":[{"href":"https:\/\/www.europesays.com\/fr\/wp-json\/wp\/v2\/media?parent=324821"}],"wp:term":[{"taxonomy":"category","embeddable":true,"href":"https:\/\/www.europesays.com\/fr\/wp-json\/wp\/v2\/categories?post=324821"},{"taxonomy":"post_tag","embeddable":true,"href":"https:\/\/www.europesays.com\/fr\/wp-json\/wp\/v2\/tags?post=324821"}],"curies":[{"name":"wp","href":"https:\/\/api.w.org\/{rel}","templated":true}]}}