{"id":324823,"date":"2025-08-17T12:22:15","date_gmt":"2025-08-17T12:22:15","guid":{"rendered":"https:\/\/www.europesays.com\/fr\/324823\/"},"modified":"2025-08-17T12:22:15","modified_gmt":"2025-08-17T12:22:15","slug":"om-soldat-utile-la-note-de-murillo","status":"publish","type":"post","link":"https:\/\/www.europesays.com\/fr\/324823\/","title":{"rendered":"OM : Soldat, utile&#8230; La note de Murillo !"},"content":{"rendered":"<p data-pm-slice=\"1 1 []\"><strong>L\u2019OM s\u2019est inclin\u00e9 1-0 \u00e0 Rennes lors de la 1e journ\u00e9e de Ligue 1. Pourtant \u00e0 11 contre 1\u00e0 d\u00e8s la 30e minute, les Marseillais n\u2019ont pas r\u00e9ussi \u00e0 contourner la d\u00e9fense bretonne. Voici la note et l\u2019appr\u00e9ciation d\u2019Amir Murillo lors de cette rencontre.<\/strong><\/p>\n<p>\u00a0<\/p>\n<p><strong>L\u2019Olympique de Marseille<\/strong> s\u2019est inclin\u00e9 1-0 face \u00e0 Rennes avec un but encaiss\u00e9 dans les arr\u00eats de jeu.\u00a0Malgr\u00e9 une domination nette en possession (pr\u00e8s de 72\u202f%) et de nombreuses attaques, l\u2019Olympique de Marseille n\u2019a pas su concr\u00e9tiser face \u00e0 une d\u00e9fense rennaise tr\u00e8s en place.<\/p>\n<p>Rennes a jou\u00e9 plus d\u2019une heure \u00e0 dix apr\u00e8s l\u2019expulsion d\u2019A\u00eft\u2011Boudlal pour une semelle (31e minute), et pourtant est rest\u00e9 solide et disciplin\u00e9.\u00a0L\u2019OM a touch\u00e9 le bois \u00e0 deux reprises : un tir d\u2019Adrien Rabiot juste avant la pause, et une t\u00eate d\u2019Amir Murillo en seconde mi\u2011temps<\/p>\n<p>\u00a0<\/p>\n<blockquote class=\"twitter-tweet-lazy\">\n<p dir=\"ltr\" lang=\"fr\">\u201cJe pense que Aubam part avec une longueur d\u2019avance dans l\u2019esprit de De Zerbi\u201d (Mamadou Niang)<\/p>\n<p>L\u2019int\u00e9gralit\u00e9 du debrief Rennes OM (1-0) avec Mamad ici : <a href=\"https:\/\/t.co\/U8EUaYJngs\" rel=\"nofollow\">https:\/\/t.co\/U8EUaYJngs<\/a><a href=\"https:\/\/t.co\/U8EUaYJngs\" rel=\"nofollow\">https:\/\/t.co\/U8EUaYJngs<\/a><a href=\"https:\/\/t.co\/U8EUaYJngs\" rel=\"nofollow\">https:\/\/t.co\/U8EUaYJngs<\/a> <a href=\"https:\/\/t.co\/bzfq2ukHpJ\" rel=\"nofollow\">pic.twitter.com\/bzfq2ukHpJ<\/a><\/p>\n<p>\u2014 Football Club de Marseille (@FCMarseille) <a href=\"https:\/\/twitter.com\/FCMarseille\/status\/1956637113442586717?ref_src=twsrc%5Etfw\" rel=\"nofollow noopener\" target=\"_blank\">August 16, 2025<\/a><\/p>\n<\/blockquote>\n<p>Un rouge, deux poteaux<\/p>\n<p>\u00a0<\/p>\n<p>Quentin\u202fMerlin, pr\u00e9sent pour sa premi\u00e8re sous le maillot rennais, a d\u00e9livr\u00e9 une passe d\u00e9cisive parfaite pour Ludovic Blas en fin de match.\u00a0Ludovic Blas, entr\u00e9 en cours de jeu, a trouv\u00e9 l\u2019ouverture dans le temps additionnel (90e+1) en glissant le ballon au fond des filets de Rulli.<\/p>\n<p>C\u2019est une victoire surprise pour Rennes, qui a r\u00e9sist\u00e9 jusqu\u2019\u00e0 la fin contre une \u00e9quipe marseillaise venue avec de grandes ambitions offensives.\u00a0Cette d\u00e9sillusion inaugure mal la saison pour l\u2019OM de Roberto De\u202fZerbi : malgr\u00e9 les recrues et le potentiel offensif, le manque de tranchant et de r\u00e9alisme laisse entrevoir des difficult\u00e9s \u00e0 venir.<\/p>\n<p>\u00a0<\/p>\n<p>A lire aussi : <a href=\"https:\/\/www.footballclubdemarseille.fr\/om-actualites\/mercato-om-ca-saccelere-pour-joel-ordonez.html#google_vignette\" target=\"_blank\" rel=\"noopener nofollow\">Mercato OM : \u00e7a s\u2019acc\u00e9l\u00e8re pour Joel Ordo\u00f1ez !<\/a><\/p>\n<p>La note d\u2019Amir Murillo : 6\/10<\/p>\n<p>\u00a0<\/p>\n<p><img loading=\"lazy\" decoding=\"async\" class=\"alignnone  wp-image-330238\" src=\"data:image\/svg+xml,%3Csvg%20xmlns=\" http:=\"\" alt=\"\" width=\"631\" height=\"377\" data-lazy-src=\"https:\/\/www.europesays.com\/fr\/wp-content\/uploads\/2025\/08\/Murillo-conf-2023.jpg\"\/><\/p>\n<p>Son appr\u00e9ciation\u00a0<\/p>\n<blockquote>\n<p><strong>Positionn\u00e9 \u00e0 contre-emploi sur le flanc gauche, Murillo a livr\u00e9 une prestation courageuse mais imparfaite.<\/strong> S\u2019il a montr\u00e9 de l\u2019activit\u00e9 dans les temps faibles, son d\u00e9chet technique a parfois frein\u00e9 les actions marseillaises. En phase de possession, il a souvent jou\u00e9 tr\u00e8s \u00e0 l\u2019int\u00e9rieur, presque comme un second attaquant, apportant du surnombre sans vraiment peser. Il est \u00e0 l\u2019origine du tournant du match, lorsqu\u2019A\u00eft\u2011Boudlal lui \u00e9crase involontairement la cheville, entra\u00eenant l\u2019expulsion du Rennais \u00e0 la 31e minute. Moins en vue en seconde p\u00e9riode, il a \u00e9t\u00e9 remplac\u00e9 par Garcia \u00e0 la 78e minute. Un soldat qui aura son mot \u00e0 dire cette saison !<\/p>\n<\/blockquote>\n<p>\u00a0<\/p>\n<\/p>\n<p>\u00a0<\/p>\n<p>Les notes des m\u00e9dias<\/p>\n<p>\u00a0<\/p>\n<tr>\n<td style=\"width: 13.1179%;\">Note de <a href=\"https:\/\/www.laprovence.com\/article\/om\/4105110402259914\/rennes-om-egan-riley-rassure-gouiri-en-dedans-decouvrez-les-notes-des-olympiens\" target=\"_blank\" rel=\"noopener nofollow\">L\u2019Equipe<\/a><\/td>\n<td style=\"width: 6.1234%; text-align: center;\"><strong>6\/10<\/strong><\/td>\n<td style=\"width: 80.7585%;\">\n<p>Toujours utile dans les temps faibles, malgr\u00e9 son d\u00e9chet, le soldat panam\u00e9en a plut\u00f4t bien d\u00e9pann\u00e9 dans le couloir gauche, en jouant tr\u00e8s \u00e0 l\u2019int\u00e9rieur en phase de possession, presque comme un second attaquant. Il \u00ab\u00a0provoque\u00a0\u00bb malgr\u00e9 lui l\u2019expulsion d\u2019A\u00eft-Boudlal, qui lui \u00e9crase la cheville (31e). Remplac\u00e9 par\u00a0GARCIA\u00a0(78e).<\/p>\n<\/td>\n<\/tr>\n<tr>\n<td style=\"width: 13.1179%;\">Note de <a href=\"https:\/\/www.laprovence.com\/article\/om\/4105110402259914\/rennes-om-egan-riley-rassure-gouiri-en-dedans-decouvrez-les-notes-des-olympiens\" target=\"_blank\" rel=\"noopener nofollow\">La Provence<\/a><\/td>\n<td style=\"width: 6.1234%; text-align: center;\"><strong>5,5\/10<\/strong><\/td>\n<td style=\"width: 80.7585%;\">\n<p>Plac\u00e9 en lat\u00e9ral gauche hybride, le Panam\u00e9en a appliqu\u00e9 les consignes. Des interceptions bien senties et des appels rest\u00e9s sans r\u00e9ponse \u00e0 son actif, et m\u00eame une t\u00eate sur le poteau breton (58). Mais il a surtout permis \u00e0 A\u00eft-Boudlal d\u2019\u00eatre expuls\u00e9 apr\u00e8s une vilaine faute (28). Sorti au profit de Garcia (78).<\/p>\n<\/td>\n<\/tr>\n<tr>\n<td style=\"width: 13.1179%;\">Note de <a href=\"https:\/\/www.maxifoot.fr\/football\/article-61083.htm\" target=\"_blank\" rel=\"noopener nofollow\">Maxifoot<\/a><\/td>\n<td style=\"width: 6.1234%; text-align: center;\"><strong>5,5\/10<\/strong><\/td>\n<td style=\"width: 80.7585%;\">Positionn\u00e9 sur le c\u00f4t\u00e9 gauche, l\u2019habituel lat\u00e9ral droit de l\u2019Olympique de Marseille a rendu une copie s\u00e9rieuse. Sur le plan d\u00e9fensif, l\u2019international panam\u00e9en a \u00e9t\u00e9 attentif pour surveiller les mont\u00e9es de Frankowski. Dans ses mont\u00e9es, il a parfois int\u00e9gr\u00e9 l\u2019entrejeu pour cr\u00e9er des d\u00e9calages. Et le Phoc\u00e9en a \u00e9t\u00e9 dangereux avec une t\u00eate sur le poteau de Samba apr\u00e8s la pause. A noter qu\u2019il a provoqu\u00e9 l\u2019expulsion d\u2019A\u00eft Boudlal.<\/td>\n<\/tr>\n<tr>\n<td style=\"width: 13.1179%;\">Note de <a href=\"https:\/\/www.footmercato.net\/a4325842833607059623-rennes-om-les-notes-du-match\" target=\"_blank\" rel=\"noopener nofollow\">FootMercato<\/a><\/td>\n<td style=\"width: 6.1234%; text-align: center;\"><strong>6\/10<\/strong><\/td>\n<td style=\"width: 80.7585%;\">Pr\u00e9f\u00e9r\u00e9 \u00e0 Garcia pour d\u00e9buter ce premier match de la saison 2025-2026, le Panam\u00e9en aux 85 s\u00e9lections n\u2019aura pas souvent \u00e9volu\u00e9 dans le couloir gauche. Int\u00e9gr\u00e9 au milieu marseillais pour apporter le surnombre, le num\u00e9ro 62 olympien a montr\u00e9 une tr\u00e8s belle activit\u00e9, provoquant par ailleurs l\u2019expulsion du jeune A\u00eft-Boudlal. Souvent port\u00e9 vers l\u2019avant, il \u00e9tait tout proche de d\u00e9livrer les siens sur un centre de Weah mais sa t\u00eate trouvait le poteau de Samba (58e).<\/td>\n<\/tr>\n<p>            <script async src=\"https:\/\/platform.twitter.com\/widgets.js\" charset=\"utf-8\"><\/script><\/p>\n","protected":false},"excerpt":{"rendered":"L\u2019OM s\u2019est inclin\u00e9 1-0 \u00e0 Rennes lors de la 1e journ\u00e9e de Ligue 1. Pourtant \u00e0 11 contre&hellip;\n","protected":false},"author":2,"featured_media":324824,"comment_status":"","ping_status":"","sticky":false,"template":"","format":"standard","meta":{"footnotes":""},"categories":[2821],"tags":[1111,11,829,1777,674,1011,27,12,584,25],"class_list":{"0":"post-324823","1":"post","2":"type-post","3":"status-publish","4":"format-standard","5":"has-post-thumbnail","7":"category-rennes","8":"tag-actu","9":"tag-actualites","10":"tag-bretagne","11":"tag-eu","12":"tag-europe","13":"tag-fr","14":"tag-france","15":"tag-news","16":"tag-rennes","17":"tag-republique-francaise"},"share_on_mastodon":{"url":"https:\/\/pubeurope.com\/@fr\/115044086124543819","error":""},"_links":{"self":[{"href":"https:\/\/www.europesays.com\/fr\/wp-json\/wp\/v2\/posts\/324823","targetHints":{"allow":["GET"]}}],"collection":[{"href":"https:\/\/www.europesays.com\/fr\/wp-json\/wp\/v2\/posts"}],"about":[{"href":"https:\/\/www.europesays.com\/fr\/wp-json\/wp\/v2\/types\/post"}],"author":[{"embeddable":true,"href":"https:\/\/www.europesays.com\/fr\/wp-json\/wp\/v2\/users\/2"}],"replies":[{"embeddable":true,"href":"https:\/\/www.europesays.com\/fr\/wp-json\/wp\/v2\/comments?post=324823"}],"version-history":[{"count":0,"href":"https:\/\/www.europesays.com\/fr\/wp-json\/wp\/v2\/posts\/324823\/revisions"}],"wp:featuredmedia":[{"embeddable":true,"href":"https:\/\/www.europesays.com\/fr\/wp-json\/wp\/v2\/media\/324824"}],"wp:attachment":[{"href":"https:\/\/www.europesays.com\/fr\/wp-json\/wp\/v2\/media?parent=324823"}],"wp:term":[{"taxonomy":"category","embeddable":true,"href":"https:\/\/www.europesays.com\/fr\/wp-json\/wp\/v2\/categories?post=324823"},{"taxonomy":"post_tag","embeddable":true,"href":"https:\/\/www.europesays.com\/fr\/wp-json\/wp\/v2\/tags?post=324823"}],"curies":[{"name":"wp","href":"https:\/\/api.w.org\/{rel}","templated":true}]}}