{"id":324825,"date":"2025-08-17T12:24:15","date_gmt":"2025-08-17T12:24:15","guid":{"rendered":"https:\/\/www.europesays.com\/fr\/324825\/"},"modified":"2025-08-17T12:24:15","modified_gmt":"2025-08-17T12:24:15","slug":"une-logique-destructrice-les-ultras-sen-prennent-encore-a-blueco-malgre-un-mercato-record","status":"publish","type":"post","link":"https:\/\/www.europesays.com\/fr\/324825\/","title":{"rendered":"\u00ab\u00a0Une logique destructrice\u00a0\u00bb, les Ultras s&rsquo;en prennent encore \u00e0 BlueCo malgr\u00e9 un mercato record"},"content":{"rendered":"<p class=\"mb-4 text-lg md:leading-8 break-words\">Les supporters du Racing s&rsquo;attaquent \u00e0 nouveau \u00e0 la multipropri\u00e9t\u00e9. Depuis juin 2023, le consortium BlueCo, \u00e0 la t\u00eate de <a href=\"https:\/\/fr.news.yahoo.com\/sport\/chelsea-violent-tacle-maresca-%C3%A0-100526140.html\" data-ylk=\"slk:Chelsea;elm:context_link;itc:0;sec:content-canvas;outcm:mb_qualified_link;_E:mb_qualified_link;ct:story;\" class=\"link  yahoo-link\" target=\"_blank\" rel=\"noopener\">Chelsea<\/a> depuis mai 2022, est l&rsquo;actionnaire majoritaire de Strasbourg. Ce statut de nouveau riche, avec plus de 100 millions d&rsquo;euros investis cet \u00e9t\u00e9 sur le mercato, n&rsquo;est pas pour autant au go\u00fbt des Ultras.<\/p>\n<p class=\"mb-4 text-lg md:leading-8 break-words\">En marge d&rsquo;un message pour les festivit\u00e9s \u00e0 venir en vue de son 35e anniversaire, le groupe Ultra Boys 90 a rappel\u00e9 sa position sur la situation actuelle. \u00ab\u00a0Le mercato effectu\u00e9 jusqu&rsquo;ici prouve jusqu&rsquo;\u00e0 l&rsquo;absurde que le Racing n&rsquo;est plus un club qui prend des d\u00e9cisions pour son propre int\u00e9r\u00eat\u00a0\u00bb, regrettent les Ultras. \u00ab\u00a0Nous assistons au contraire \u00e0 une fuite en avant o\u00f9 Chelsea m\u00e8ne la barque au d\u00e9triment de l&rsquo;ind\u00e9pendance de notre club.\u00a0\u00bb<\/p>\n<p>\u00ab\u00a0On tente de nous imposer un mod\u00e8le o\u00f9 les clubs sont g\u00e9r\u00e9s comme des franchises de fast-food\u00a0\u00bb<\/p>\n<p class=\"mb-4 text-lg md:leading-8 break-words\">Les Ultra Boys 90 regrettent aussi une promesse non-tenue du co-propri\u00e9taire Behdad Eghbali, qui devait rencontrer le groupe en fin de saison derni\u00e8re. \u00ab\u00a0Le probl\u00e8me li\u00e9 \u00e0 la multipropri\u00e9t\u00e9 est profond, c&rsquo;est une logique destructrice qui transforme des clubs historiques en pi\u00e8ces interchangeables d&rsquo;un portefeuille globalis\u00e9, et ce syst\u00e8me a tendance \u00e0 se g\u00e9n\u00e9raliser\u00a0\u00bb, pointent les supporters. \u00ab\u00a0Il faut que nos l\u00e9gislateurs s&#8217;emparent rapidement de ce sujet afin de mettre fin aux d\u00e9rives qu&rsquo;il engendre.\u00a0\u00bb<\/p>\n<p class=\"mb-4 text-lg md:leading-8 break-words\">Septi\u00e8me de<a href=\"https:\/\/fr.news.yahoo.com\/sport\/ligue-1-casse-t%C3%AAte-metz-142128435.html\" data-ylk=\"slk:Ligue 1;elm:context_link;itc:0;sec:content-canvas;outcm:mb_qualified_link;_E:mb_qualified_link;ct:story;\" class=\"link  yahoo-link\" target=\"_blank\" rel=\"noopener\"> Ligue 1 <\/a>la saison derni\u00e8re,<a href=\"https:\/\/fr.news.yahoo.com\/sport\/ligue-conf%C3%A9rence-strasbourg-conna%C3%AEt-adversaire-043814059.html\" data-ylk=\"slk:Strasbourg;elm:context_link;itc:0;sec:content-canvas;outcm:mb_qualified_link;_E:mb_qualified_link;ct:story;\" class=\"link  yahoo-link\" target=\"_blank\" rel=\"noopener\"> Strasbourg<\/a> jouera en Ligue Europa Conf\u00e9rence cette saison. \u00ab\u00a0Nous avons toujours d\u00e9fendu un football enracin\u00e9, populaire, port\u00e9 par des tribunes vivantes et une historique unique. Aujourd&rsquo;hui, on tente de nous imposer un mod\u00e8le o\u00f9 les clubs sont g\u00e9r\u00e9s comme des franchises de fast-food\u00a0\u00bb, d\u00e9noncent les Ultra Boys 90. \u00ab\u00a0Les bons r\u00e9sultats actuels ne doivent pas aveugler ni interf\u00e9rer dans notre combat qui va bien au-del\u00e0 de la culture de l&rsquo;instant et des visions court-termistes de ce que propose le Racing sur le terrain.\u00a0\u00bb<\/p>\n<p class=\"mb-4 text-lg md:leading-8 break-words\">Les Ultra Boys continueront \u00ab\u00a0jusqu&rsquo;\u00e0 nouvel ordre\u00a0\u00bb de respecter un quart d&rsquo;heure de silence \u00e0 la Meinau avant d&rsquo;encourager l&rsquo;\u00e9quipe. \u00ab\u00a0Ce qui se passe au sein de notre club est trop grave pour que nous faisions comme si tout allait bien face au football authentique qui se meurt\u00a0\u00bb, peut-on encore lire dans le communiqu\u00e9 diffus\u00e9 sur les r\u00e9seaux sociaux. \u00ab\u00a0Nous continuerons \u00e0 d\u00e9noncer toutes les d\u00e9rives de la multipropri\u00e9t\u00e9 et de l&rsquo;ing\u00e9rence dans notre club.\u00a0\u00bb<\/p>\n<p class=\"mb-4 text-lg md:leading-8 break-words\"><a href=\"https:\/\/rmcsport.bfmtv.com\/football\/ligue-1\/strasbourg-une-logique-destructrice-les-ultras-s-en-prennent-encore-a-blue-co-malgre-un-mercato-record_AV-202508170170.html#xtor=AL-68\" rel=\"nofollow noopener\" target=\"_blank\" data-ylk=\"slk:Article original publi\u00e9 sur RMC Sport;elm:context_link;itc:0;sec:content-canvas\" class=\"link \">Article original publi\u00e9 sur RMC Sport<\/a><\/p>\n","protected":false},"excerpt":{"rendered":"Les supporters du Racing s&rsquo;attaquent \u00e0 nouveau \u00e0 la multipropri\u00e9t\u00e9. Depuis juin 2023, le consortium BlueCo, \u00e0 la&hellip;\n","protected":false},"author":2,"featured_media":324826,"comment_status":"","ping_status":"","sticky":false,"template":"","format":"standard","meta":{"footnotes":""},"categories":[2820],"tags":[1111,11,46187,1777,674,1011,27,775,203,12,2311,25,640],"class_list":{"0":"post-324825","1":"post","2":"type-post","3":"status-publish","4":"format-standard","5":"has-post-thumbnail","7":"category-strasbourg","8":"tag-actu","9":"tag-actualites","10":"tag-behdad-eghbali","11":"tag-eu","12":"tag-europe","13":"tag-fr","14":"tag-france","15":"tag-grand-est","16":"tag-la-tete","17":"tag-news","18":"tag-racing","19":"tag-republique-francaise","20":"tag-strasbourg"},"share_on_mastodon":{"url":"https:\/\/pubeurope.com\/@fr\/115044094011927473","error":""},"_links":{"self":[{"href":"https:\/\/www.europesays.com\/fr\/wp-json\/wp\/v2\/posts\/324825","targetHints":{"allow":["GET"]}}],"collection":[{"href":"https:\/\/www.europesays.com\/fr\/wp-json\/wp\/v2\/posts"}],"about":[{"href":"https:\/\/www.europesays.com\/fr\/wp-json\/wp\/v2\/types\/post"}],"author":[{"embeddable":true,"href":"https:\/\/www.europesays.com\/fr\/wp-json\/wp\/v2\/users\/2"}],"replies":[{"embeddable":true,"href":"https:\/\/www.europesays.com\/fr\/wp-json\/wp\/v2\/comments?post=324825"}],"version-history":[{"count":0,"href":"https:\/\/www.europesays.com\/fr\/wp-json\/wp\/v2\/posts\/324825\/revisions"}],"wp:featuredmedia":[{"embeddable":true,"href":"https:\/\/www.europesays.com\/fr\/wp-json\/wp\/v2\/media\/324826"}],"wp:attachment":[{"href":"https:\/\/www.europesays.com\/fr\/wp-json\/wp\/v2\/media?parent=324825"}],"wp:term":[{"taxonomy":"category","embeddable":true,"href":"https:\/\/www.europesays.com\/fr\/wp-json\/wp\/v2\/categories?post=324825"},{"taxonomy":"post_tag","embeddable":true,"href":"https:\/\/www.europesays.com\/fr\/wp-json\/wp\/v2\/tags?post=324825"}],"curies":[{"name":"wp","href":"https:\/\/api.w.org\/{rel}","templated":true}]}}