{"id":324829,"date":"2025-08-17T12:26:16","date_gmt":"2025-08-17T12:26:16","guid":{"rendered":"https:\/\/www.europesays.com\/fr\/324829\/"},"modified":"2025-08-17T12:26:16","modified_gmt":"2025-08-17T12:26:16","slug":"toulouse-surprend-logc-nice-en-toute-fin-de-rencontre","status":"publish","type":"post","link":"https:\/\/www.europesays.com\/fr\/324829\/","title":{"rendered":"Toulouse surprend l\u2019OGC Nice en toute fin de rencontre"},"content":{"rendered":"<p>La <a href=\"https:\/\/www.footmercato.net\/france\/ligue-1\/\" rel=\"nofollow noopener\" target=\"_blank\">Ligue 1<\/a> est de retour depuis ce vendredi. Alors que l\u2019OM a \u00e9t\u00e9 surpris ce vendredi sur la pelouse de Rennes, l\u2019OL et l\u2019AS Monaco se sont respectivement impos\u00e9s face \u00e0 Lens et Le Havre ce samedi. Pour le dernier match de la journ\u00e9e, l\u2019OGC Nice recevait le <a href=\"https:\/\/www.footmercato.net\/club\/tfc\/\" rel=\"nofollow noopener\" target=\"_blank\">Toulouse<\/a> FC. Un match particulier pour les Aiglons qui viennent de se faire \u00e9liminer lors du troisi\u00e8me tour pr\u00e9liminaire de la Ligue des Champions un peu plus t\u00f4t dans la semaine face \u00e0 Benfica. Forc\u00e9ment, face \u00e0 leurs supporters, les hommes de Franck Haise avaient \u00e0 c\u0153ur de se racheter face \u00e0 des Violets toujours accrocheurs en Ligue 1.<\/p>\n<p>            La suite apr\u00e8s cette publicit\u00e9<\/p>\n<p>D\u2019entr\u00e9e, les Azur\u00e9ens ont mis de l\u2019intensit\u00e9. Aid\u00e9 par le retour d\u2019Hicham Boudaoui au milieu de terrain, <a href=\"https:\/\/www.footmercato.net\/club\/ogc-nice\/\" rel=\"nofollow noopener\" target=\"_blank\">Nice<\/a> s\u2019est procur\u00e9 une premi\u00e8re opportunit\u00e9 \u00e0 la 12e minute de jeu gr\u00e2ce au centre-tir vicieux de Jansson apr\u00e8s un corner jou\u00e9 \u00e0 deux. Quelques minutes plus tard, le Gym s\u2019est fait une \u00e9norme frayeur. Sur une passe en retrait anodine de Juma Bah, le ballon n\u2019a pas \u00e9t\u00e9 ma\u00eetris\u00e9 par Yehvann Diouf et s\u2019est \u00e9cras\u00e9 sur le poteau avant de longer la ligne de but (18e). Proche de marquer sur cette occasion lunaire, le T\u00e9f\u00e9c\u00e9 a allum\u00e9 la derni\u00e8re m\u00e8che de la premi\u00e8re p\u00e9riode avec le num\u00e9ro d\u2019un Yann Gboho en jambes lors du premier acte (45+1e).<\/p>\n<p>        Nice n\u2019a pas trouv\u00e9 la faille et a \u00e9t\u00e9 puni<\/p>\n<p>Au retour des vestiaires, Nice est revenu avec de bien meilleures intentions. Endormis lors du premier acte, les locaux ont remis le bleu de chauffe alors que Franck Haise a fait part de son m\u00e9contentement apr\u00e8s la premi\u00e8re p\u00e9riode au micro de Ligue 1+. Sous l\u2019impulsion d\u2019un Bouanani inspir\u00e9, Nice a failli ouvrir le score mais le jeune international alg\u00e9rien a vu sa frappe fuir le cadre de quelques centim\u00e8tres (50e). Quelques minutes plus tard, la frappe puissante de son compatriote Boudaoui a \u00e9t\u00e9 repouss\u00e9e par la parade exceptionnelle de Guillaume Restes (56e). Apr\u00e8s ce temps fort au retour des vestiaires, le rythme est encore retomb\u00e9. <\/p>\n<p>            La suite apr\u00e8s cette publicit\u00e9<\/p>\n<p>D\u00e9cid\u00e9ment peu inspir\u00e9 dans l\u2019\u00e9laboration de leurs offensives, le collectif ni\u00e7ois n\u2019a \u00e9galement pas montr\u00e9 une d\u00e9termination farouche \u00e0 l\u2019id\u00e9e de faire la diff\u00e9rence. De son c\u00f4t\u00e9, Toulouse a fait le dos rond avant de s\u2019activer en contre. Apr\u00e8s une premi\u00e8re alerte de Vossah (75e), Nice a \u00e9t\u00e9 surpris en toute fin de rencontre. Apr\u00e8s une belle percussion de Gboho, le ballon est revenu sur Djibril Sidib\u00e9 au second poteau. Sans calcul, le champion du monde 2018 a envoy\u00e9 une frappe lourde pour ouvrir le score et permettre aux siens de virer en t\u00eate au meilleur des moments (90e). Malgr\u00e9 huit minutes de temps additionnel, le score n\u2019a plus \u00e9volu\u00e9 et Toulouse s\u2019est offert une victoire de prestige \u00e0 l\u2019ext\u00e9rieur pour bien lancer sa saison. De son c\u00f4t\u00e9, Nice, auteur d\u2019un match d\u00e9cevant, confirme son mauvais d\u00e9but de cuv\u00e9e et s\u2019incline d\u00e8s son premier match dans l\u2019\u00e9lite cette saison. <\/p>\n<p>\n    Pub. le 16\/08\/2025 23:02<br \/>\n            &#8211; MAJ le 17\/08\/2025 11:30\n    <\/p>\n","protected":false},"excerpt":{"rendered":"La Ligue 1 est de retour depuis ce vendredi. Alors que l\u2019OM a \u00e9t\u00e9 surpris ce vendredi sur&hellip;\n","protected":false},"author":2,"featured_media":324830,"comment_status":"","ping_status":"","sticky":false,"template":"","format":"standard","meta":{"footnotes":""},"categories":[2819],"tags":[1111,11,1777,674,1011,27,12,2401,882,25],"class_list":{"0":"post-324829","1":"post","2":"type-post","3":"status-publish","4":"format-standard","5":"has-post-thumbnail","7":"category-nice","8":"tag-actu","9":"tag-actualites","10":"tag-eu","11":"tag-europe","12":"tag-fr","13":"tag-france","14":"tag-news","15":"tag-nice","16":"tag-provence-alpes-cote-dazur","17":"tag-republique-francaise"},"share_on_mastodon":{"url":"https:\/\/pubeurope.com\/@fr\/115044101845556791","error":""},"_links":{"self":[{"href":"https:\/\/www.europesays.com\/fr\/wp-json\/wp\/v2\/posts\/324829","targetHints":{"allow":["GET"]}}],"collection":[{"href":"https:\/\/www.europesays.com\/fr\/wp-json\/wp\/v2\/posts"}],"about":[{"href":"https:\/\/www.europesays.com\/fr\/wp-json\/wp\/v2\/types\/post"}],"author":[{"embeddable":true,"href":"https:\/\/www.europesays.com\/fr\/wp-json\/wp\/v2\/users\/2"}],"replies":[{"embeddable":true,"href":"https:\/\/www.europesays.com\/fr\/wp-json\/wp\/v2\/comments?post=324829"}],"version-history":[{"count":0,"href":"https:\/\/www.europesays.com\/fr\/wp-json\/wp\/v2\/posts\/324829\/revisions"}],"wp:featuredmedia":[{"embeddable":true,"href":"https:\/\/www.europesays.com\/fr\/wp-json\/wp\/v2\/media\/324830"}],"wp:attachment":[{"href":"https:\/\/www.europesays.com\/fr\/wp-json\/wp\/v2\/media?parent=324829"}],"wp:term":[{"taxonomy":"category","embeddable":true,"href":"https:\/\/www.europesays.com\/fr\/wp-json\/wp\/v2\/categories?post=324829"},{"taxonomy":"post_tag","embeddable":true,"href":"https:\/\/www.europesays.com\/fr\/wp-json\/wp\/v2\/tags?post=324829"}],"curies":[{"name":"wp","href":"https:\/\/api.w.org\/{rel}","templated":true}]}}