{"id":324831,"date":"2025-08-17T12:28:13","date_gmt":"2025-08-17T12:28:13","guid":{"rendered":"https:\/\/www.europesays.com\/fr\/324831\/"},"modified":"2025-08-17T12:28:13","modified_gmt":"2025-08-17T12:28:13","slug":"le-groupe-de-luis-enrique-pour-le-match-a-nantes-avec-une-grande-premiere","status":"publish","type":"post","link":"https:\/\/www.europesays.com\/fr\/324831\/","title":{"rendered":"le groupe de Luis Enrique pour le match \u00e0 Nantes, avec une grande premi\u00e8re"},"content":{"rendered":"<p><strong>L\u2019entra\u00eeneur du PSG, Luis Enrique, a d\u00e9voil\u00e9 son groupe appel\u00e9 \u00e0 affronter le FC Nantes \u00e0 la Beaujoire, ce soir, pour la 1\u00e8re journ\u00e9e de Ligue 1.<\/strong><\/p>\n<p><a href=\"https:\/\/www.butfootballclub.fr\/614134-psg-6-changements-dans-le-onze-pour-affronter-le-fc-nantes\/\" rel=\"noopener\" target=\"_blank\">S\u2019il devrait largement faire tourner son effectif<\/a>, ce soir \u00e0 Nantes pour la 1\u00e8re journ\u00e9e de Ligue 1, Luis Enrique a convoqu\u00e9 toutes ses forces vives. L\u2019entra\u00eeneur du <a href=\"https:\/\/www.butfootballclub.fr\/614056-psg-mercato-une-recrue-signee-au-portugal-la-semaine-prochaine\/\" rel=\"noopener\" target=\"_blank\">PSG<\/a> pourra ainsi envoyer ses stars au feu si jamais les choses tournent mal. La tendance est qu\u2019il change la moiti\u00e9 de son \u00e9quipe par rapport \u00e0 la Supercoupe d\u2019Europe face \u00e0 Tottenham (2-2, 4 t.a.b. \u00e0 2). Illya Zabarnyi, convoqu\u00e9 pour la premi\u00e8re fois, devrait ainsi conna\u00eetre sa premi\u00e8re titularisation sous le maillot parisien.<\/p>\n<p>Gardiens : Chevalier, Safonov, Marin.<br \/>D\u00e9fenseurs : Hakimi, Beraldo, Marquinhos, Zabarnyi, Hernandez, Mendes, Pacho.<br \/>Milieux : Ruiz, Vitinha, Lee, Za\u00efre-Emery, Mbaye.<br \/>Attaquants : Kvaratskhelia, Ramos, Demb\u00e9l\u00e9, Dou\u00e9, Barcola.<\/p>\n","protected":false},"excerpt":{"rendered":"L\u2019entra\u00eeneur du PSG, Luis Enrique, a d\u00e9voil\u00e9 son groupe appel\u00e9 \u00e0 affronter le FC Nantes \u00e0 la Beaujoire,&hellip;\n","protected":false},"author":2,"featured_media":324832,"comment_status":"","ping_status":"","sticky":false,"template":"","format":"standard","meta":{"footnotes":""},"categories":[2818],"tags":[1111,11,448,1777,674,63,1011,27,66,3388,766,12,2636,25,10662],"class_list":{"0":"post-324831","1":"post","2":"type-post","3":"status-publish","4":"format-standard","5":"has-post-thumbnail","7":"category-nantes","8":"tag-actu","9":"tag-actualites","10":"tag-champions-league","11":"tag-eu","12":"tag-europe","13":"tag-football","14":"tag-fr","15":"tag-france","16":"tag-ligue-1","17":"tag-matchs","18":"tag-nantes","19":"tag-news","20":"tag-pays-de-la-loire","21":"tag-republique-francaise","22":"tag-transferts"},"share_on_mastodon":{"url":"https:\/\/pubeurope.com\/@fr\/115044109826454277","error":""},"_links":{"self":[{"href":"https:\/\/www.europesays.com\/fr\/wp-json\/wp\/v2\/posts\/324831","targetHints":{"allow":["GET"]}}],"collection":[{"href":"https:\/\/www.europesays.com\/fr\/wp-json\/wp\/v2\/posts"}],"about":[{"href":"https:\/\/www.europesays.com\/fr\/wp-json\/wp\/v2\/types\/post"}],"author":[{"embeddable":true,"href":"https:\/\/www.europesays.com\/fr\/wp-json\/wp\/v2\/users\/2"}],"replies":[{"embeddable":true,"href":"https:\/\/www.europesays.com\/fr\/wp-json\/wp\/v2\/comments?post=324831"}],"version-history":[{"count":0,"href":"https:\/\/www.europesays.com\/fr\/wp-json\/wp\/v2\/posts\/324831\/revisions"}],"wp:featuredmedia":[{"embeddable":true,"href":"https:\/\/www.europesays.com\/fr\/wp-json\/wp\/v2\/media\/324832"}],"wp:attachment":[{"href":"https:\/\/www.europesays.com\/fr\/wp-json\/wp\/v2\/media?parent=324831"}],"wp:term":[{"taxonomy":"category","embeddable":true,"href":"https:\/\/www.europesays.com\/fr\/wp-json\/wp\/v2\/categories?post=324831"},{"taxonomy":"post_tag","embeddable":true,"href":"https:\/\/www.europesays.com\/fr\/wp-json\/wp\/v2\/tags?post=324831"}],"curies":[{"name":"wp","href":"https:\/\/api.w.org\/{rel}","templated":true}]}}