{"id":324833,"date":"2025-08-17T12:29:19","date_gmt":"2025-08-17T12:29:19","guid":{"rendered":"https:\/\/www.europesays.com\/fr\/324833\/"},"modified":"2025-08-17T12:29:19","modified_gmt":"2025-08-17T12:29:19","slug":"416-c-a-bordeaux-le-11-aout-2025-un-record-absolu-vraiment","status":"publish","type":"post","link":"https:\/\/www.europesays.com\/fr\/324833\/","title":{"rendered":"41,6\u00a0\u00b0C \u00e0 Bordeaux le 11\u00a0ao\u00fbt 2025\u00a0: un \u00ab\u00a0record absolu\u00a0\u00bb, vraiment\u00a0?"},"content":{"rendered":"<p><a href=\"https:\/\/www.sudouest.fr\/environnement\/climat\/canicule\/canicule-en-gironde-apres-des-records-absolus-lundi-les-temperatures-suffocantes-continuent-jusqu-a-40-0c-ce-mardi-25532886.php#:~:text=Des%20records%20absolus%20de%20temp%C3%A9rature,2003%20a%20ainsi%20%C3%A9t%C3%A9%20battu).\" target=\"_blank\" rel=\"follow nofollow noopener\">41,6\u00a0\u00b0C enregistr\u00e9s \u00e0 Bordeaux<\/a>, ce lundi 11\u00a0ao\u00fbt\u00a0: ce chiffre a fait le tour des m\u00e9dias alors que M\u00e9t\u00e9o-France annon\u00e7ait un \u00ab\u00a0record absolu\u00a0\u00bb dans la capitale girondine pour <a href=\"https:\/\/www.sudouest.fr\/environnement\/climat\/chaleur\/canicule-jusqu-a-43-0c-en-dordogne-ce-lundi-et-plusieurs-records-de-temperatures-maximales-dans-le-sud-ouest-25529822.php\" target=\"_blank\" rel=\"follow nofollow noopener\">ce jour de pic de canicule<\/a>. Tr\u00e8s vite pourtant, la sph\u00e8re climatosceptique pr\u00e9sente sur Internet et les r\u00e9seaux sociaux a remis en question cette notion de \u00ab\u00a0record absolu\u00a0\u00bb. Et pour cause, plusieurs articles de presse, dont un du 11\u00a0ao\u00fbt 2024 dans \u00ab\u00a0Sud Ouest\u00a0\u00bb, mentionnent un autre \u00ab\u00a0record\u00a0\u00bb bordelais\u00a0: 42,6\u00a0\u00b0C enregistr\u00e9s le 23\u00a0juillet 2019. Il n\u2019en fallait pas plus \u00e0 certains pour d\u00e9noncer des \u00ab\u00a0manipulations\u00a0\u00bb, voire des \u00ab\u00a0effacements de donn\u00e9es\u00a0\u00bb.<\/p>\n<blockquote class=\"twitter-tweet\">\n<p lang=\"fr\" dir=\"ltr\">Le record de canicule \u00e0 Bordeaux a \u00e9t\u00e9 battu en 2025, avec une temp\u00e9rature de 41,6 \u00b0C enregistr\u00e9e le 11 ao\u00fbt 2025, d\u00e9passant le pr\u00e9c\u00e9dent record de 41,2 \u00b0C du 23 juillet 2019, selon M\u00e9t\u00e9o-France.<br \/>Cependant, une source mentionne un record de 42,6 \u00b0C en 2019, ce qui semble \u00eatre une\u2026 <a href=\"https:\/\/t.co\/1OCq2aPscI\" rel=\"nofollow\">pic.twitter.com\/1OCq2aPscI<\/a><\/p>\n<p>\u2014 Les entretiens des patriotes (@dreslincourt) <a href=\"https:\/\/twitter.com\/dreslincourt\/status\/1955822268728402421?ref_src=twsrc%5Etfw\" rel=\"nofollow noopener\" target=\"_blank\">August 14, 2025<\/a><\/p><\/blockquote>\n<p>Alors qui dit vrai et quel est le vrai record\u00a0? Pour M\u00e9t\u00e9o-France, que nous avons sollicit\u00e9 ce jeudi 14\u00a0ao\u00fbt, la r\u00e9ponse est d\u00e9finitive\u00a0: la temp\u00e9rature enregistr\u00e9e trois jours plus t\u00f4t est bien le record absolu. Les 41,6\u00a0\u00b0C (+\u00a00,4\u00a0\u00b0C par rapport au pr\u00e9c\u00e9dent remontant \u00e0 2019) ont en effet \u00e9t\u00e9 mesur\u00e9s \u00e0 la station de Bordeaux-M\u00e9rignac, la seule de l\u2019aire urbaine bordelaise qui permette \u00ab\u00a0correctement\u00a0\u00bb l\u2019enregistrement de temp\u00e9ratures record du fait de son environnement. \u00ab\u00a0\u00c0 Bordeaux-M\u00e9rignac, explique-t-on du c\u00f4t\u00e9 de l\u2019\u00e9tablissement public, o\u00f9 nous sommes install\u00e9s depuis de nombreuses ann\u00e9es, on s\u2019affranchit des perturbations ext\u00e9rieures, parce que la station de mesure est dans un environnement gazonn\u00e9, sans \u00eelot de chaleur.\u00a0\u00bb<\/p>\n<p>Le goudron fausse les mesures<\/p>\n<p>Mais alors d\u2019o\u00f9 vient l\u2019autre \u00ab\u00a0record\u00a0\u00bb de 2019 et est-il av\u00e9r\u00e9\u00a0? M\u00e9t\u00e9o-France poursuit\u00a0: \u00ab\u00a0Ces 42,6\u00a0\u00b0C sont bien r\u00e9els, mais ils correspondent \u00e0 notre station de mesure de Bordeaux-Paulin, situ\u00e9e en centre-ville. Or, cette station n\u2019est pas prise en compte pour les records, car l\u2019environnement n\u2019est pas \u00e0 distance suffisante des surfaces goudronn\u00e9es.\u00a0\u00bb <a href=\"https:\/\/www.franceinfo.fr\/environnement\/crise-climatique\/canicule-42-6-degres-record-de-chaleur-battu-a-bordeaux_3548413.html\" target=\"_blank\" rel=\"nofollow noopener\">Un article de France Info<\/a> du 23\u00a0juillet\u00a02019 indiquait justement que le record avait \u00e9t\u00e9 obtenu \u00ab\u00a0dans Bordeaux intra-muros\u00a0\u00bb.<\/p>\n<p>D\u2019ailleurs, pr\u00e9cise M\u00e9t\u00e9o-France, la station de Bordeaux-Paulin a enregistr\u00e9 lundi\u00a011 ao\u00fbt une temp\u00e9rature de 42,4\u00a0\u00b0C \u00e0 15\u00a0h\u00a045. \u00ab\u00a0Les 42,6\u00a0\u00b0C auraient probablement \u00e9t\u00e9 d\u00e9pass\u00e9s sans la bascule de vent \u00e0 l\u2019ouest qui s\u2019est op\u00e9r\u00e9e dans l\u2019apr\u00e8s-midi.\u00a0\u00bb Quant \u00e0 vendredi\u00a015 et samedi 16\u00a0ao\u00fbt, le record ne devrait pas \u00eatre battu\u00a0: les pr\u00e9visionnistes, en d\u00e9but d\u2019apr\u00e8s-midi ce jeudi\u00a014 ao\u00fbt, attendaient respectivement 39 \u00e0 40\u00a0\u00b0C, et 38 \u00e0 39\u00a0\u00b0C \u00e0 Bordeaux (M\u00e9rignac).<\/p>\n<\/p>\n<p>        <script async src=\"https:\/\/platform.twitter.com\/widgets.js\" charset=\"utf-8\"><\/script><\/p>\n","protected":false},"excerpt":{"rendered":"41,6\u00a0\u00b0C enregistr\u00e9s \u00e0 Bordeaux, ce lundi 11\u00a0ao\u00fbt\u00a0: ce chiffre a fait le tour des m\u00e9dias alors que M\u00e9t\u00e9o-France&hellip;\n","protected":false},"author":2,"featured_media":324834,"comment_status":"","ping_status":"","sticky":false,"template":"","format":"standard","meta":{"footnotes":""},"categories":[2817],"tags":[1111,11,1997,1777,674,1011,27,12,2219,25],"class_list":{"0":"post-324833","1":"post","2":"type-post","3":"status-publish","4":"format-standard","5":"has-post-thumbnail","7":"category-bordeaux","8":"tag-actu","9":"tag-actualites","10":"tag-bordeaux","11":"tag-eu","12":"tag-europe","13":"tag-fr","14":"tag-france","15":"tag-news","16":"tag-nouvelle-aquitaine","17":"tag-republique-francaise"},"share_on_mastodon":{"url":"https:\/\/pubeurope.com\/@fr\/115044113719674219","error":""},"_links":{"self":[{"href":"https:\/\/www.europesays.com\/fr\/wp-json\/wp\/v2\/posts\/324833","targetHints":{"allow":["GET"]}}],"collection":[{"href":"https:\/\/www.europesays.com\/fr\/wp-json\/wp\/v2\/posts"}],"about":[{"href":"https:\/\/www.europesays.com\/fr\/wp-json\/wp\/v2\/types\/post"}],"author":[{"embeddable":true,"href":"https:\/\/www.europesays.com\/fr\/wp-json\/wp\/v2\/users\/2"}],"replies":[{"embeddable":true,"href":"https:\/\/www.europesays.com\/fr\/wp-json\/wp\/v2\/comments?post=324833"}],"version-history":[{"count":0,"href":"https:\/\/www.europesays.com\/fr\/wp-json\/wp\/v2\/posts\/324833\/revisions"}],"wp:featuredmedia":[{"embeddable":true,"href":"https:\/\/www.europesays.com\/fr\/wp-json\/wp\/v2\/media\/324834"}],"wp:attachment":[{"href":"https:\/\/www.europesays.com\/fr\/wp-json\/wp\/v2\/media?parent=324833"}],"wp:term":[{"taxonomy":"category","embeddable":true,"href":"https:\/\/www.europesays.com\/fr\/wp-json\/wp\/v2\/categories?post=324833"},{"taxonomy":"post_tag","embeddable":true,"href":"https:\/\/www.europesays.com\/fr\/wp-json\/wp\/v2\/tags?post=324833"}],"curies":[{"name":"wp","href":"https:\/\/api.w.org\/{rel}","templated":true}]}}