{"id":324836,"date":"2025-08-17T12:31:12","date_gmt":"2025-08-17T12:31:12","guid":{"rendered":"https:\/\/www.europesays.com\/fr\/324836\/"},"modified":"2025-08-17T12:31:12","modified_gmt":"2025-08-17T12:31:12","slug":"un-incendie-se-declare-pres-de-toulouse","status":"publish","type":"post","link":"https:\/\/www.europesays.com\/fr\/324836\/","title":{"rendered":"un incendie se d\u00e9clare pr\u00e8s de Toulouse"},"content":{"rendered":"<p>            Par<br \/>\n        <strong><br \/>\n            <a href=\"https:\/\/actu.fr\/auteur\/marie-lamarque\" title=\"Consulter tous les articles de Marie Lamarque\" rel=\"nofollow noopener\" target=\"_blank\">Marie Lamarque<\/a><br \/>\n        <\/strong><\/p>\n<p>        Publi\u00e9 le<\/p>\n<p>            17 ao\u00fbt 2025 \u00e0 10h46        <\/p>\n<p>Tandis que la pr\u00e9fecture de la Haute-Garonne alertait, hier encore, <a href=\"https:\/\/actu.fr\/meteo\/fort-risque-d-incendies-en-occitanie-ces-departements-passent-en-alerte-rouge_63043007.html\" rel=\"nofollow noopener\" target=\"_blank\">sur le fort risque d\u2019incendies dans le d\u00e9partement<\/a>, notamment <a href=\"https:\/\/actu.fr\/occitanie\/toulouse_31555\/c-est-tout-simplement-historique-les-jours-de-canicule-s-enchainent-a-toulouse-a-quand-la-fin_63042138.html\" rel=\"nofollow noopener\" target=\"_blank\">en raison des fortes chaleurs<\/a> qui persistent, <strong>un feu s\u2019est d\u00e9clar\u00e9<\/strong> dans la commune de<strong> Bretx<\/strong>, au nord-ouest de <a href=\"https:\/\/actu.fr\/toulouse\/\" rel=\"nofollow noopener\" target=\"_blank\">Toulouse<\/a>. Les pompiers ont \u00e9t\u00e9 mobilis\u00e9s sur les lieux aux alentours de 17h.<\/p>\n<p>    <a href=\"https:\/\/www.google.com\/maps\/embed?pb=!1m18!1m12!1m3!1d23073.534013395492!2d1.1772306975281766!3d43.70656399264435!2m3!1f0!2f0!3f0!3m2!1i1024!2i768!4f13.1!3m3!1m2!1s0x12a9535f31039f4f%3A0x406f69c2f412d10!2s31530%20Bretx!5e0!3m2!1sfr!2sfr!4v1755418951973!5m2!1sfr!2sfr\" title=\"Ouvrie le lien\" rel=\"nofollow noopener\" target=\"_blank\">Cliquez ici pour visualiser le contenu<\/a><\/p>\n<p>Trois hectares d\u00e9truits par le feu<\/p>\n<p class=\" wall-content\">Cet incendie aura, en tout, <strong>d\u00e9truit trois hectares de terrain<\/strong>. Le feu mena\u00e7ait trois maisons que les pompiers sont parvenus \u00e0 prot\u00e9ger.<\/p>\n<p class=\" wall-content\">Ils \u00e9taient toujours mobilis\u00e9s sur le terrain dans la soir\u00e9e de samedi afin de noyer le feu. Quatre engins de lutte contre les feux de for\u00eats ont \u00e9t\u00e9 d\u00e9ploy\u00e9s.<\/p>\n<p>    <img   decoding=\"async\" loading=\"lazy\" src=\"https:\/\/www.europesays.com\/fr\/wp-content\/uploads\/2025\/08\/pompiers-incendie-feu-sdis-960x640.png\" alt=\"Les pompiers \u00e9taient encore mobilis\u00e9s sur les lieux ce samedi soir.\" width=\"960\" height=\"640\"\/><br \/>\n    Les pompiers \u00e9taient encore mobilis\u00e9s sur les lieux ce samedi soir. (\u00a9C\u00e9cile Boileau \/ Sdis 31)Vid\u00e9os : en ce moment sur Actu<\/p>\n<p class=\" wall-content\">Suivez toute l\u2019actualit\u00e9 de vos villes et m\u00e9dias favoris en vous inscrivant \u00e0 <a href=\"https:\/\/moncompte.actu.fr\" title=\"D\u00e9couvez Mon Actu\" rel=\"nofollow noopener\" data-trk=\"{&quot;cta&quot;:{&quot;action&quot;:&quot;https:\\\/\\\/moncompte.actu.fr&quot;,&quot;category&quot;:&quot;mon compte&quot;,&quot;from&quot;:&quot;article footer&quot;,&quot;name&quot;:&quot;Mon actu&quot;,&quot;type&quot;:&quot;cta&quot;}}\" target=\"_blank\">Mon Actu<\/a>.<\/p>\n","protected":false},"excerpt":{"rendered":"Par Marie Lamarque Publi\u00e9 le 17 ao\u00fbt 2025 \u00e0 10h46 Tandis que la pr\u00e9fecture de la Haute-Garonne alertait,&hellip;\n","protected":false},"author":2,"featured_media":324837,"comment_status":"","ping_status":"","sticky":false,"template":"","format":"standard","meta":{"footnotes":""},"categories":[2816],"tags":[1111,11,1777,674,118,1011,27,1310,12,2680,1311,25,2312],"class_list":{"0":"post-324836","1":"post","2":"type-post","3":"status-publish","4":"format-standard","5":"has-post-thumbnail","7":"category-toulouse","8":"tag-actu","9":"tag-actualites","10":"tag-eu","11":"tag-europe","12":"tag-faits-divers","13":"tag-fr","14":"tag-france","15":"tag-incendie","16":"tag-news","17":"tag-occitanie","18":"tag-pompiers","19":"tag-republique-francaise","20":"tag-toulouse"},"share_on_mastodon":{"url":"https:\/\/pubeurope.com\/@fr\/115044121960926923","error":""},"_links":{"self":[{"href":"https:\/\/www.europesays.com\/fr\/wp-json\/wp\/v2\/posts\/324836","targetHints":{"allow":["GET"]}}],"collection":[{"href":"https:\/\/www.europesays.com\/fr\/wp-json\/wp\/v2\/posts"}],"about":[{"href":"https:\/\/www.europesays.com\/fr\/wp-json\/wp\/v2\/types\/post"}],"author":[{"embeddable":true,"href":"https:\/\/www.europesays.com\/fr\/wp-json\/wp\/v2\/users\/2"}],"replies":[{"embeddable":true,"href":"https:\/\/www.europesays.com\/fr\/wp-json\/wp\/v2\/comments?post=324836"}],"version-history":[{"count":0,"href":"https:\/\/www.europesays.com\/fr\/wp-json\/wp\/v2\/posts\/324836\/revisions"}],"wp:featuredmedia":[{"embeddable":true,"href":"https:\/\/www.europesays.com\/fr\/wp-json\/wp\/v2\/media\/324837"}],"wp:attachment":[{"href":"https:\/\/www.europesays.com\/fr\/wp-json\/wp\/v2\/media?parent=324836"}],"wp:term":[{"taxonomy":"category","embeddable":true,"href":"https:\/\/www.europesays.com\/fr\/wp-json\/wp\/v2\/categories?post=324836"},{"taxonomy":"post_tag","embeddable":true,"href":"https:\/\/www.europesays.com\/fr\/wp-json\/wp\/v2\/tags?post=324836"}],"curies":[{"name":"wp","href":"https:\/\/api.w.org\/{rel}","templated":true}]}}