{"id":324838,"date":"2025-08-17T12:32:15","date_gmt":"2025-08-17T12:32:15","guid":{"rendered":"https:\/\/www.europesays.com\/fr\/324838\/"},"modified":"2025-08-17T12:32:15","modified_gmt":"2025-08-17T12:32:15","slug":"un-homme-tue-par-balle-a-toulouse","status":"publish","type":"post","link":"https:\/\/www.europesays.com\/fr\/324838\/","title":{"rendered":"un homme tu\u00e9 par balle \u00e0 Toulouse"},"content":{"rendered":"<p class=\"article-p mdl\">Dans la nuit du samedi 16 au dimanche 17 ao\u00fbt, <strong>un homme a \u00e9t\u00e9 tu\u00e9 par balle \u00e0 Toulouse<\/strong> (Haute-Garonne). Aux alentours de 1 h 30, cet individu, \u00e2g\u00e9 de 23 ans, a \u00e9t\u00e9 gri\u00e8vement bless\u00e9 par arme \u00e0 feu, dans le quartier de Bellefontaine. Il est finalement d\u00e9c\u00e9d\u00e9 des suites de ses blessures.<\/p>\n<p class=\"article-p mdl\">Dans le m\u00eame quartier, quelques heures plus t\u00f4t, un autre homme, \u00e2g\u00e9 d\u2019une vingtaine d\u2019ann\u00e9es, a \u00e9t\u00e9 <strong>gri\u00e8vement bless\u00e9 par arme blanche au niveau de la gorge<\/strong>. Transf\u00e9r\u00e9 \u00e0 l\u2019h\u00f4pital, son pronostic vital est toujours engag\u00e9, d\u2019apr\u00e8s l\u2019AFP, citant la police locale.<\/p>\n<p class=\"article-p mdl\">\u00ab\u00a0\u00c0 ce stade, il n&rsquo;y a pas de lien entre les deux affaires\u00a0\u00bb, ont indiqu\u00e9 les forces de l\u2019ordre. <strong>Deux enqu\u00eates ont donc \u00e9t\u00e9 ouvertes<\/strong> : l\u2019une pour meurtre, par le parquet de\u00a0<a class=\"link\" href=\"https:\/\/www.rtl.fr\/actu\/debats-societe\/toulouse-l-archeveque-de-toulouse-annule-la-promotion-d-un-pretre-condamne-pour-le-viol-d-un-mineur-7900531282\" title=\"Toulouse : l\u2019archev\u00eaque de Toulouse annule la promotion d&#039;un pr\u00eatre condamn\u00e9 pour le viol d&#039;un mineur\" rel=\"nofollow noopener\" target=\"_blank\">Toulouse<\/a>\u00a0et confi\u00e9e \u00e0 la Division de la criminalit\u00e9 organis\u00e9e et sp\u00e9cialis\u00e9e (DCOS), et l\u2019autre pour tentative d&rsquo;homicide, confi\u00e9e \u00e0 la Division de la criminalit\u00e9 territoriale (DCT).<\/p>\n<p>    La r\u00e9daction vous recommande<\/p>\n<p class=\"s-newsletter__title\">\n                L\u2019actualit\u00e9 par la r\u00e9daction de RTL dans votre bo\u00eete mail.\n            <\/p>\n<p class=\"s-newsletter__subtitle\">\n                Gr\u00e2ce \u00e0 votre compte RTL abonnez-vous \u00e0 la newsletter RTL info pour suivre toute l&rsquo;actualit\u00e9 au quotidien\n            <\/p>\n<p>\n                                    Lire la suite\n                                <\/p>\n","protected":false},"excerpt":{"rendered":"Dans la nuit du samedi 16 au dimanche 17 ao\u00fbt, un homme a \u00e9t\u00e9 tu\u00e9 par balle \u00e0&hellip;\n","protected":false},"author":2,"featured_media":61743,"comment_status":"","ping_status":"","sticky":false,"template":"","format":"standard","meta":{"footnotes":""},"categories":[2816],"tags":[1111,11,1777,674,118,107,1011,27,2722,303,1249,12,2680,1072,25,2312],"class_list":{"0":"post-324838","1":"post","2":"type-post","3":"status-publish","4":"format-standard","5":"has-post-thumbnail","7":"category-toulouse","8":"tag-actu","9":"tag-actualites","10":"tag-eu","11":"tag-europe","12":"tag-faits-divers","13":"tag-fil-info","14":"tag-fr","15":"tag-france","16":"tag-haute-garonne","17":"tag-justice","18":"tag-justice-francaise","19":"tag-news","20":"tag-occitanie","21":"tag-police","22":"tag-republique-francaise","23":"tag-toulouse"},"share_on_mastodon":{"url":"https:\/\/pubeurope.com\/@fr\/115044125453560693","error":""},"_links":{"self":[{"href":"https:\/\/www.europesays.com\/fr\/wp-json\/wp\/v2\/posts\/324838","targetHints":{"allow":["GET"]}}],"collection":[{"href":"https:\/\/www.europesays.com\/fr\/wp-json\/wp\/v2\/posts"}],"about":[{"href":"https:\/\/www.europesays.com\/fr\/wp-json\/wp\/v2\/types\/post"}],"author":[{"embeddable":true,"href":"https:\/\/www.europesays.com\/fr\/wp-json\/wp\/v2\/users\/2"}],"replies":[{"embeddable":true,"href":"https:\/\/www.europesays.com\/fr\/wp-json\/wp\/v2\/comments?post=324838"}],"version-history":[{"count":0,"href":"https:\/\/www.europesays.com\/fr\/wp-json\/wp\/v2\/posts\/324838\/revisions"}],"wp:featuredmedia":[{"embeddable":true,"href":"https:\/\/www.europesays.com\/fr\/wp-json\/wp\/v2\/media\/61743"}],"wp:attachment":[{"href":"https:\/\/www.europesays.com\/fr\/wp-json\/wp\/v2\/media?parent=324838"}],"wp:term":[{"taxonomy":"category","embeddable":true,"href":"https:\/\/www.europesays.com\/fr\/wp-json\/wp\/v2\/categories?post=324838"},{"taxonomy":"post_tag","embeddable":true,"href":"https:\/\/www.europesays.com\/fr\/wp-json\/wp\/v2\/tags?post=324838"}],"curies":[{"name":"wp","href":"https:\/\/api.w.org\/{rel}","templated":true}]}}