{"id":324839,"date":"2025-08-17T12:34:12","date_gmt":"2025-08-17T12:34:12","guid":{"rendered":"https:\/\/www.europesays.com\/fr\/324839\/"},"modified":"2025-08-17T12:34:12","modified_gmt":"2025-08-17T12:34:12","slug":"suivez-le-match-de-la-premiere-journee-de-ligue-1-en-live","status":"publish","type":"post","link":"https:\/\/www.europesays.com\/fr\/324839\/","title":{"rendered":"suivez le match de la premi\u00e8re journ\u00e9e de Ligue 1 en live"},"content":{"rendered":"<p>La compo de Brest<\/p>\n<p>Majecki &#8211; Locko, Chardonnet, Le Cardinal, Lala &#8211; Magnetti, Del Castillo, Lees-Melou &#8211; Doumbia, Bald\u00e9, Ajorque<\/p>\n<p>Retour sur Terre pour Brest<\/p>\n<p>Le Stade Brestois vient de perdre un cadre avec Mahdi Camara, chip\u00e9 par Rennes, et va devoir revenir \u00e0 un quotidien plus classique sans Ligue des champions \u00e0 disputer. La saison derni\u00e8re a \u00e9t\u00e9 moins flamboyante que la pr\u00e9c\u00e9dente, avec une anecdotique 9e place au bout.<\/p>\n<p>Le LOSC entame un nouveau cycle<\/p>\n<p>Lille s&rsquo;est renforc\u00e9 avec le champion du monde et meilleur buteur de l&rsquo;histoire des Bleus, Olivier Giroud, venu prendre la suite de Jonathan David. Les Dogues entament un nouveau cycle sans leur serial buteur canadien, mais aussi sans Lucas Chevalier, parti au PSG. Les deux hommes avaient \u00e9t\u00e9 pr\u00e9pond\u00e9rants la saison derni\u00e8re dans la 5e place et la qualification en Ligue Europa.<\/p>\n<p>Olivier Giroud titulaire pour son grand retour en Ligue 1<\/p>\n<p>\u00d6zer &#8211; Tour\u00e9, Ngoy, Alexsandro, Perraud &#8211; Andr\u00e9, Mukau &#8211; Correia, Haraldsson, Broholm &#8211; Giroud<\/p>\n<p>Bonjour \u00e0 tous<\/p>\n<p>Bienvenue sur le site et l&rsquo;appli RMC Sport pour suivre le match de la premi\u00e8re journ\u00e9e de Ligue 1 entre Brest et Lille. Le coup d&rsquo;envoi sera donn\u00e9 \u00e0 15h au stade Francis-Le-Bl\u00e9.<\/p>\n","protected":false},"excerpt":{"rendered":"La compo de Brest Majecki &#8211; Locko, Chardonnet, Le Cardinal, Lala &#8211; Magnetti, Del Castillo, Lees-Melou &#8211; Doumbia,&hellip;\n","protected":false},"author":2,"featured_media":324840,"comment_status":"","ping_status":"","sticky":false,"template":"","format":"standard","meta":{"footnotes":""},"categories":[2815],"tags":[1111,11,1777,674,1011,27,811,1307,12,25],"class_list":{"0":"post-324839","1":"post","2":"type-post","3":"status-publish","4":"format-standard","5":"has-post-thumbnail","7":"category-lille","8":"tag-actu","9":"tag-actualites","10":"tag-eu","11":"tag-europe","12":"tag-fr","13":"tag-france","14":"tag-hauts-de-france","15":"tag-lille","16":"tag-news","17":"tag-republique-francaise"},"share_on_mastodon":{"url":"https:\/\/pubeurope.com\/@fr\/115044133340417891","error":""},"_links":{"self":[{"href":"https:\/\/www.europesays.com\/fr\/wp-json\/wp\/v2\/posts\/324839","targetHints":{"allow":["GET"]}}],"collection":[{"href":"https:\/\/www.europesays.com\/fr\/wp-json\/wp\/v2\/posts"}],"about":[{"href":"https:\/\/www.europesays.com\/fr\/wp-json\/wp\/v2\/types\/post"}],"author":[{"embeddable":true,"href":"https:\/\/www.europesays.com\/fr\/wp-json\/wp\/v2\/users\/2"}],"replies":[{"embeddable":true,"href":"https:\/\/www.europesays.com\/fr\/wp-json\/wp\/v2\/comments?post=324839"}],"version-history":[{"count":0,"href":"https:\/\/www.europesays.com\/fr\/wp-json\/wp\/v2\/posts\/324839\/revisions"}],"wp:featuredmedia":[{"embeddable":true,"href":"https:\/\/www.europesays.com\/fr\/wp-json\/wp\/v2\/media\/324840"}],"wp:attachment":[{"href":"https:\/\/www.europesays.com\/fr\/wp-json\/wp\/v2\/media?parent=324839"}],"wp:term":[{"taxonomy":"category","embeddable":true,"href":"https:\/\/www.europesays.com\/fr\/wp-json\/wp\/v2\/categories?post=324839"},{"taxonomy":"post_tag","embeddable":true,"href":"https:\/\/www.europesays.com\/fr\/wp-json\/wp\/v2\/tags?post=324839"}],"curies":[{"name":"wp","href":"https:\/\/api.w.org\/{rel}","templated":true}]}}