{"id":324843,"date":"2025-08-17T12:36:12","date_gmt":"2025-08-17T12:36:12","guid":{"rendered":"https:\/\/www.europesays.com\/fr\/324843\/"},"modified":"2025-08-17T12:36:12","modified_gmt":"2025-08-17T12:36:12","slug":"plusieurs-plages-interdites-a-la-baignade-pres-de-marseille-en-raison-de-la-presence-dalgues","status":"publish","type":"post","link":"https:\/\/www.europesays.com\/fr\/324843\/","title":{"rendered":"plusieurs plages interdites \u00e0 la baignade pr\u00e8s de Marseille en raison de la pr\u00e9sence d\u2019algues"},"content":{"rendered":"<p class=\"article__intro\">Plusieurs plages du pourtour de l&rsquo;\u00e9tang de Berre, dans les Bouches-du-Rh\u00f4ne, sont ferm\u00e9es ce dimanche 17 ao\u00fbt. La baignade est interdite en raison de la pr\u00e9sence importante d&rsquo;algues en d\u00e9composition.<\/p>\n<p>\n      La Quotidienne Soci\u00e9t\u00e9\n    <\/p>\n<p>\n      De la vie quotidienne aux grands enjeux, recevez tous les jours les sujets qui font la soci\u00e9t\u00e9 locale, comme la justice, l\u2019\u00e9ducation, la sant\u00e9 et la famille.\n    <\/p>\n<p>    France T\u00e9l\u00e9visions utilise votre adresse e-mail afin de vous envoyer la newsletter \u00ab\u00a0La Quotidienne Soci\u00e9t\u00e9\u00a0\u00bb. Vous pouvez vous d\u00e9sinscrire \u00e0 tout moment via le lien en bas de cette newsletter. <a target=\"_blank\" href=\"https:\/\/www.francetelevisions.fr\/groupe\/confidentialite\/politique-de-confidentialite\/politique-de-confidentialite-de-france-televisions-6503\" rel=\"nofollow noopener\">Notre politique de confidentialit\u00e9<\/a><\/p>\n<p>C&rsquo;est une fermeture temporaire \u00ab\u00a0par principe de pr\u00e9caution\u00a0\u00bb, indique la ville de Martigues. Depuis samedi midi, deux plages de la commune sont interdites \u00e0 la baignade en raison de \u00ab\u00a0la pr\u00e9sence importante d&rsquo;algues\u00a0\u00bb, pr\u00e9cise la municipalit\u00e9 sur son compte Facebook. Il s&rsquo;agit des plages de Figuerolles et de Ferri\u00e8res, sur la rive sud-ouest de l&rsquo;\u00e9tang de Berre, pr\u00e8s de Marseille. Ces algues sont susceptibles de pr\u00e9senter \u00ab\u00a0un risque sanitaire pour les usages\u00a0\u00bb. <\/p>\n<p>M\u00eame chose un peu plus au nord, au niveau de la commune d&rsquo;Istres. La petite plage du Ranquet, (chemin du Bord de l&rsquo;eau), a \u00e9t\u00e9 interdite d&rsquo;acc\u00e8s samedi matin. Cette d\u00e9cision r\u00e9sulte de relev\u00e9s d\u00e9favorables des eux de baignade et de \u00ab\u00a0l&rsquo;\u00e9manation de gaz toniques (H2S) issus de la d\u00e9composition des algues\u00a0\u00bb. <\/p>\n<\/p>\n<p>La plage principale du Ranquet, celle de la Romaniquette et de Monteau ne sont, quant \u00e0 elles, pas concern\u00e9es par cette fermeture momentan\u00e9e.<\/p>\n<p>A Martigues, cette mesure a pris effet \u00e0 compter du samedi \u00e0 12h00, et jusqu\u2019\u00e0 nouvel ordre. \u00ab\u00a0Un suivi renforc\u00e9 de la qualit\u00e9 de l\u2019eau est mis en place afin d\u2019autoriser la reprise de la baignade d\u00e8s que les conditions sanitaires le permettront\u00a0\u00bb, souligne la Ville.<\/p>\n","protected":false},"excerpt":{"rendered":"Plusieurs plages du pourtour de l&rsquo;\u00e9tang de Berre, dans les Bouches-du-Rh\u00f4ne, sont ferm\u00e9es ce dimanche 17 ao\u00fbt. La&hellip;\n","protected":false},"author":2,"featured_media":324844,"comment_status":"","ping_status":"","sticky":false,"template":"","format":"standard","meta":{"footnotes":""},"categories":[2814],"tags":[1111,11,1777,674,1011,27,884,12,882,25],"class_list":{"0":"post-324843","1":"post","2":"type-post","3":"status-publish","4":"format-standard","5":"has-post-thumbnail","7":"category-marseille","8":"tag-actu","9":"tag-actualites","10":"tag-eu","11":"tag-europe","12":"tag-fr","13":"tag-france","14":"tag-marseille","15":"tag-news","16":"tag-provence-alpes-cote-dazur","17":"tag-republique-francaise"},"share_on_mastodon":{"url":"https:\/\/pubeurope.com\/@fr\/115044141287576081","error":""},"_links":{"self":[{"href":"https:\/\/www.europesays.com\/fr\/wp-json\/wp\/v2\/posts\/324843","targetHints":{"allow":["GET"]}}],"collection":[{"href":"https:\/\/www.europesays.com\/fr\/wp-json\/wp\/v2\/posts"}],"about":[{"href":"https:\/\/www.europesays.com\/fr\/wp-json\/wp\/v2\/types\/post"}],"author":[{"embeddable":true,"href":"https:\/\/www.europesays.com\/fr\/wp-json\/wp\/v2\/users\/2"}],"replies":[{"embeddable":true,"href":"https:\/\/www.europesays.com\/fr\/wp-json\/wp\/v2\/comments?post=324843"}],"version-history":[{"count":0,"href":"https:\/\/www.europesays.com\/fr\/wp-json\/wp\/v2\/posts\/324843\/revisions"}],"wp:featuredmedia":[{"embeddable":true,"href":"https:\/\/www.europesays.com\/fr\/wp-json\/wp\/v2\/media\/324844"}],"wp:attachment":[{"href":"https:\/\/www.europesays.com\/fr\/wp-json\/wp\/v2\/media?parent=324843"}],"wp:term":[{"taxonomy":"category","embeddable":true,"href":"https:\/\/www.europesays.com\/fr\/wp-json\/wp\/v2\/categories?post=324843"},{"taxonomy":"post_tag","embeddable":true,"href":"https:\/\/www.europesays.com\/fr\/wp-json\/wp\/v2\/tags?post=324843"}],"curies":[{"name":"wp","href":"https:\/\/api.w.org\/{rel}","templated":true}]}}