{"id":324849,"date":"2025-08-17T12:40:10","date_gmt":"2025-08-17T12:40:10","guid":{"rendered":"https:\/\/www.europesays.com\/fr\/324849\/"},"modified":"2025-08-17T12:40:10","modified_gmt":"2025-08-17T12:40:10","slug":"ile-de-france-un-reseau-afghan-de-contrebande-de-tabac-demantele","status":"publish","type":"post","link":"https:\/\/www.europesays.com\/fr\/324849\/","title":{"rendered":"\u00cele-de-France : un r\u00e9seau afghan de contrebande de tabac d\u00e9mantel\u00e9"},"content":{"rendered":"<p>13 000 cartouches de Marlboro \u00e9coul\u00e9es et une valeur de revente estim\u00e9e \u00e0 plus de 600 000 euros. Voici ce qu\u2019ont saisi les policiers \u00e0 Bondoufle (Essonne), il y a quelques jours, indique\u00a0<a href=\"https:\/\/www.leparisien.fr\/faits-divers\/le-reseau-de-contrebande-de-tabac-demantele-en-ile-de-france-avait-importe-pres-dun-million-deuros-de-cigarettes-12-08-2025-JPZJAKRZNFCK5LIHDI5NANUXPQ.php\" target=\"_blank\" rel=\"nofollow noopener\">Le Parisien<\/a>.<\/p>\n<\/p>\n<p>Selon le m\u00e9dia, dix personnes d\u2019origine afghane ont \u00e9t\u00e9 mises en examen suite \u00e0 ce coup de filet. Seulement cinq compara\u00eetront ce lundi 18 ao\u00fbt sur les bancs du tribunal judiciaire de Paris. Cinq pr\u00e9venus, tous de nationalit\u00e9 afghane, risquent plusieurs ann\u00e9es de prison pour avoir organis\u00e9 un vaste trafic de <a href=\"https:\/\/www.valeursactuelles.com\/societe\/smic-hausse-des-prix-nutri-score-tout-ce-qui-change-a-partir-du-1er-janvier-2024\" target=\"_blank\" rel=\"noopener\">cigarettes<\/a> contrefaites.<\/p>\n<p>Avec la quantit\u00e9 de cigarettes saisies, cette op\u00e9ration de contrebande est unique, autant que la structuration du trafic, comparable aux r\u00e9seaux sp\u00e9cialis\u00e9s dans le cannabis et la coca\u00efne.<\/p>\n<p>Approvisionnement depuis la Belgique<\/p>\n<p>Les malfrats s\u2019approvisionnaient depuis la <a href=\"https:\/\/www.valeursactuelles.com\/tag\/belgique\" target=\"_blank\" rel=\"noopener\">Belgique<\/a> par milliers. Ils stockaient ensuite leurs cigarettes de contrebande en banlieue parisienne, utilisaient une \u00e9picerie complice et les vendaient \u00e0 la sauvette dans diff\u00e9rents spots parisiens.<\/p>\n<p>Le r\u00e9seau afghan arrosait de fausses cigarettes le nord de la capitale. Selon\u00a0<a href=\"https:\/\/www.lejdd.fr\/Societe\/paris-une-mafia-afghane-du-tabac-de-contrebande-demantelee-161057\" target=\"_blank\" rel=\"nofollow noopener\">Le JDD<\/a>, diff\u00e9rentes analyses ont montr\u00e9 une teneur en goudron pr\u00e8s de deux fois sup\u00e9rieure aux normes admises. Selon plusieurs \u00e9tudes nationales, 47 % des cigarettes consomm\u00e9es \u00e0 Paris ne proviennent pas du r\u00e9seau l\u00e9gal des buralistes.<\/p>\n","protected":false},"excerpt":{"rendered":"13 000 cartouches de Marlboro \u00e9coul\u00e9es et une valeur de revente estim\u00e9e \u00e0 plus de 600 000 euros.&hellip;\n","protected":false},"author":2,"featured_media":324850,"comment_status":"","ping_status":"","sticky":false,"template":"","format":"standard","meta":{"footnotes":""},"categories":[1592],"tags":[1111,11,39289,6583,1777,674,1011,27,662,303,12,626,25,2421,3693],"class_list":{"0":"post-324849","1":"post","2":"type-post","3":"status-publish","4":"format-standard","5":"has-post-thumbnail","7":"category-ile-de-france","8":"tag-actu","9":"tag-actualites","10":"tag-afghans","11":"tag-cigarette","12":"tag-eu","13":"tag-europe","14":"tag-fr","15":"tag-france","16":"tag-ile-de-france","17":"tag-justice","18":"tag-news","19":"tag-paris","20":"tag-republique-francaise","21":"tag-reseau","22":"tag-tribunal"},"share_on_mastodon":{"url":"https:\/\/pubeurope.com\/@fr\/115044157019891060","error":""},"_links":{"self":[{"href":"https:\/\/www.europesays.com\/fr\/wp-json\/wp\/v2\/posts\/324849","targetHints":{"allow":["GET"]}}],"collection":[{"href":"https:\/\/www.europesays.com\/fr\/wp-json\/wp\/v2\/posts"}],"about":[{"href":"https:\/\/www.europesays.com\/fr\/wp-json\/wp\/v2\/types\/post"}],"author":[{"embeddable":true,"href":"https:\/\/www.europesays.com\/fr\/wp-json\/wp\/v2\/users\/2"}],"replies":[{"embeddable":true,"href":"https:\/\/www.europesays.com\/fr\/wp-json\/wp\/v2\/comments?post=324849"}],"version-history":[{"count":0,"href":"https:\/\/www.europesays.com\/fr\/wp-json\/wp\/v2\/posts\/324849\/revisions"}],"wp:featuredmedia":[{"embeddable":true,"href":"https:\/\/www.europesays.com\/fr\/wp-json\/wp\/v2\/media\/324850"}],"wp:attachment":[{"href":"https:\/\/www.europesays.com\/fr\/wp-json\/wp\/v2\/media?parent=324849"}],"wp:term":[{"taxonomy":"category","embeddable":true,"href":"https:\/\/www.europesays.com\/fr\/wp-json\/wp\/v2\/categories?post=324849"},{"taxonomy":"post_tag","embeddable":true,"href":"https:\/\/www.europesays.com\/fr\/wp-json\/wp\/v2\/tags?post=324849"}],"curies":[{"name":"wp","href":"https:\/\/api.w.org\/{rel}","templated":true}]}}