{"id":324851,"date":"2025-08-17T12:41:15","date_gmt":"2025-08-17T12:41:15","guid":{"rendered":"https:\/\/www.europesays.com\/fr\/324851\/"},"modified":"2025-08-17T12:41:15","modified_gmt":"2025-08-17T12:41:15","slug":"le-premier-ministre-israelien-benyamin-netanyahou-accuse-la-mobilisation-de-renforcer-le-hamas","status":"publish","type":"post","link":"https:\/\/www.europesays.com\/fr\/324851\/","title":{"rendered":"le Premier ministre isra\u00e9lien Benyamin N\u00e9tanyahou accuse la mobilisation de \u00ab\u00a0renforcer le Hamas\u00a0\u00bb"},"content":{"rendered":"\n<p class=\"c-chapo \">\n  Des milliers de personnes sont descendues dans les rues \u00e0 l&rsquo;appel du Forum des familles d&rsquo;otages, de l&rsquo;opposition et de syndicats. Les participants r\u00e9clament un accord concert\u00e9 afin d&rsquo;obtenir le retour des personnes encore d\u00e9tenues dans la bande de Gaza.\n<\/p>\n<p>            lire plus tard<\/p>\n<p id=\"dialog__title\" class=\"dialog__title\">Pour sauvegarder cet article, connectez-vous ou cr\u00e9ez un compte franceinfo<\/p>\n<p class=\"dialog__description\">Sans paiement. Sans abonnement.<\/p>\n<p>        Fermer la fen\u00eatre d\u2019activation des notifications France Info<\/p>\n<p>            cr\u00e9er votre compte<\/p>\n<p>            se connecter<\/p>\n<p>        Fermer la fen\u00eatre de pr\u00e9sentation<\/p>\n<p>    <img loading=\"lazy\" decoding=\"async\" class=\"signature__image lazyload\" width=\"100\" height=\"100\" data- alt=\"\" src=\"https:\/\/www.europesays.com\/fr\/wp-content\/uploads\/2025\/05\/64a68815cd1a7_placeholder-36b69ec8.png\"\/><\/p>\n<p>    Publi\u00e9 le 17\/08\/2025 13:42<\/p>\n<p>        Temps de lecture : 3min<\/p>\n<p>    <img decoding=\"async\"  alt=\"Des manifestants dans les rues de Tel Aviv (Isra\u00ebl), le 17 ao\u00fbt 2025. (GIL COHEN-MAGEN \/ AFP)\" width=\"432\" height=\"243\" src=\"https:\/\/www.europesays.com\/fr\/wp-content\/uploads\/2025\/08\/000-69qk9tv-68a1b856e50f4563561078.jpg\" fetchpriority=\"high\"\/><\/p>\n<p>      Des manifestants dans les rues de Tel Aviv (Isra\u00ebl), le 17 ao\u00fbt 2025. (GIL COHEN-MAGEN \/ AFP)<\/p>\n<p>Des milliers de personnes sont descendues dans la rue en Isra\u00ebl, dimanche 17 ao\u00fbt, pour exiger un accord de cessez-le-feu garantissant la lib\u00e9ration des otages enlev\u00e9s lors de l&rsquo;attaque du Hamas. Cette mobilisation a \u00e9t\u00e9 vivement critiqu\u00e9e par le Premier ministre Benyamin N\u00e9tanyahou. \u00ab\u00a0Ceux qui appellent aujourd&rsquo;hui \u00e0 mettre fin \u00e0 la guerre sans une d\u00e9faite du Hamas non seulement renforcent la position du Hamas et \u00e9loignent la lib\u00e9ration de nos otages\u00a0\u00bb, a accus\u00e9 le dirigeant lors de la r\u00e9union hebdomadaire du gouvernement. \u00ab\u00a0Ils garantissent aussi que les horreurs du 7 octobre se reproduiront encore et encore, et que nous devrons nous battre dans une guerre sans fin\u00a0\u00bb.<\/p>\n<p>Cette mobilisation survient alors qu&rsquo;Isra\u00ebl a annonc\u00e9 <a href=\"https:\/\/www.franceinfo.fr\/monde\/proche-orient\/israel-palestine\/guerre-dans-la-bande-de-gaza-ce-que-l-on-sait-du-plan-d-occupation-decide-par-le-gouvernement-israelien-de-benyamin-netanyahou_7424899.html\" rel=\"nofollow noopener\" target=\"_blank\">se pr\u00e9parer \u00e0 prendre le contr\u00f4le de Gaza-ville<\/a> et de camps de r\u00e9fugi\u00e9s voisins. L&rsquo;annonce a suscit\u00e9 en Isra\u00ebl l&rsquo;effroi de familles d&rsquo;otages qui craignent que l&rsquo;op\u00e9ration entra\u00eene la mort de leurs proches, et exigent un accord n\u00e9goci\u00e9 pour la lib\u00e9ration de tous les captifs. Le Forum des familles et des disparus, principale association des proches d&rsquo;otages, <a href=\"https:\/\/www.franceinfo.fr\/monde\/europe\/manifestations-en-ukraine\/greve-et-manifestations-en-israel-le-gouvernement-doit-revenir-de-toute-urgence-a-la-table-des-negociations-exhorte-le-forum-des-familles-et-des-disparus_7439893.html\" rel=\"nofollow noopener\" target=\"_blank\">a donc appel\u00e9 \u00e0 une gr\u00e8ve de solidarit\u00e9<\/a> ce dimanche, aux c\u00f4t\u00e9s de l&rsquo;opposition et d&rsquo;une partie du monde \u00e9conomique et syndical. Histadrout, le plus grand syndicat du pays, <a href=\"https:\/\/www.franceinfo.fr\/monde\/proche-orient\/israel-palestine\/la-greve-generale-prevue-dimanche-en-israel-n-aura-pas-l-ampleur-qu-elle-aurait-du-avoir-regrette-les-familles-d-otages-a-gaza_7429882.html\" rel=\"nofollow noopener\" target=\"_blank\">n&rsquo;y participe toutefois pas.<\/a><\/p>\n<blockquote class=\"ftvi_content_quote\">\n<p class=\"ftvi_citation_quote\">\u00ab\u00a0Depuis 22 mois, nous appelons \u00e0 un accord global, mais nos appels tombent dans l&rsquo;oreille de sourds et des c\u0153urs endurcis. Le temps presse (&#8230;) Seul le peuple pourra ramener les otages \u00e0 la maison.\u00a0\u00bb<\/p>\n<p>Forum des familles et des disparus<\/p>\n<p class=\"ftvi_citation_source\">dans un communiqu\u00e9<\/p>\n<\/blockquote>\n<p>Parmi les 251 otages captur\u00e9s lors de l&rsquo;attaque du 7-Octobre, 49 restent d\u00e9tenus \u00e0 Gaza, dont 27 morts, selon l&rsquo;arm\u00e9e isra\u00e9lienne. Un immense drapeau isra\u00e9lien, floqu\u00e9 de portraits de personnes kidnapp\u00e9es, a notamment \u00e9t\u00e9 d\u00e9ploy\u00e9 \u00e0 Tel-Aviv sur la \u00ab\u00a0place des otages\u00a0\u00bb, devenue embl\u00e9matique depuis le d\u00e9but de la guerre. Une manifestation doit s&rsquo;y tenir en fin d&rsquo;apr\u00e8s-midi.<\/p>\n<p>Plusieurs importants axes routiers ont \u00e9t\u00e9 temporairement coup\u00e9s par des manifestants, notamment l&rsquo;autoroute reliant Tel-Aviv \u00e0 J\u00e9rusalem. L&rsquo;activit\u00e9 \u00e9tait nettement r\u00e9duite dans les rues de J\u00e9rusalem, et de nombreux magasins ferm\u00e9s \u00e0 Tel-Aviv. T\u00f4t le matin, des dizaines de manifestants post\u00e9s devant la r\u00e9sidence de Benyamin N\u00e9tanyahou \u00e0 J\u00e9rusalem ont demand\u00e9 au gouvernement de \u00ab\u00a0mettre fin \u00e0 la guerre\u00a0\u00bb et \u00ab\u00a0ramener\u00a0\u00bb les\u00a0otages. Des milliers de policiers et de soldats des forces de s\u00e9curit\u00e9 frontali\u00e8res ont \u00e9t\u00e9 d\u00e9ploy\u00e9s dans le pays.<\/p>\n<p>    <img decoding=\"async\" class=\"cms-media-image lazyload\" alt=\"Un immense drapeau isra\u00e9lien avec le visage des otages a \u00e9t\u00e9 d\u00e9ploy\u00e9 \u00e0 Tel Aviv, le 17 ao\u00fbt 2025, dans le cadre d'une mobilisation nationale. (YAIR PALTI \/ ANADOLU)\" width=\"720\" height=\"404.73684210526\" data- src=\"https:\/\/www.europesays.com\/fr\/wp-content\/uploads\/2025\/08\/068-aa-17082025-2375271-68a1bee3b37d4083858259.jpg\"\/><\/p>\n<p>      Un immense drapeau isra\u00e9lien avec le visage des otages a \u00e9t\u00e9 d\u00e9ploy\u00e9 \u00e0 Tel Aviv, le 17 ao\u00fbt 2025, dans le cadre d&rsquo;une mobilisation nationale. (YAIR PALTI \/ ANADOLU)<\/p>\n<p>\u00ab\u00a0Nous faisons tous les efforts pour les ramener (&#8230;) On peut avoir des d\u00e9saccords, mais en v\u00e9rit\u00e9, tout le peuple d&rsquo;Isra\u00ebl veut que nos fr\u00e8res et s\u0153urs rentrent \u00e0 la maison\u00a0\u00bb, a d\u00e9clar\u00e9 le pr\u00e9sident isra\u00e9lien Isaac Herzog, sur \u00ab\u00a0la place des otages\u00a0\u00bb. De leur c\u00f4t\u00e9, des partisans de Benyamin N\u00e9tanyahou et des partis de la coalition au pouvoir ont fustig\u00e9 le mouvement. Le ministre de la Culture, Miki Zohar, a \u00e9voqu\u00e9 une \u00ab\u00a0grave erreur et une r\u00e9compense pour l&rsquo;ennemi\u00a0\u00bb, tandis que le ministre d&rsquo;extr\u00eame droite des Finances, Bezalel Smotrich, a d\u00e9nonc\u00e9 une \u00ab\u00a0campagne (&#8230;) qui fait le jeu du Hamas\u00a0\u00bb.<\/p>\n<p>\u00ab\u00a0Attaquer les familles des otages alors que vous portez la responsabilit\u00e9 de la captivit\u00e9 de leurs enfants par le Hamas depuis pr\u00e8s de deux ans nous affaiblit et nous divise\u00a0\u00bb, a ripost\u00e9 l&rsquo;opposant Benny Gantz. \u00ab\u00a0Les soutenir est ce qui nous renforce et les renforce\u00a0\u00bb. Le chef de l&rsquo;opposition, Yair Lapid, a lui d\u00e9nonc\u00e9 une \u00ab\u00a0vague de messages r\u00e9pugnants\u00a0\u00bb de ces ministres. \u00ab\u00a0N&rsquo;avez-vous aucune honte ?\u00a0\u00bb, a-t-il apostroph\u00e9.<\/p>\n","protected":false},"excerpt":{"rendered":"Des milliers de personnes sont descendues dans les rues \u00e0 l&rsquo;appel du Forum des familles d&rsquo;otages, de l&rsquo;opposition&hellip;\n","protected":false},"author":2,"featured_media":324852,"comment_status":"","ping_status":"","sticky":false,"template":"","format":"standard","meta":{"footnotes":""},"categories":[1888],"tags":[1111,1928,11,1927,1777,674,1011,27,12,1926,626,1925,25],"class_list":{"0":"post-324851","1":"post","2":"type-post","3":"status-publish","4":"format-standard","5":"has-post-thumbnail","7":"category-paris","8":"tag-actu","9":"tag-actu-paris","10":"tag-actualites","11":"tag-actualites-paris","12":"tag-eu","13":"tag-europe","14":"tag-fr","15":"tag-france","16":"tag-news","17":"tag-news-paris","18":"tag-paris","19":"tag-paris-news","20":"tag-republique-francaise"},"share_on_mastodon":{"url":"https:\/\/pubeurope.com\/@fr\/115044160955093284","error":""},"_links":{"self":[{"href":"https:\/\/www.europesays.com\/fr\/wp-json\/wp\/v2\/posts\/324851","targetHints":{"allow":["GET"]}}],"collection":[{"href":"https:\/\/www.europesays.com\/fr\/wp-json\/wp\/v2\/posts"}],"about":[{"href":"https:\/\/www.europesays.com\/fr\/wp-json\/wp\/v2\/types\/post"}],"author":[{"embeddable":true,"href":"https:\/\/www.europesays.com\/fr\/wp-json\/wp\/v2\/users\/2"}],"replies":[{"embeddable":true,"href":"https:\/\/www.europesays.com\/fr\/wp-json\/wp\/v2\/comments?post=324851"}],"version-history":[{"count":0,"href":"https:\/\/www.europesays.com\/fr\/wp-json\/wp\/v2\/posts\/324851\/revisions"}],"wp:featuredmedia":[{"embeddable":true,"href":"https:\/\/www.europesays.com\/fr\/wp-json\/wp\/v2\/media\/324852"}],"wp:attachment":[{"href":"https:\/\/www.europesays.com\/fr\/wp-json\/wp\/v2\/media?parent=324851"}],"wp:term":[{"taxonomy":"category","embeddable":true,"href":"https:\/\/www.europesays.com\/fr\/wp-json\/wp\/v2\/categories?post=324851"},{"taxonomy":"post_tag","embeddable":true,"href":"https:\/\/www.europesays.com\/fr\/wp-json\/wp\/v2\/tags?post=324851"}],"curies":[{"name":"wp","href":"https:\/\/api.w.org\/{rel}","templated":true}]}}