{"id":324855,"date":"2025-08-17T12:43:09","date_gmt":"2025-08-17T12:43:09","guid":{"rendered":"https:\/\/www.europesays.com\/fr\/324855\/"},"modified":"2025-08-17T12:43:09","modified_gmt":"2025-08-17T12:43:09","slug":"age-dimensions-esthetique-decouvrez-la-carte-interactive-des-arbres-remarquables-a-voir-a-paris","status":"publish","type":"post","link":"https:\/\/www.europesays.com\/fr\/324855\/","title":{"rendered":"\u00c2ge, dimensions, esth\u00e9tique\u2026 d\u00e9couvrez la carte interactive des arbres remarquables \u00e0 voir \u00e0 Paris"},"content":{"rendered":"<p class=\"paragraph text_align_left lp-f-body-02\">C\u2019est en d\u00e9couvrant l\u2019histoire d\u2019amour d\u2019un homme et d\u2019un ch\u00eane des Pyr\u00e9n\u00e9es fran\u00e7aises que Charles Grosperrin a constat\u00e9 l\u2019existence des <a href=\"https:\/\/www.leparisien.fr\/paris-75\/sophora-micocoulier-savonnier-six-arbres-remarquables-quil-faut-avoir-vus-a-paris-12-05-2024-6GTC2FO4FZFRJLZ7QDN4XD7TRE.php\" target=\"_blank\" rel=\"noreferrer noopener\">\u00ab Arbres remarquables \u00bb<\/a>, une distinction d\u00e9livr\u00e9e \u00e0 certains arbres qui remplissent des crit\u00e8res esth\u00e9tiques et biologiques.<\/p>\n<p class=\"paragraph text_align_left lp-f-body-02\">Selon <a href=\"https:\/\/www.arbres.org\/\" target=\"_self\" rel=\"noopener\">l\u2019Association des arbres remarquables<\/a>, ils pr\u00e9sentent \u00ab des caract\u00e8res extraordinaires d\u2019\u00e2ge, de dimensions, d\u2019esth\u00e9tique, de particularit\u00e9s propres, de situation, d\u2019histoire ou de l\u00e9gende \u00bb, et sont \u00ab des \u00e9l\u00e9ments du patrimoine naturel et culturel \u00bb.<\/p>\n<p class=\"paragraph text_align_left lp-f-body-02\">Si le comit\u00e9 de cette association se r\u00e9unit trois fois par an pour d\u00e9cerner de nouveaux labels aux arbres, les municipalit\u00e9s \u00e9tablissent leur propre inventaire.<\/p>\n<p>\u00ab Chacun a une photo, une description, une localisation\u2026 \u00bb<\/p>\n<p class=\"paragraph text_align_left lp-f-body-02\">Charles Grosperrin, qui a cr\u00e9\u00e9 avec sa compagne une entreprise de cartographie, North Arrow, destin\u00e9e aux ONG, s\u2019est donc int\u00e9ress\u00e9 \u00e0 cette appellation et a trouv\u00e9 la <a href=\"https:\/\/opendata.paris.fr\/explore\/dataset\/arbresremarquablesparis\/table\/\" target=\"_self\" rel=\"noopener\">base de donn\u00e9es ouverte de la mairie de Paris<\/a> qui r\u00e9f\u00e9rence les arbres remarquables de la capitale.<\/p>\n<p class=\"paragraph text_align_left lp-f-body-02\">\u00ab Chacun a une photo, une description, une localisation\u2026 J\u2019ai donc cartographi\u00e9 \u00e0 partir de ces informations \u00bb, explique ce Fran\u00e7ais \u00e9tablit \u00e0 Barcelone. Il estime que \u00ab la cartographie est un m\u00e9dium qui engage et qui touche les gens \u00bb davantage qu\u2019un texte ou une photo seule.<\/p>\n<p class=\"paragraph text_align_left lp-f-body-02\">\u00c0 Paris, il a par exemple produit des cartographies de camps de migrants pour organiser <a href=\"https:\/\/www.leparisien.fr\/video\/video-ya-dla-joie-la-maraude-parisienne-qui-fait-chanter-et-danser-les-sans-abri-08-01-2023-HV5233LQZNE47O3MGMUBWSRRDU.php\" target=\"_blank\" rel=\"noreferrer noopener\">des maraudes<\/a> de mani\u00e8re intelligente dans la capitale.<\/p>\n<p>\u00ab De belles histoires \u00bb<\/p>\n<p class=\"paragraph text_align_left lp-f-body-02\">L\u2019identification des arbres remarquables a \u00e9t\u00e9 faite par la Direction des Espaces Verts et de l\u2019Environnement de la ville de Paris dans l\u2019espace public et recense 186 arbres remarquables, bois de Boulogne et de Vincennes compris, dont une dizaine dans le <a href=\"https:\/\/www.leparisien.fr\/culture-loisirs\/balade-verte-au-pere-lachaise-royaume-des-renards-et-des-stars-28-10-2022-3XG5QUV2VNCJJO73UOSZIBYPTI.php\" target=\"_blank\" rel=\"noreferrer noopener\">cimeti\u00e8re du P\u00e8re-Lachaise<\/a>.<\/p>\n<p class=\"paragraph text_align_left lp-f-body-02\">\u00ab J\u2019ai d\u00e9couvert des belles histoires, comme dans le jardin Anne-Frank (IIIe) \u00bb, explique Charles, faisant r\u00e9f\u00e9rence \u00e0 un marronnier issu du semis du v\u00e9ritable marronnier qu\u2019Anne Frank voyait depuis son grenier, \u00e0 Amsterdam, o\u00f9 elle et sa famille se sont cach\u00e9es des nazis pendant la Seconde Guerre mondiale. Selon la base de donn\u00e9es de la mairie de Paris, il en existe un peu partout dans le monde pour honorer la m\u00e9moire de la jeune fille.<\/p>\n<p>Une dimension collaborative<\/p>\n<p class=\"paragraph text_align_left lp-f-body-02\"><a href=\"https:\/\/northarrowmyi.maps.arcgis.com\/apps\/dashboards\/3566c0c43ca04f779fc78af22c3d6ebf\" target=\"_self\" rel=\"noopener\">\u00c0 cette carte<\/a>, Charles a ajout\u00e9 un formulaire accessible \u00e0 tous qui permet d\u2019identifier un arbre \u00ab remarqu\u00e9 \u00bb pour rendre la carte \u00ab plus interactive et collaborative \u00bb. Il tient \u00e0 en faire \u00ab un outil moins autoritaire qui permette aux gens d\u2019identifier des beaux arbres selon leurs crit\u00e8res \u00bb.<\/p>\n<p class=\"paragraph text_align_left lp-f-body-02\">\u00ab On peut avoir, en tant que r\u00e9sident parisien, une relation particuli\u00e8re avec un arbre \u00bb, explique-t-il, et \u00ab promouvoir la nature dans un environnement urbain, c\u2019est important \u00bb.<\/p>\n<p class=\"paragraph text_align_left lp-f-body-02\">L\u2019Association des arbres remarquables, qui accorde aussi le label \u00e0 des arbres du domaine priv\u00e9, recense pour sa part environ 800 arbres en France, et encourage chaque ann\u00e9e les citoyens \u00e0 recenser ces derniers.<\/p>\n","protected":false},"excerpt":{"rendered":"C\u2019est en d\u00e9couvrant l\u2019histoire d\u2019amour d\u2019un homme et d\u2019un ch\u00eane des Pyr\u00e9n\u00e9es fran\u00e7aises que Charles Grosperrin a constat\u00e9&hellip;\n","protected":false},"author":2,"featured_media":324856,"comment_status":"","ping_status":"","sticky":false,"template":"","format":"standard","meta":{"footnotes":""},"categories":[1888],"tags":[11,1777,674,1011,27,3746,1944,12,626,25],"class_list":{"0":"post-324855","1":"post","2":"type-post","3":"status-publish","4":"format-standard","5":"has-post-thumbnail","7":"category-paris","8":"tag-actualites","9":"tag-eu","10":"tag-europe","11":"tag-fr","12":"tag-france","13":"tag-futurs","14":"tag-ma-ville","15":"tag-news","16":"tag-paris","17":"tag-republique-francaise"},"share_on_mastodon":{"url":"https:\/\/pubeurope.com\/@fr\/115044168770772293","error":""},"_links":{"self":[{"href":"https:\/\/www.europesays.com\/fr\/wp-json\/wp\/v2\/posts\/324855","targetHints":{"allow":["GET"]}}],"collection":[{"href":"https:\/\/www.europesays.com\/fr\/wp-json\/wp\/v2\/posts"}],"about":[{"href":"https:\/\/www.europesays.com\/fr\/wp-json\/wp\/v2\/types\/post"}],"author":[{"embeddable":true,"href":"https:\/\/www.europesays.com\/fr\/wp-json\/wp\/v2\/users\/2"}],"replies":[{"embeddable":true,"href":"https:\/\/www.europesays.com\/fr\/wp-json\/wp\/v2\/comments?post=324855"}],"version-history":[{"count":0,"href":"https:\/\/www.europesays.com\/fr\/wp-json\/wp\/v2\/posts\/324855\/revisions"}],"wp:featuredmedia":[{"embeddable":true,"href":"https:\/\/www.europesays.com\/fr\/wp-json\/wp\/v2\/media\/324856"}],"wp:attachment":[{"href":"https:\/\/www.europesays.com\/fr\/wp-json\/wp\/v2\/media?parent=324855"}],"wp:term":[{"taxonomy":"category","embeddable":true,"href":"https:\/\/www.europesays.com\/fr\/wp-json\/wp\/v2\/categories?post=324855"},{"taxonomy":"post_tag","embeddable":true,"href":"https:\/\/www.europesays.com\/fr\/wp-json\/wp\/v2\/tags?post=324855"}],"curies":[{"name":"wp","href":"https:\/\/api.w.org\/{rel}","templated":true}]}}