{"id":324859,"date":"2025-08-17T12:45:29","date_gmt":"2025-08-17T12:45:29","guid":{"rendered":"https:\/\/www.europesays.com\/fr\/324859\/"},"modified":"2025-08-17T12:45:29","modified_gmt":"2025-08-17T12:45:29","slug":"ursula-von-der-leyen-emmanuel-macron-et-friedrich-merz-accompagneront-volodymyr-zelensky-a-washington-lundi-lexpress","status":"publish","type":"post","link":"https:\/\/www.europesays.com\/fr\/324859\/","title":{"rendered":"Ursula von der Leyen, Emmanuel Macron et Friedrich Merz accompagneront Volodymyr Zelensky \u00e0 Washington lundi \u2013 L&rsquo;Express"},"content":{"rendered":"<p class=\"paragraph article-body-paragraph article__item article-body-paragraph--live  \">Kiev et Moscou se sont mutuellement attaqu\u00e9s avec des drones dimanche, \u00e0 la veille de la visite du pr\u00e9sident ukrainien Volodymyr Zelensky aux \u00c9tats-Unis pour des discussions avec son homologue Donald Trump sur la fin de trois ans et demi de conflit avec la Russie. <\/p>\n<p class=\"paragraph article-body-paragraph article__item article-body-paragraph--live  \">M. Trump doit informer M. Zelensky de ses <a href=\"https:\/\/www.lexpress.fr\/monde\/europe\/ukraine-ce-quil-faut-retenir-du-sommet-trump-poutine-en-alaska-244KGNTOPFFLZGKHEUXK4TJESQ\/\" target=\"_self\" rel=\"nofollow noopener\" title=\"https:\/\/www.lexpress.fr\/monde\/europe\/ukraine-ce-quil-faut-retenir-du-sommet-trump-poutine-en-alaska-244KGNTOPFFLZGKHEUXK4TJESQ\/\">discussions, vendredi en Alaska<\/a>, avec le pr\u00e9sident russe Vladimir Poutine, cens\u00e9es mettre fin au conflit meurtrier d\u00e9clench\u00e9 par l&rsquo;invasion de l&rsquo;<a href=\"https:\/\/www.lexpress.fr\/monde\/pour-lukraine-une-clause-de-securite-sans-adhesion-a-lotan-le-plan-de-trump-pour-un-accord-de-paix-E6QNID6PNNHMDLLRV3F4GTZB54\/\" target=\"_self\" rel=\"nofollow noopener\" title=\"https:\/\/www.lexpress.fr\/monde\/pour-lukraine-une-clause-de-securite-sans-adhesion-a-lotan-le-plan-de-trump-pour-un-accord-de-paix-E6QNID6PNNHMDLLRV3F4GTZB54\/\">Ukraine<\/a> par la Russie.<\/p>\n<p class=\"paragraph article-body-paragraph article__item article-body-paragraph--live  \">Les alli\u00e9s europ\u00e9ens de l&rsquo;Ukraine ont affich\u00e9 leur volont\u00e9 de faire bloc autour du pr\u00e9sident ukrainien Volodymyr Zelensky en annon\u00e7ant qu&rsquo;ils l&rsquo;accompagneraient \u00e0 la Maison Blanche lundi pour une rencontre avec Donald Trump.<\/p>\n<p>Von der Leyen, Macron, Starmer et Merz accompagneront Zelensky \u00e0 Washington lundi<\/p>\n<p class=\"paragraph article-body-paragraph article__item article-body-paragraph--live  \">La pr\u00e9sidente de la Commission europ\u00e9enne Ursula von der Leyen a annonc\u00e9 qu&rsquo;elle se rendrait avec plusieurs dirigeants europ\u00e9ens \u00e0 la Maison-Blanche lundi aux c\u00f4t\u00e9s du pr\u00e9sident ukrainien Volodymyr Zelensky.<\/p>\n<p><strong class=\"article-body-link-list__item text-gray-800 article-body-link-list__item--one-item\">LIRE AUSSI : <a class=\"article-body-link-list__item-link\" href=\"https:\/\/www.lexpress.fr\/monde\/europe\/tatiana-stanovaia-vladimir-poutine-a-engrange-une-victoire-personnelle-en-alaska-NH4FQUKLAVFEPJZ5UHTRZ6C3MM\/\" target=\"_blank\" rel=\"noreferrer nofollow noopener\">Tatiana Stanova\u00efa : Vladimir Poutine a engrang\u00e9 une \u00ab\u00a0victoire personnelle\u00a0\u00bb en Alaska<\/a><\/strong><\/p>\n<p class=\"paragraph article-body-paragraph article__item article-body-paragraph--live  \">\u00ab\u00a0A la demande du pr\u00e9sident Zelensky, je participerai demain \u00e0 la r\u00e9union avec le pr\u00e9sident Trump et d&rsquo;autres dirigeants europ\u00e9ens \u00e0 la Maison-Blanche\u00a0\u00bb, a-t-elle d\u00e9clar\u00e9 sur le r\u00e9seau social X. <\/p>\n<p class=\"paragraph article-body-paragraph article__item article-body-paragraph--live  \">Le chancelier allemand Friedrich Merz, le pr\u00e9sident fran\u00e7ais Emmanuel Macron, le pr\u00e9sident finlandais Alexander Stubb, le chef de l&rsquo;Otan Mark Rutte, la Premi\u00e8re ministre italienne Giorgia Meloni, et le Premier ministre britannique Keir Starmer, seront \u00e9galement du voyage.<\/p>\n<p class=\"paragraph article-body-paragraph article__item article-body-paragraph--live  \">\u00ab\u00a0Le pr\u00e9sident de la R\u00e9publique se rendra demain \u00e0 Washington aux c\u00f4t\u00e9s du pr\u00e9sident Zelensky et de plusieurs dirigeants europ\u00e9ens afin de poursuivre le travail de coordination entre les Europ\u00e9ens et les \u00c9tats-Unis dans le but de parvenir \u00e0 une paix juste et durable qui pr\u00e9serve les int\u00e9r\u00eats vitaux de l&rsquo;Ukraine et la s\u00e9curit\u00e9 de l&rsquo;Europe\u00a0\u00bb, a annonc\u00e9 la pr\u00e9sidence fran\u00e7aise.<\/p>\n<p>Zelensky \u00e0 Bruxelles dimanche pour la visioconf\u00e9rence avec les dirigeants europ\u00e9ens<\/p>\n<p class=\"paragraph article-body-paragraph article__item article-body-paragraph--live  \">Le pr\u00e9sident ukrainien Volodymyr Zelensky sera \u00e0 Bruxelles dimanche apr\u00e8s-midi pour participer \u00e0 la visioconf\u00e9rence des alli\u00e9s europ\u00e9ens de l&rsquo;Ukraine au sujet de l&rsquo;accord de paix voulu par Donald Trump apr\u00e8s sa rencontre avec Vladimir Poutine, a annonc\u00e9 la pr\u00e9sidente de la Commission europ\u00e9enne Ursula von der Leyen.<\/p>\n<p class=\"paragraph article-body-paragraph article__item article-body-paragraph--live  \">\u00ab\u00a0Cet apr\u00e8s-midi, j&rsquo;accueillerai Volodymyr Zelensky \u00e0 Bruxelles\u00a0\u00bb, a-t-elle d\u00e9clar\u00e9 dans une publication sur le r\u00e9seau social X.<\/p>\n<p>Trump soutient un plan territorial de Poutine pour l&rsquo;Ukraine<\/p>\n<p class=\"paragraph article-body-paragraph article__item article-body-paragraph--live  \">Le pr\u00e9sident am\u00e9ricain Donald Trump soutien une proposition de la Russie qui souhaite prendre le contr\u00f4le total de deux r\u00e9gions ukrainiennes et geler le front dans deux autres r\u00e9gions que Moscou ne contr\u00f4le que partiellement, a indiqu\u00e9 samedi \u00e0 l&rsquo;AFP une source ayant connaissance du sujet.<\/p>\n<p class=\"paragraph article-body-paragraph article__item article-body-paragraph--live  \">Cette source, qui a requis l&rsquo;anonymat, a expliqu\u00e9 que le pr\u00e9sident russe Vladimir Poutine \u00ab\u00a0demande dans les faits que l&rsquo;Ukraine quitte le Donbass\u00a0\u00bb, un territoire rassemblant les r\u00e9gions de Donetsk et Lougansk dans l&rsquo;est de l&rsquo;Ukraine. \u00ab\u00a0Trump est enclin \u00e0 soutenir cela\u00a0\u00bb, a ajout\u00e9 la m\u00eame source.<\/p>\n<p class=\"paragraph article-body-paragraph article__item article-body-paragraph--live  \">\u00ab\u00a0Le pr\u00e9sident ukrainien a refus\u00e9 d&rsquo;abandonner le Donbass\u00a0\u00bb, a d\u00e9clar\u00e9 la source ayant connaissance du sujet. M. Zelensky a rejet\u00e9 toute concession territoriale, disant avoir les mains li\u00e9es par la constitution ukrainienne. Mais il n&rsquo;a pas exclu de discuter du sujet lors d&rsquo;une rencontre trilat\u00e9rale avec MM. Trump et Poutine.<\/p>\n<p><strong class=\"article-body-link-list__item text-gray-800 article-body-link-list__item--one-item\">LIRE AUSSI : <a class=\"article-body-link-list__item-link\" href=\"https:\/\/www.lexpress.fr\/monde\/sommet-trump-poutine-en-alaska-le-partage-de-larctique-lautre-deal-en-jeu-JSKEVRSJ7JFZDNMYCFHQP6DU7Q\/\" target=\"_blank\" rel=\"noreferrer nofollow noopener\">Sommet Trump-Poutine en Alaska : le partage de l\u2019Arctique, l\u2019autre \u00ab\u00a0deal\u00a0\u00bb en jeu ?<\/a><\/strong><\/p>\n<p class=\"paragraph article-body-paragraph article__item article-body-paragraph--live  \">Le quotidien am\u00e9ricain New York Times a lui aussi cit\u00e9 deux hauts responsables europ\u00e9ens qui affirment que M. Trump soutient un plan de M. Poutine \u00ab\u00a0pour mettre fin \u00e0 la guerre en Ukraine en c\u00e9dant des territoires qui restent \u00e0 conqu\u00e9rir aux envahisseurs russes, plut\u00f4t que de tenter un cessez-le-feu\u00a0\u00bb. Selon le quotidien britannique Financial Times, Vladimir Poutine a dit \u00e0 Donald Trump qu&rsquo;il \u00e9tait pr\u00eat \u00e0 \u00ab\u00a0geler le reste du front si ses principales demandes sont accept\u00e9es\u00a0\u00bb. Ce message a \u00e9t\u00e9 directement relay\u00e9 par M. Trump lors de son appel t\u00e9l\u00e9phonique samedi matin avec M. Zelensky et les dirigeants europ\u00e9ens, pr\u00e9cise le Financial Times.<\/p>\n<p class=\"paragraph article-body-paragraph article__item article-body-paragraph--live  \">Selon la source ayant parl\u00e9 \u00e0 l&rsquo;AFP, des responsables am\u00e9ricains ont indiqu\u00e9 que si les demandes russes sont accept\u00e9es, \u00ab\u00a0Poutine ne poursuivra pas l&rsquo;offensive dans les r\u00e9gions (ukrainiennes) de Kherson et Zaporijjia (sud), donc il y aurait une sorte de gel l\u00e0-bas\u00a0\u00bb. \u00ab\u00a0Mais dans les faits, tout d\u00e9pendra de la parole d&rsquo;honneur de Poutine\u00a0\u00bb, a estim\u00e9 la m\u00eame source.<\/p>\n<p class=\"paragraph article-body-paragraph article__item article-body-paragraph--live   article__text__endpicto\">Quelques mois apr\u00e8s avoir lanc\u00e9 son invasion de l&rsquo;Ukraine, la Russie avait proclam\u00e9 en septembre 2022 l&rsquo;annexion des quatre r\u00e9gions ukrainiennes pr\u00e9cit\u00e9es, m\u00eame si ses troupes n&rsquo;en contr\u00f4lent toujours aucune en totalit\u00e9. Les forces russes occupent aujourd&rsquo;hui la quasi totalit\u00e9 de la r\u00e9gion de Lougansk et une grande partie de la r\u00e9gion de Donetsk, dont leurs capitales r\u00e9gionales. Ce n&rsquo;est pas le cas des r\u00e9gions de Zaporijjia et Kherson, dont les principaux centres urbains sont toujours sous contr\u00f4le ukrainien. En 2014, la Russie avait d\u00e9j\u00e0 annex\u00e9 la p\u00e9ninsule ukrainienne de Crim\u00e9e.<\/p>\n","protected":false},"excerpt":{"rendered":"Kiev et Moscou se sont mutuellement attaqu\u00e9s avec des drones dimanche, \u00e0 la veille de la visite du&hellip;\n","protected":false},"author":2,"featured_media":324860,"comment_status":"","ping_status":"","sticky":false,"template":"","format":"standard","meta":{"footnotes":""},"categories":[1591],"tags":[11,674,1887,74,12,1885,1886,132],"class_list":{"0":"post-324859","1":"post","2":"type-post","3":"status-publish","4":"format-standard","5":"has-post-thumbnail","7":"category-russie","8":"tag-actualites","9":"tag-europe","10":"tag-federation-de-russie","11":"tag-monde","12":"tag-news","13":"tag-russia","14":"tag-russian-federation","15":"tag-russie"},"share_on_mastodon":{"url":"https:\/\/pubeurope.com\/@fr\/115044176615695382","error":""},"_links":{"self":[{"href":"https:\/\/www.europesays.com\/fr\/wp-json\/wp\/v2\/posts\/324859","targetHints":{"allow":["GET"]}}],"collection":[{"href":"https:\/\/www.europesays.com\/fr\/wp-json\/wp\/v2\/posts"}],"about":[{"href":"https:\/\/www.europesays.com\/fr\/wp-json\/wp\/v2\/types\/post"}],"author":[{"embeddable":true,"href":"https:\/\/www.europesays.com\/fr\/wp-json\/wp\/v2\/users\/2"}],"replies":[{"embeddable":true,"href":"https:\/\/www.europesays.com\/fr\/wp-json\/wp\/v2\/comments?post=324859"}],"version-history":[{"count":0,"href":"https:\/\/www.europesays.com\/fr\/wp-json\/wp\/v2\/posts\/324859\/revisions"}],"wp:featuredmedia":[{"embeddable":true,"href":"https:\/\/www.europesays.com\/fr\/wp-json\/wp\/v2\/media\/324860"}],"wp:attachment":[{"href":"https:\/\/www.europesays.com\/fr\/wp-json\/wp\/v2\/media?parent=324859"}],"wp:term":[{"taxonomy":"category","embeddable":true,"href":"https:\/\/www.europesays.com\/fr\/wp-json\/wp\/v2\/categories?post=324859"},{"taxonomy":"post_tag","embeddable":true,"href":"https:\/\/www.europesays.com\/fr\/wp-json\/wp\/v2\/tags?post=324859"}],"curies":[{"name":"wp","href":"https:\/\/api.w.org\/{rel}","templated":true}]}}