{"id":324863,"date":"2025-08-17T12:47:23","date_gmt":"2025-08-17T12:47:23","guid":{"rendered":"https:\/\/www.europesays.com\/fr\/324863\/"},"modified":"2025-08-17T12:47:23","modified_gmt":"2025-08-17T12:47:23","slug":"de-lamerique-de-trump-au-canada-deux-pasteurs-americains-en-exil","status":"publish","type":"post","link":"https:\/\/www.europesays.com\/fr\/324863\/","title":{"rendered":"De l\u2019Am\u00e9rique de Trump au Canada\u00a0: deux pasteurs am\u00e9ricains en exil"},"content":{"rendered":"<p class=\"sc-jbo7hw-7 bDkRIk\">Aux \u00c9tats-Unis, la mont\u00e9e des tensions depuis l&rsquo;arriv\u00e9e de Donald Trump en politique pousse certains Am\u00e9ricains \u00e0 chercher une vie meilleure \u00e0 l&rsquo;\u00e9tranger, notamment au Canada. C&rsquo;est le cas de deux pasteurs am\u00e9ricains qui se sont install\u00e9s \u00e0 London en Ontario. S\u2019ils continuent de croire en la promesse d\u2019une vie meilleure au pays de l\u2019unifoli\u00e9, leur route vers l\u2019eldorado canadien est loin d\u2019\u00eatre un long fleuve tranquille.<\/p>\n<p class=\"sc-jbo7hw-7 bDkRIk\">Robert Apgar-Taylor se souvient parfaitement du jour o\u00f9 son mari Robert Taylor (nous l\u2019appellerons Rob afin de les diff\u00e9rencier) et lui ont travers\u00e9 la fronti\u00e8re canadienne.<\/p>\n<p class=\"sc-jbo7hw-7 bDkRIk\">Nous avons pris une photo \u00e0 la fronti\u00e8re. C\u2019\u00e9tait l\u2019hiver. Nous portions nos chemises \u00e0 carreaux et nos chapeaux et avons montr\u00e9 nos documents d\u2019immigration avec le camion de d\u00e9m\u00e9nagement derri\u00e8re nous. Nous \u00e9tions tellement excit\u00e9s, raconte Robert Apgar-Taylor.<\/p>\n<p><img decoding=\"async\" alt=\"Un \u00e9goportrait de Robert Apgar-Taylor et de Robert Taylor montrant leurs documents d'immigration \u00e0 leur arriv\u00e9e au Canada.\" class=\"absolute left-0 top-0 size-full object-cover transition-opacity ease-out print:relative html-dark:brightness-[.8]\" loading=\"lazy\" src=\"https:\/\/www.europesays.com\/fr\/wp-content\/uploads\/2025\/08\/robert-apgar-taylor-robert-taylor.jpg\"\/>Ouvrir en mode plein \u00e9cran<\/p>\n<p class=\"sc-ic6be9-2 kYrgAK\">Robert Apgar-Taylor et son mari Robert Taylor \u00e0 leur arriv\u00e9e au Canada.<\/p>\n<p class=\"sc-ic6be9-1 cJJtvJ text-gray600 light:text-gray600 dark:text-gray400\">Photo : Robert Apgar-Taylor<\/p>\n<p class=\"sc-jbo7hw-7 bDkRIk\">C\u2019\u00e9tait en d\u00e9cembre\u00a02022. Robert, un r\u00e9v\u00e9rend de la United Church of Christ, une \u00c9glise am\u00e9ricaine progressiste, venait d\u2019obtenir un poste dans une paroisse de l\u2019\u00c9glise Unie du Canada \u00e0 London, en Ontario.<\/p>\n<blockquote class=\"sc-ym8j07-0 kJvxpW text-gray700 light:text-gray700 dark:text-gray200\">\n<p class=\"sc-ym8j07-1 jhkebe !font-display text-6 leading-5 xsToSm:text-5 font-bold text-gray700 light:text-gray700 dark:text-gray200 font-medium\">Quand Trump a \u00e9t\u00e9 \u00e9lu [pour la premi\u00e8re fois], nous avons pens\u00e9 partir, mais nous nous sommes dit que notre r\u00e9action \u00e9tait excessive et que les choses ne pourraient pas aller si mal. [&#8230;] Mais les choses se sont pass\u00e9es aussi mal que nous l\u2019avions imagin\u00e9.<\/p>\n<p>Une citation de Robert Apgar-Taylor, r\u00e9v\u00e9rend am\u00e9ricain<\/p><\/blockquote>\n<p class=\"sc-jbo7hw-7 bDkRIk\">D\u00e8s l\u2019\u00e9lection de Donald Trump en\u00a02016, le couple a regard\u00e9 avec angoisse le climat politique se d\u00e9t\u00e9riorer dans leur pays et les <a tabindex=\"0\" class=\"border-b border-solid transition-colors text-blue600 hover:text-blue600 light:text-blue600 light:hover:text-blue600 dark:text-blue400 dark:hover:text-blue400 border-gray900\/25 light:border-gray900\/25 dark:border-gray100\/25 hover:border-blue600 light:hover:border-blue600 dark:hover:border-blue400 hover:bg-gray999\/10 light:hover:bg-gray999\/10 dark:hover:bg-gray0\/10\" href=\"https:\/\/ici.radio-canada.ca\/nouvelle\/1018505\/administration-trump-recul-droits-transgenres-toilette?partageApp=rcca_appmobile_appinfo_android\" rel=\"nofollow noopener\" target=\"_blank\">mesures hostiles aux droits LGBTQ+<\/a> se multiplier.<\/p>\n<p><img decoding=\"async\" alt=\"Donald Trump brandissant une bible devant l'\u00e9glise St. John's.\" class=\"absolute left-0 top-0 size-full object-cover transition-opacity ease-out print:relative html-dark:brightness-[.8]\" loading=\"lazy\" src=\"https:\/\/www.europesays.com\/fr\/wp-content\/uploads\/2025\/08\/trump-bible-eglise-30409.jpg\"\/>Ouvrir en mode plein \u00e9cran<\/p>\n<p class=\"sc-ic6be9-2 kYrgAK\">Donald Trump s&rsquo;est fait prendre en photo devant une \u00e9glise, une bible \u00e0 la main, apr\u00e8s la dispersion de manifestants, le 2 juin 2020. \u00ab Nous avons un grand pays \u00bb, a-t-il d\u00e9clar\u00e9.<\/p>\n<p class=\"sc-ic6be9-1 cJJtvJ text-gray600 light:text-gray600 dark:text-gray400\">Photo : Associated Press \/ Patrick Semansky<\/p>\n<p class=\"sc-jbo7hw-7 bDkRIk\">D\u2019abord, il y eut le retrait d\u2019une page d\u00e9di\u00e9e \u00e0 la communaut\u00e9 LGBTQ+ sur le site web de la Maison-Blanche quelques heures seulement apr\u00e8s l\u2019assermentation de Donald Trump en\u00a02017, raconte Robert Apgar-Taylor.<\/p>\n<p class=\"sc-jbo7hw-7 bDkRIk\">Puis, la violente <a tabindex=\"0\" class=\"border-b border-solid transition-colors text-blue600 hover:text-blue600 light:text-blue600 light:hover:text-blue600 dark:text-blue400 dark:hover:text-blue400 border-gray900\/25 light:border-gray900\/25 dark:border-gray100\/25 hover:border-blue600 light:hover:border-blue600 dark:hover:border-blue400 hover:bg-gray999\/10 light:hover:bg-gray999\/10 dark:hover:bg-gray0\/10\" href=\"https:\/\/ici.radio-canada.ca\/nouvelle\/1708877\/donald-trump-racisme-etats-unis-medias-journalistes-presse\" rel=\"nofollow noopener\" target=\"_blank\">r\u00e9pression de manifestants antiracisme<\/a> \u00e0 coups de balles de caoutchouc et de gaz lacrymog\u00e8ne devant la r\u00e9sidence du pr\u00e9sident en\u00a02020 et finalement <a tabindex=\"0\" class=\"border-b border-solid transition-colors text-blue600 hover:text-blue600 light:text-blue600 light:hover:text-blue600 dark:text-blue400 dark:hover:text-blue400 border-gray900\/25 light:border-gray900\/25 dark:border-gray100\/25 hover:border-blue600 light:hover:border-blue600 dark:hover:border-blue400 hover:bg-gray999\/10 light:hover:bg-gray999\/10 dark:hover:bg-gray0\/10\" href=\"https:\/\/ici.radio-canada.ca\/info\/videos\/1-8622277\/insurrection-6-janvier-rappel-evenements\" rel=\"nofollow noopener\" target=\"_blank\">l&rsquo;attaque contre le capitole<\/a> un an plus tard.<\/p>\n<p class=\"sc-jbo7hw-7 bDkRIk\">Je ne pouvais pas croire qu\u2019on d\u00e9mantelait la constitution et les garde-fous de la soci\u00e9t\u00e9 civile et que les gens suivaient [Donald Trump] aveugl\u00e9ment, se souvient Rob, qui \u00e9tait policier pour la Ville de Washington D.C. \u00e0 l\u2019\u00e9poque.<\/p>\n<p><img decoding=\"async\" alt=\"Le juge de la Cour supr\u00eame des \u00c9tats-Unis, Clarence Thomas.\" class=\"absolute left-0 top-0 size-full object-cover transition-opacity ease-out print:relative html-dark:brightness-[.8]\" loading=\"lazy\" src=\"https:\/\/www.europesays.com\/fr\/wp-content\/uploads\/2025\/08\/clarence-thomas-juge-etats-unis.jpg\"\/>Ouvrir en mode plein \u00e9cran<\/p>\n<p class=\"sc-ic6be9-2 kYrgAK\">Le juge de la Cour supr\u00eame des \u00c9tats-Unis Clarence Thomas lors d&rsquo;une photographie officielle le 7 octobre 2022 \u00e0 Washington.<\/p>\n<p class=\"sc-ic6be9-1 cJJtvJ text-gray600 light:text-gray600 dark:text-gray400\">Photo : Getty Images \/ Alex Wong<\/p>\n<p class=\"sc-jbo7hw-7 bDkRIk\">En tant que pasteur ouvertement homosexuel, Robert Apgar-Taylor raconte avoir re\u00e7u une menace de mort.<\/p>\n<p class=\"sc-jbo7hw-7 bDkRIk\">Apr\u00e8s la <a tabindex=\"0\" class=\"border-b border-solid transition-colors text-blue600 hover:text-blue600 light:text-blue600 light:hover:text-blue600 dark:text-blue400 dark:hover:text-blue400 border-gray900\/25 light:border-gray900\/25 dark:border-gray100\/25 hover:border-blue600 light:hover:border-blue600 dark:hover:border-blue400 hover:bg-gray999\/10 light:hover:bg-gray999\/10 dark:hover:bg-gray0\/10\" href=\"https:\/\/ici.radio-canada.ca\/nouvelle\/1132421\/fusillade-pittsburg-autorites-enquete-police-antisemitisme\" rel=\"nofollow noopener\" target=\"_blank\">fusillade \u00e0 la synagogue Tree of Life de Pittsburgh<\/a> en\u00a02018, son \u00e9glise s&rsquo;est \u00e9galement dot\u00e9e d&rsquo;un gardien de s\u00e9curit\u00e9.<\/p>\n<p class=\"sc-jbo7hw-7 bDkRIk\">D\u00e8s [le d\u00e9but de la messe] \u00e0\u00a011\u00a0h, on fermait les portes \u00e0 cl\u00e9. [\u2026] C&rsquo;est la r\u00e9alit\u00e9 quand on est le seul pasteur ouvertement gai\u00a0\u2013\u00a0qui ose en plus d\u00e9noncer ce qui se passe, raconte-t-il.<\/p>\n<p class=\"sc-jbo7hw-7 bDkRIk\">Mais pour le couple, le coup de gr\u00e2ce a \u00e9t\u00e9 port\u00e9 en\u00a02022, lorsque la Cour supr\u00eame des \u00c9tats-Unis a <a tabindex=\"0\" class=\"border-b border-solid transition-colors text-blue600 hover:text-blue600 light:text-blue600 light:hover:text-blue600 dark:text-blue400 dark:hover:text-blue400 border-gray900\/25 light:border-gray900\/25 dark:border-gray100\/25 hover:border-blue600 light:hover:border-blue600 dark:hover:border-blue400 hover:bg-gray999\/10 light:hover:bg-gray999\/10 dark:hover:bg-gray0\/10\" href=\"https:\/\/ici.radio-canada.ca\/nouvelle\/1893597\/manifestation-cour-supreme-avortement-etats-unis\" rel=\"nofollow noopener\" target=\"_blank\">invalid\u00e9 l&rsquo;arr\u00eat Roe c. Wade<\/a>, qui garantissait le droit \u00e0 l&rsquo;avortement \u00e0 l&rsquo;\u00e9chelle nationale.<\/p>\n<p class=\"sc-jbo7hw-7 bDkRIk\">Ce jour-l\u00e0, le juge conservateur Clarence Thomas a sugg\u00e9r\u00e9 que la Cour devrait aussi reconsid\u00e9rer d\u2019autres droits acquis, tels que le droit \u00e0 la contraception, les relations homosexuelles et le mariage homosexuel.<\/p>\n<p class=\"sc-jbo7hw-7 bDkRIk\">Quinze secondes apr\u00e8s avoir entendu la nouvelle, Rob m\u2019a regard\u00e9 et m\u2019a dit \u00ab\u00a0c\u2019est assez. On doit partir\u00a0\u00bb, se souvient Robert Apgar-Taylor.<\/p>\n<p>D\u00e9but du widget . Passer le widget ?Fin du widget . Retourner au d\u00e9but du widget ?Des dizaines de demandes<\/p>\n<p class=\"sc-jbo7hw-7 bDkRIk\">Robert et Rob ne sont pas les seuls \u00e0 convoiter le Canada depuis l\u2019arriv\u00e9e de Donald Trump en politique.<\/p>\n<p class=\"sc-jbo7hw-7 bDkRIk\">Dans les deux semaines qui ont suivi la r\u00e9\u00e9lection du magnat de l\u2019immobilier en novembre\u00a02024, le couple dit avoir re\u00e7u une trentaine de messages d\u2019Am\u00e9ricains leur demandant comment faire pour s\u2019installer au nord de la fronti\u00e8re.<\/p>\n<p><img decoding=\"async\" alt=\"Un \u00e9change de messages textes sur un t\u00e9l\u00e9phone portable.\" class=\"absolute left-0 top-0 size-full object-cover transition-opacity ease-out print:relative html-dark:brightness-[.8]\" loading=\"lazy\" src=\"https:\/\/www.europesays.com\/fr\/wp-content\/uploads\/2025\/08\/pasteurs-reverends-exile-immigration-americains.png\"\/>Ouvrir en mode plein \u00e9cran<\/p>\n<p class=\"sc-ic6be9-2 kYrgAK\">Depuis la r\u00e9\u00e9lection de Donald Trump, Robert Apgar-Taylor et son mari ont re\u00e7u une trentaine de messages d\u2019Am\u00e9ricains souhaitant s\u2019installer au Canada. <\/p>\n<p class=\"sc-ic6be9-1 cJJtvJ text-gray600 light:text-gray600 dark:text-gray400\">Photo : Radio-Canada \/ Prasanjeet Choudhury<\/p>\n<p class=\"sc-jbo7hw-7 bDkRIk\">L\u2019\u00c9glise Unie du Canada indique pour sa part avoir \u00e9t\u00e9 contact\u00e9e par une vingtaine de membres du clerg\u00e9 am\u00e9ricain souhaitant obtenir un poste au Canada depuis janvier. Avant, elle ne recevait que trois \u00e0 cinq demandes annuellement.<\/p>\n<p class=\"sc-jbo7hw-7 bDkRIk\">Immigration, R\u00e9fugi\u00e9s et Citoyennet\u00e9 Canada indique, pour sa part, avoir re\u00e7u 4634\u00a0demandes d&rsquo;immigration en tout genre de la part d\u2019Am\u00e9ricains entre janvier et avril\u00a02025, comparativement \u00e0 3914\u00a0pendant la m\u00eame p\u00e9riode en\u00a02024, 4031\u00a0durant les quatre premiers mois de\u00a02023 et 3640\u00a0pour la m\u00eame p\u00e9riode en\u00a02022.<\/p>\n<p>Fuir l&rsquo;intol\u00e9rance<\/p>\n<p class=\"sc-jbo7hw-7 bDkRIk\">D\u2019ailleurs, \u00e0 l\u2019\u00c9glise Unie First-St.\u00a0Andrew&rsquo;s de London, situ\u00e9e \u00e0 seulement quelques kilom\u00e8tres de la paroisse o\u00f9 travaille Robert Apgar-Taylor, un autre am\u00e9ricain officie maintenant les messes\u00a0: le r\u00e9v\u00e9rend Joshua Lawrence.<\/p>\n<p><img decoding=\"async\" alt=\"Joshua Lawrence devant l\u2019\u00e9glise First-St. Andrew's de London, en Ontario.\" class=\"absolute left-0 top-0 size-full object-cover transition-opacity ease-out print:relative html-dark:brightness-[.8]\" loading=\"lazy\" src=\"https:\/\/www.europesays.com\/fr\/wp-content\/uploads\/2025\/08\/joshua-lawrence-pasteur-americain-16653.jpg\"\/>Ouvrir en mode plein \u00e9cran<\/p>\n<p class=\"sc-ic6be9-2 kYrgAK\">Joshua Lawrence devant l\u2019\u00e9glise First-St. Andrew&rsquo;s de London, en Ontario.\n<\/p>\n<p class=\"sc-ic6be9-1 cJJtvJ text-gray600 light:text-gray600 dark:text-gray400\">Photo : Radio-Canada \/ Prasanjeet Choudhury<\/p>\n<p class=\"sc-jbo7hw-7 bDkRIk\">Le militant pour les droits civiques originaire du Texas s\u2019est install\u00e9 \u00e0 London avec sa femme Amariee Collins\u00a0\u2013\u00a0de descendance afro-am\u00e9ricaine\u00a0\u2013\u00a0et leur jeune fils il y a quatre ans pour fuir ce que le pasteur consid\u00e8re comme une mont\u00e9e du racisme et de l&rsquo;intol\u00e9rance depuis l\u2019av\u00e8nement du mouvement MAGA aux \u00c9tats-Unis.<\/p>\n<p class=\"sc-jbo7hw-7 bDkRIk\">Il y a eu des actes de violence. [&#8230;] Des \u00e9glises noires ont \u00e9t\u00e9 br\u00fbl\u00e9es dans le sud. La question de l\u2019esclavagisme, de l\u2019\u00e9mergence du Ku Klux Klan, du terrorisme blanc, toutes ces choses, ont commenc\u00e9 \u00e0 refaire surface sous d\u2019autres formes, encourag\u00e9es par les actions de Donald Trump, raconte-t-il.<\/p>\n<p><img decoding=\"async\" alt=\"Joshua Lawrence joue avec son chien et son beau-fils dans sa cour arri\u00e8re.\" class=\"absolute left-0 top-0 size-full object-cover transition-opacity ease-out print:relative html-dark:brightness-[.8]\" loading=\"lazy\" src=\"https:\/\/www.europesays.com\/fr\/wp-content\/uploads\/2025\/08\/joshua-lawrence-pasteur-americain.jpg\"\/>Ouvrir en mode plein \u00e9cran<\/p>\n<p class=\"sc-ic6be9-2 kYrgAK\">Joshua Lawrence et le fils de sa femme, de passage au Canada pour l&rsquo;\u00e9t\u00e9.<\/p>\n<p class=\"sc-ic6be9-1 cJJtvJ text-gray600 light:text-gray600 dark:text-gray400\">Photo : Radio-Canada \/ Prasanjeet Choudhury<\/p>\n<p class=\"sc-jbo7hw-7 bDkRIk\">Rapidement, le r\u00e9v\u00e9rend, qui croyait \u0153uvrer au sein d&rsquo;une paroisse progressiste, a vu ces tensions faire surface au sein m\u00eame de son \u00e9glise.<\/p>\n<p class=\"sc-jbo7hw-7 bDkRIk\">Il raconte avoir re\u00e7u un courriel sugg\u00e9rant \u00e0 sa femme de quitter la paroisse. Puis, c\u2019est \u00e0 lui qu\u2019on a montr\u00e9 la porte en raison de ses valeurs jug\u00e9es trop lib\u00e9rales, soutient-il.<\/p>\n<p class=\"sc-jbo7hw-7 bDkRIk\">Il ajoute que dans son ancienne paroisse, afficher ouvertement son soutien \u00e0 la communaut\u00e9 LGBTQ+ et \u00e0 la lutte contre le racisme, comme il le fait maintenant au Canada, aurait \u00e9t\u00e9 tr\u00e8s risqu\u00e9.<\/p>\n<p class=\"sc-jbo7hw-7 bDkRIk\">Je me suis souvent demand\u00e9 si je pouvais le faire sans risquer de recevoir des menaces ou que l&rsquo;\u00e9glise se fasse attaquer, d\u00e9plore-t-il.<\/p>\n<p>Le Canada, un eldorado?<\/p>\n<p class=\"sc-jbo7hw-7 bDkRIk\">Pour les pasteurs, obtenir la tr\u00e8s convoit\u00e9e r\u00e9sidence permanente canadienne est toutefois loin d\u2019\u00eatre garanti.<\/p>\n<p class=\"sc-jbo7hw-7 bDkRIk\">Les deux hommes b\u00e9n\u00e9ficient d&rsquo;un visa de travail li\u00e9 \u00e0 l\u2019\u00c9glise Unie du Canada. Ils pensaient obtenir la r\u00e9sidence permanente au bout de six mois \u00e0 deux ans en sol canadien, mais <a tabindex=\"0\" class=\"border-b border-solid transition-colors text-blue600 hover:text-blue600 light:text-blue600 light:hover:text-blue600 dark:text-blue400 dark:hover:text-blue400 border-gray900\/25 light:border-gray900\/25 dark:border-gray100\/25 hover:border-blue600 light:hover:border-blue600 dark:hover:border-blue400 hover:bg-gray999\/10 light:hover:bg-gray999\/10 dark:hover:bg-gray0\/10\" href=\"https:\/\/ici.radio-canada.ca\/nouvelle\/2169878\/immigration-permanente-reduction-seuil-quebec\" rel=\"nofollow noopener\" target=\"_blank\">le r\u00e9cent abaissement des seuils d\u2019immigration permanente<\/a> par Ottawa a contrecarr\u00e9 leurs plans.<\/p>\n<p><img decoding=\"async\" alt=\"Robert Apgar-Taylor et Robert Taylor posent dans leur cour arri\u00e8re.\" class=\"absolute left-0 top-0 size-full object-cover transition-opacity ease-out print:relative html-dark:brightness-[.8]\" loading=\"lazy\" src=\"https:\/\/www.europesays.com\/fr\/wp-content\/uploads\/2025\/08\/robert-apgar-taylor-robert-taylor-pasteurs-americains.jpg\"\/>Ouvrir en mode plein \u00e9cran<\/p>\n<p class=\"sc-ic6be9-2 kYrgAK\">Robert Apgar-Taylor (gauche) et Robert Taylor (droite), chez eux \u00e0 London en Ontario. <\/p>\n<p class=\"sc-ic6be9-1 cJJtvJ text-gray600 light:text-gray600 dark:text-gray400\">Photo : Radio-Canada \/ Prasanjeet Choudhury<\/p>\n<p class=\"sc-jbo7hw-7 bDkRIk\">Tant qu\u2019ils n\u2019auront pas le statut, Robert Apagar-Taylor et son mari ne pourront pas acheter de maison sans devoir s&rsquo;acquitter d\u2019une <a tabindex=\"0\" class=\"border-b border-solid transition-colors text-blue600 hover:text-blue600 light:text-blue600 light:hover:text-blue600 dark:text-blue400 dark:hover:text-blue400 border-gray900\/25 light:border-gray900\/25 dark:border-gray100\/25 hover:border-blue600 light:hover:border-blue600 dark:hover:border-blue400 hover:bg-gray999\/10 light:hover:bg-gray999\/10 dark:hover:bg-gray0\/10\" href=\"https:\/\/www.ontario.ca\/fr\/document\/impot-sur-la-speculation-pour-les-non-residents\" rel=\"noreferrer nofollow noopener\" target=\"_blank\">taxe de 25\u00a0% impos\u00e9e aux acheteurs \u00e9trangers en Ontario\u00a0(nouvelle fen\u00eatre)<\/a>.<\/p>\n<p class=\"sc-jbo7hw-7 bDkRIk\">Par cons\u00e9quent, le pasteur a \u00e9t\u00e9 forc\u00e9 de repousser son op\u00e9ration pour le cancer de la prostate de trois mois lorsque le couple a d\u00fb d\u00e9m\u00e9nager d\u2019urgence de l&rsquo;appartement qu\u2019il louait.<\/p>\n<p class=\"sc-jbo7hw-7 bDkRIk\">Je ne pouvais pas me faire op\u00e9rer et d\u00e9m\u00e9nager en m\u00eame temps. [&#8230;] J\u2019\u00e9tais an\u00e9anti. dit-il.<\/p>\n<p class=\"sc-jbo7hw-7 bDkRIk\">Joshua Lawrence et sa femme, eux, sont souvent forc\u00e9s de vivre s\u00e9par\u00e9s puisque la sage-femme et technicienne en \u00e9chographie de formation n\u2019a toujours pas obtenu les \u00e9quivalences n\u00e9cessaires pour travailler dans son domaine en Ontario.<\/p>\n<p class=\"sc-jbo7hw-7 bDkRIk\">Elle passe donc plusieurs semaines par mois aux \u00c9tats-Unis pour gagner sa vie.<\/p>\n<p class=\"sc-jbo7hw-7 bDkRIk\">\u00c0 certains moments, nous nous sommes demand\u00e9 si nous avions pris la bonne d\u00e9cision, admet Joshua Lawrence.<\/p>\n<p class=\"sc-jbo7hw-7 bDkRIk\">L\u2019avocat en immigration Greg Willoughby met d\u2019ailleurs en garde les Am\u00e9ricains qui seraient tent\u00e9s par une vie au Canada.<\/p>\n<blockquote class=\"sc-ym8j07-0 kJvxpW text-gray700 light:text-gray700 dark:text-gray200\">\n<p class=\"sc-ym8j07-1 jhkebe !font-display text-6 leading-5 xsToSm:text-5 font-bold text-gray700 light:text-gray700 dark:text-gray200 font-medium\">Quand Trump a \u00e9t\u00e9 \u00e9lu la premi\u00e8re fois, je recevais des appels de gens qui demandaient s\u2019il y avait des options d\u2019immigration sp\u00e9cifiques pour les Am\u00e9ricains et la r\u00e9ponse est non.<\/p>\n<p>Une citation de Greg Willoughby, avocat en immigration<\/p><\/blockquote>\n<p><img decoding=\"async\" alt=\"L'avocat en immigration Greg Willoughby dans son bureau. \" class=\"absolute left-0 top-0 size-full object-cover transition-opacity ease-out print:relative html-dark:brightness-[.8]\" loading=\"lazy\" src=\"https:\/\/www.europesays.com\/fr\/wp-content\/uploads\/2025\/08\/lavocat-en-immigration-greg-willoughby.jpg\"\/>Ouvrir en mode plein \u00e9cran<\/p>\n<p class=\"sc-ic6be9-2 kYrgAK\">L&rsquo;avocat en immigration Greg Willoughby.<\/p>\n<p class=\"sc-ic6be9-1 cJJtvJ text-gray600 light:text-gray600 dark:text-gray400\">Photo : Radio-Canada \/ Prasanjeet Choudhury<\/p>\n<p class=\"sc-jbo7hw-7 bDkRIk\">Dans une d\u00e9claration par courriel, Immigration, R\u00e9fugi\u00e9s et Citoyennet\u00e9 Canada indique que les d\u00e9lais de traitement des demandes d&rsquo;immigration d\u00e9pendent de divers facteurs, notamment les cibles d&rsquo;immigration, la complexit\u00e9 des dossiers, les contr\u00f4les de s\u00e9curit\u00e9 et la rapidit\u00e9 avec laquelle les demandeurs r\u00e9pondent aux demandes d&rsquo;information.<\/p>\n<p>Enfin Pouvoir respirer<\/p>\n<p class=\"sc-jbo7hw-7 bDkRIk\">Malgr\u00e9 les emb\u00fbches, Robert, Rob et Joshua gardent espoir.<\/p>\n<p class=\"sc-jbo7hw-7 bDkRIk\">Nous croyons toujours que cet investissement va nous permettre d\u2019avoir une bonne qualit\u00e9 de vie, dit Joshua Lawrence.<\/p>\n<p><img decoding=\"async\" alt=\"Robert Apgar-Taylor \u00e0 l\u2019\u00c9glise Unie Wesley-Knox de London, en Ontario.&#10;\" class=\"absolute left-0 top-0 size-full object-cover transition-opacity ease-out print:relative html-dark:brightness-[.8]\" loading=\"lazy\" src=\"https:\/\/www.europesays.com\/fr\/wp-content\/uploads\/2025\/08\/robert-apgar-taylor-82208.jpg\"\/>Ouvrir en mode plein \u00e9cran<\/p>\n<p class=\"sc-ic6be9-2 kYrgAK\">Robert Apgar-Taylor est un militant de longue date pour les droits de la communaut\u00e9 LGBTQ+.<\/p>\n<p class=\"sc-ic6be9-1 cJJtvJ text-gray600 light:text-gray600 dark:text-gray400\">Photo : Radio-Canada \/ Prasanjeet Choudhury<\/p>\n<p class=\"sc-jbo7hw-7 bDkRIk\">Dans leur sous-sol, Robert Apgar-Taylor et son mari, eux, contemplent des photos de famille affich\u00e9es au mur.<\/p>\n<blockquote class=\"sc-ym8j07-0 kJvxpW text-gray700 light:text-gray700 dark:text-gray200\">\n<p class=\"sc-ym8j07-1 jhkebe !font-display text-6 leading-5 xsToSm:text-5 font-bold text-gray700 light:text-gray700 dark:text-gray200 font-medium\">Ils nous manquent tous les jours.<\/p>\n<p>Une citation de Robert Taylor<\/p><\/blockquote>\n<p><img decoding=\"async\" alt=\"Robert Taylor devant l'arbre familial et des photos de famille.\" class=\"absolute left-0 top-0 size-full object-cover transition-opacity ease-out print:relative html-dark:brightness-[.8]\" loading=\"lazy\" src=\"https:\/\/www.europesays.com\/fr\/wp-content\/uploads\/2025\/08\/robert-taylor.jpg\"\/>Ouvrir en mode plein \u00e9cran<\/p>\n<p class=\"sc-ic6be9-2 kYrgAK\">Les cinq enfants de Robert Apgar-Taylor et de son mari Rob vivent toujours aux \u00c9tats-Unis avec leurs petits enfants.<\/p>\n<p class=\"sc-ic6be9-1 cJJtvJ text-gray600 light:text-gray600 dark:text-gray400\">Photo : Radio-Canada \/ Prasanjeet Choudhury<\/p>\n<p class=\"sc-jbo7hw-7 bDkRIk\">Retourner aux \u00c9tats-Unis n\u2019est toutefois pas une option pour le couple.<\/p>\n<p class=\"sc-jbo7hw-7 bDkRIk\">L\u2019ann\u00e9e o\u00f9 Robert et Rob ont d\u00e9m\u00e9nag\u00e9 \u00e0 London, deux de leurs amis ont \u00e9t\u00e9 agress\u00e9s dans des attaques s\u00e9par\u00e9es en raison de leur identit\u00e9 sexuelle et de genre.<\/p>\n<p class=\"sc-jbo7hw-7 bDkRIk\">On ne r\u00e9alise pas \u00e0 quel point on retient notre souffle jusqu\u2019\u00e0 ce qu\u2019on n\u2019ait plus \u00e0 le retenir. C\u2019est comme \u00e7a qu\u2019on se sent au Canada, conclut Robert Apgar-Taylor.<\/p>\n","protected":false},"excerpt":{"rendered":"Aux \u00c9tats-Unis, la mont\u00e9e des tensions depuis l&rsquo;arriv\u00e9e de Donald Trump en politique pousse certains Am\u00e9ricains \u00e0 chercher&hellip;\n","protected":false},"author":2,"featured_media":324864,"comment_status":"","ping_status":"","sticky":false,"template":"","format":"standard","meta":{"footnotes":""},"categories":[1589],"tags":[11,73,1866,12,1864,1865,1863,308],"class_list":{"0":"post-324863","1":"post","2":"type-post","3":"status-publish","4":"format-standard","5":"has-post-thumbnail","7":"category-etats-unis","8":"tag-actualites","9":"tag-etats-unis","10":"tag-etats-unis-damerique","11":"tag-news","12":"tag-united-states","13":"tag-united-states-of-america","14":"tag-us","15":"tag-usa"},"share_on_mastodon":{"url":"https:\/\/pubeurope.com\/@fr\/115044184810186504","error":""},"_links":{"self":[{"href":"https:\/\/www.europesays.com\/fr\/wp-json\/wp\/v2\/posts\/324863","targetHints":{"allow":["GET"]}}],"collection":[{"href":"https:\/\/www.europesays.com\/fr\/wp-json\/wp\/v2\/posts"}],"about":[{"href":"https:\/\/www.europesays.com\/fr\/wp-json\/wp\/v2\/types\/post"}],"author":[{"embeddable":true,"href":"https:\/\/www.europesays.com\/fr\/wp-json\/wp\/v2\/users\/2"}],"replies":[{"embeddable":true,"href":"https:\/\/www.europesays.com\/fr\/wp-json\/wp\/v2\/comments?post=324863"}],"version-history":[{"count":0,"href":"https:\/\/www.europesays.com\/fr\/wp-json\/wp\/v2\/posts\/324863\/revisions"}],"wp:featuredmedia":[{"embeddable":true,"href":"https:\/\/www.europesays.com\/fr\/wp-json\/wp\/v2\/media\/324864"}],"wp:attachment":[{"href":"https:\/\/www.europesays.com\/fr\/wp-json\/wp\/v2\/media?parent=324863"}],"wp:term":[{"taxonomy":"category","embeddable":true,"href":"https:\/\/www.europesays.com\/fr\/wp-json\/wp\/v2\/categories?post=324863"},{"taxonomy":"post_tag","embeddable":true,"href":"https:\/\/www.europesays.com\/fr\/wp-json\/wp\/v2\/tags?post=324863"}],"curies":[{"name":"wp","href":"https:\/\/api.w.org\/{rel}","templated":true}]}}