{"id":324867,"date":"2025-08-17T12:49:15","date_gmt":"2025-08-17T12:49:15","guid":{"rendered":"https:\/\/www.europesays.com\/fr\/324867\/"},"modified":"2025-08-17T12:49:15","modified_gmt":"2025-08-17T12:49:15","slug":"allemagne-le-musee-de-stuttgart-fait-salle-comble-pour-les-visites-de-nudistes","status":"publish","type":"post","link":"https:\/\/www.europesays.com\/fr\/324867\/","title":{"rendered":"Allemagne, le mus\u00e9e de Stuttgart fait salle comble pour les visites de nudistes"},"content":{"rendered":"<p>                            by <a href=\"https:\/\/www.finestresullarte.info\/fr\/1846p_redazione-finestre-sull-arte.php\" rel=\"nofollow noopener\" target=\"_blank\">\t            Redazione <\/a>\t            , published on 17\/08\/2025\t\t<br \/>Categories:  <a href=\"https:\/\/www.finestresullarte.info\/fr\/flash-news\/1c-actualites.php\" rel=\"nofollow noopener\" target=\"_blank\">Actualit\u00e9s<\/a><br \/>\n\t        \t        \t\t\t\/ <a href=\"#disclaimer\">Disclaimer<\/a><\/p>\n<p>\n\t\t\t\t\t\u00c0 Stuttgart, le Haus der Geschichte, l&rsquo;un des principaux mus\u00e9es d&rsquo;histoire du pays, a organis\u00e9 deux visites pour les nudistes dans le cadre d&rsquo;une exposition sur la natation. Elles ont \u00e9t\u00e9 imm\u00e9diatement compl\u00e8tes.                <\/p>\n<p>Deux <strong>visites nudistes <\/strong> <strong>\u00e0 guichets ferm\u00e9s<\/strong>: cela se passe \u00e0 <strong>Stuttgart<\/strong>, \u00e0 la <strong>Haus der Geschichte<\/strong>, la \u201cMaison de l\u2019histoire\u201d, un important mus\u00e9e d\u2019histoire qui conserve la m\u00e9moire du Land de Bade-Wurtemberg : \u00c0 l\u2019occasion de l\u2019exposition Frei Schwimmen (\u201cNage libre\u201d, consacr\u00e9e \u00e0 la pratique de la natation dans l\u2019histoire), l\u2019institut a organis\u00e9 deux visites pour les nudistes, l\u2019une le 30 ao\u00fbt et l\u2019autre le 13 septembre, en collaboration avec l\u2019association GetNakedGermany, qui promeut des \u00e9v\u00e9nements et des activit\u00e9s o\u00f9 l\u2019on peut \u00eatre nu. Ces visites ont imm\u00e9diatement affich\u00e9 complet, m\u00eame si le prix des billets \u00e9tait tr\u00e8s bas : 7 euros seulement. Seule exigence : apporter une <strong>serviette <\/strong>pour utiliser les si\u00e8ges. Les participants se d\u00e9shabilleront directement \u00e0 l\u2019int\u00e9rieur du mus\u00e9e, qui met \u00e0 leur disposition des casiers et des vestiaires, et pourront profiter de l\u2019exposition dans les salles fra\u00eeches \u00e0 23 degr\u00e9s Celsius.<img loading=\"lazy\" decoding=\"async\" alt=\"L'affiche de l'exposition\" title=\"L'affiche de l'exposition\" src=\"https:\/\/www.europesays.com\/fr\/wp-content\/uploads\/2025\/08\/mostra-frei-schwimmen-stoccarda.jpg\" class=\"lazy\" width=\"750\" height=\"384\"\/>&#13;<br \/>\nL\u2019affiche de l\u2019exposition&#13;\n<\/p>\n<p>L\u2019exposition semble particuli\u00e8rement adapt\u00e9e \u00e0 une telle visite, car en Allemagne, l\u2019habitude de <strong>se baigner nu <\/strong>dans les lacs et les cours d\u2019eau est courante depuis l\u2019Antiquit\u00e9, et le nudisme dans ces contr\u00e9es est une pratique <strong>fortement ancr\u00e9e<\/strong>, \u00e0 tel point qu\u2019elle est consid\u00e9r\u00e9e comme faisant partie de la culture allemande : En Allemagne, le nudisme est \u00e9galement connu sous une expression qui n\u2019existe nulle part ailleurs dans le monde (mais que d\u2019autres pays ont depuis adopt\u00e9e pour d\u00e9signer l\u2019ensemble qui r\u00e9unit naturisme et nudisme), \u00e0 savoir la <strong>Freik\u00f6rperkultur<\/strong>, ou <strong>FKK<\/strong> (litt\u00e9ralement \u201cculture du corps libre\u201d), qui remonte \u00e0 la fin du XIXe si\u00e8cle et qui associe le nudisme \u00e0 des aspects philosophiques et de sant\u00e9. Il existe donc en Allemagne de nombreux endroits o\u00f9 le nudisme est autoris\u00e9 ou tol\u00e9r\u00e9, contrairement \u00e0 l\u2019Italie o\u00f9, en dehors des espaces priv\u00e9s, il existe peu de lieux publics o\u00f9 l\u2019on peut pratiquer le naturisme, souvent dans des endroits inconfortables ou inaccessibles, et encore moins reconnus officiellement par les institutions.<\/p>\n<p>Ce n\u2019est pas la premi\u00e8re fois qu\u2019un mus\u00e9e s\u2019ouvre aux visites nudistes. En France, par exemple, cette possibilit\u00e9 a souvent \u00e9t\u00e9 offerte aux visiteurs des mus\u00e9es (le dernier \u00e9tant le <a href=\"https:\/\/www.finestresullarte.info\/fr\/actualites\/france-un-musee-permet-aux-visiteurs-nus-de-visiter-une-exposition-sur-le-naturisme\" rel=\"nofollow noopener\" target=\"_blank\">Mucem de Marseille \u00e0 l\u2019\u00e9t\u00e9 2024<\/a>). Et en Italie ? Pas grand-chose, mais m\u00eame ici on a essay\u00e9 : c\u2019est arriv\u00e9 entre 2019 et 2020, <a href=\"https:\/\/www.finestresullarte.info\/fr\/musees\/nu-au-musee-a-milan-pour-la-premiere-fois-en-italie-une-visite-guidee-nudiste-est-ouverte-a-tous\" rel=\"nofollow noopener\" target=\"_blank\">pour la premi\u00e8re fois, au Pac de Milan<\/a>, qui a organis\u00e9 des visites nudistes d\u2019une exposition d\u2019art australien parce que l\u2019un des artistes qui faisaient partie de l\u2019exposition avait l\u2019habitude d\u2019offrir ce type d\u2019exp\u00e9rience. Et puis pratiquement plus rien.<\/p>\n<tr>\n<td>\n<img decoding=\"async\" src=\"https:\/\/www.europesays.com\/fr\/wp-content\/uploads\/2025\/08\/mostra-frei-schwimmen-stoccarda-1.jpg\" alt=\"Allemagne, le mus\u00e9e de Stuttgart fait salle comble pour les visites de nudistes\" title=\"Allemagne, le mus\u00e9e de Stuttgart fait salle comble pour les visites de nudistes\"\/><\/td>\n<\/tr>\n<tr>\n<td>Allemagne, le mus\u00e9e de Stuttgart fait salle comble pour les visites de nudistes<\/td>\n<\/tr>\n<p><\/p>\n<p style=\"font-size:14px\" id=\"disclaimer\">Avertissement : la traduction en fran\u00e7ais de l&rsquo;article original italien a \u00e9t\u00e9 r\u00e9alis\u00e9e \u00e0 l&rsquo;aide d&rsquo;outils<br \/>\n                automatiques.<br \/>\n                Nous nous engageons \u00e0 r\u00e9viser tous les articles, mais nous ne garantissons pas l&rsquo;absence totale d&rsquo;inexactitudes dans la traduction dues au<br \/>\n                programme. Vous pouvez trouver l&rsquo;original en cliquant sur le bouton ITA. Si vous trouvez une erreur,<a href=\"https:\/\/www.finestresullarte.info\/fr\/info.php\" target=\"_blank\" rel=\"nofollow noopener\">veuillez nous contacter<\/a>.<\/p>\n","protected":false},"excerpt":{"rendered":"by Redazione , published on 17\/08\/2025 Categories: Actualit\u00e9s \/ Disclaimer \u00c0 Stuttgart, le Haus der Geschichte, l&rsquo;un des&hellip;\n","protected":false},"author":2,"featured_media":324868,"comment_status":"","ping_status":"","sticky":false,"template":"","format":"standard","meta":{"footnotes":""},"categories":[1587],"tags":[11,672,1804,1805,1803,1777,674,1801,46190,12,1802],"class_list":{"0":"post-324867","1":"post","2":"type-post","3":"status-publish","4":"format-standard","5":"has-post-thumbnail","7":"category-allemagne","8":"tag-actualites","9":"tag-allemagne","10":"tag-bundesrepublik-deutschland","11":"tag-de","12":"tag-deutschland","13":"tag-eu","14":"tag-europe","15":"tag-germany","16":"tag-musei","17":"tag-news","18":"tag-republique-federale-dallemagne"},"share_on_mastodon":{"url":"https:\/\/pubeurope.com\/@fr\/115044192987196449","error":""},"_links":{"self":[{"href":"https:\/\/www.europesays.com\/fr\/wp-json\/wp\/v2\/posts\/324867","targetHints":{"allow":["GET"]}}],"collection":[{"href":"https:\/\/www.europesays.com\/fr\/wp-json\/wp\/v2\/posts"}],"about":[{"href":"https:\/\/www.europesays.com\/fr\/wp-json\/wp\/v2\/types\/post"}],"author":[{"embeddable":true,"href":"https:\/\/www.europesays.com\/fr\/wp-json\/wp\/v2\/users\/2"}],"replies":[{"embeddable":true,"href":"https:\/\/www.europesays.com\/fr\/wp-json\/wp\/v2\/comments?post=324867"}],"version-history":[{"count":0,"href":"https:\/\/www.europesays.com\/fr\/wp-json\/wp\/v2\/posts\/324867\/revisions"}],"wp:featuredmedia":[{"embeddable":true,"href":"https:\/\/www.europesays.com\/fr\/wp-json\/wp\/v2\/media\/324868"}],"wp:attachment":[{"href":"https:\/\/www.europesays.com\/fr\/wp-json\/wp\/v2\/media?parent=324867"}],"wp:term":[{"taxonomy":"category","embeddable":true,"href":"https:\/\/www.europesays.com\/fr\/wp-json\/wp\/v2\/categories?post=324867"},{"taxonomy":"post_tag","embeddable":true,"href":"https:\/\/www.europesays.com\/fr\/wp-json\/wp\/v2\/tags?post=324867"}],"curies":[{"name":"wp","href":"https:\/\/api.w.org\/{rel}","templated":true}]}}