{"id":324871,"date":"2025-08-17T12:52:10","date_gmt":"2025-08-17T12:52:10","guid":{"rendered":"https:\/\/www.europesays.com\/fr\/324871\/"},"modified":"2025-08-17T12:52:10","modified_gmt":"2025-08-17T12:52:10","slug":"pas-de-reconciliation-sans-justice","status":"publish","type":"post","link":"https:\/\/www.europesays.com\/fr\/324871\/","title":{"rendered":"pas de r\u00e9conciliation sans justice"},"content":{"rendered":"<p>L&rsquo;Union europ\u00e9enne a renouvel\u00e9 son appel au gouvernement syrien pour qu&rsquo;il mette en \u0153uvre les recommandations de la Commission d&rsquo;enqu\u00eate internationale concernant les \u00e9v\u00e9nements de mars sur la c\u00f4te syrienne, affirmant que la responsabilit\u00e9 et la punition des coupables sont des conditions essentielles \u00e0 tout processus de r\u00e9conciliation et de stabilit\u00e9 future.<\/p>\n<p>La porte-parole des affaires \u00e9trang\u00e8res et de la politique de s\u00e9curit\u00e9 de l&rsquo;Union, Anita Heiber, a salu\u00e9 dans un communiqu\u00e9 officiel la publication du dernier rapport des Nations Unies, et a lou\u00e9 le \u00ab\u00a0travail acharn\u00e9\u00a0\u00bb effectu\u00e9 par la Commission d&rsquo;enqu\u00eate pour documenter ce qu&rsquo;elle a qualifi\u00e9 de \u00ab\u00a0violations graves\u00a0\u00bb du droit international des droits de l&rsquo;homme et du droit humanitaire. Elle a \u00e9galement soulign\u00e9 l&rsquo;importance de la poursuite de la coop\u00e9ration entre la commission onusienne et la commission nationale ind\u00e9pendante d&rsquo;enqu\u00eate.<\/p>\n<p>Heiber a exprim\u00e9 l&rsquo;inqui\u00e9tude de l&rsquo;Union europ\u00e9enne face \u00e0 l&rsquo;aggravation de la violence et \u00e0 l&rsquo;augmentation des tensions communautaires en Syrie, appelant Damas \u00e0 prendre des mesures de r\u00e9forme urgentes, parmi lesquelles :<br \/>D\u00e9militariser les \u00e9l\u00e9ments impliqu\u00e9s dans les violations et les d\u00e9mobiliser.<br \/>Restructurer l&rsquo;appareil de s\u00e9curit\u00e9 nationale conform\u00e9ment aux normes internationales.<br \/>R\u00e9former en profondeur le syst\u00e8me judiciaire pour garantir l&rsquo;impartialit\u00e9 et la primaut\u00e9 du droit.<\/p>\n<p>Le communiqu\u00e9 a affirm\u00e9 que \u00ab\u00a0il n&rsquo;y a pas de voie vers la r\u00e9conciliation et la stabilit\u00e9 sans faire face aux violations de mani\u00e8re publique et tenir leurs auteurs responsables, que ce soit sous le r\u00e9gime d\u00e9chu ou apr\u00e8s\u00a0\u00bb.<\/p>\n<p>La Commission d&rsquo;enqu\u00eate internationale a publi\u00e9 le 14 ao\u00fbt son nouveau rapport sur les \u00e9v\u00e9nements de la c\u00f4te, concluant que la vague de violence sectaire qui a frapp\u00e9 la r\u00e9gion \u00ab\u00a0s&rsquo;apparente probablement \u00e0 des crimes de guerre\u00a0\u00bb, impliquant des \u00e9l\u00e9ments des forces loyales au r\u00e9gime d\u00e9chu et d&rsquo;autres affili\u00e9s au gouvernement actuel, ainsi que des civils.<\/p>\n<p>La commission a demand\u00e9 au gouvernement syrien de poursuivre tous les impliqu\u00e9s sans exception, et de suspendre les suspects de leurs fonctions en attendant les r\u00e9sultats de l&rsquo;enqu\u00eate.<\/p>\n<p>L&rsquo;Union europ\u00e9enne a soulign\u00e9 dans son communiqu\u00e9 sa volont\u00e9 de mettre \u00e0 disposition ses outils politiques et financiers pour soutenir tout processus menant \u00e0 une transition pacifique et compl\u00e8te en Syrie, appelant toutes les parties internes et externes \u00e0 respecter l&rsquo;unit\u00e9 du pays, sa souverainet\u00e9 et \u00e0 prot\u00e9ger les droits de tous les Syriens sans discrimination.<\/p>\n","protected":false},"excerpt":{"rendered":"L&rsquo;Union europ\u00e9enne a renouvel\u00e9 son appel au gouvernement syrien pour qu&rsquo;il mette en \u0153uvre les recommandations de la&hellip;\n","protected":false},"author":2,"featured_media":324872,"comment_status":"","ping_status":"","sticky":false,"template":"","format":"standard","meta":{"footnotes":""},"categories":[1586],"tags":[11,46191,4371,1777,674,1779,1011,27,46192,46193,12,25,1778,364],"class_list":{"0":"post-324871","1":"post","2":"type-post","3":"status-publish","4":"format-standard","5":"has-post-thumbnail","7":"category-europe","8":"tag-actualites","9":"tag-actualites-de-la-syrie","10":"tag-communaute","11":"tag-eu","12":"tag-europe","13":"tag-european-union","14":"tag-fr","15":"tag-france","16":"tag-les-principales-nouvelles","17":"tag-les-sanctions","18":"tag-news","19":"tag-republique-francaise","20":"tag-ue","21":"tag-union-europeenne"},"share_on_mastodon":{"url":"https:\/\/pubeurope.com\/@fr\/115044204165352008","error":""},"_links":{"self":[{"href":"https:\/\/www.europesays.com\/fr\/wp-json\/wp\/v2\/posts\/324871","targetHints":{"allow":["GET"]}}],"collection":[{"href":"https:\/\/www.europesays.com\/fr\/wp-json\/wp\/v2\/posts"}],"about":[{"href":"https:\/\/www.europesays.com\/fr\/wp-json\/wp\/v2\/types\/post"}],"author":[{"embeddable":true,"href":"https:\/\/www.europesays.com\/fr\/wp-json\/wp\/v2\/users\/2"}],"replies":[{"embeddable":true,"href":"https:\/\/www.europesays.com\/fr\/wp-json\/wp\/v2\/comments?post=324871"}],"version-history":[{"count":0,"href":"https:\/\/www.europesays.com\/fr\/wp-json\/wp\/v2\/posts\/324871\/revisions"}],"wp:featuredmedia":[{"embeddable":true,"href":"https:\/\/www.europesays.com\/fr\/wp-json\/wp\/v2\/media\/324872"}],"wp:attachment":[{"href":"https:\/\/www.europesays.com\/fr\/wp-json\/wp\/v2\/media?parent=324871"}],"wp:term":[{"taxonomy":"category","embeddable":true,"href":"https:\/\/www.europesays.com\/fr\/wp-json\/wp\/v2\/categories?post=324871"},{"taxonomy":"post_tag","embeddable":true,"href":"https:\/\/www.europesays.com\/fr\/wp-json\/wp\/v2\/tags?post=324871"}],"curies":[{"name":"wp","href":"https:\/\/api.w.org\/{rel}","templated":true}]}}