{"id":324884,"date":"2025-08-17T13:00:13","date_gmt":"2025-08-17T13:00:13","guid":{"rendered":"https:\/\/www.europesays.com\/fr\/324884\/"},"modified":"2025-08-17T13:00:13","modified_gmt":"2025-08-17T13:00:13","slug":"basket-orthez-n2f-et-le-2mbs-n3m-connaissent-leurs-calendriers-nationaux","status":"publish","type":"post","link":"https:\/\/www.europesays.com\/fr\/324884\/","title":{"rendered":"Basket\u00a0: Orthez (N2F) et le 2MBS (N3M) connaissent leurs calendriers nationaux"},"content":{"rendered":"<p>Les gar\u00e7ons de la vall\u00e9e du Soubestre commenceront les premiers, dans la poule C o\u00f9 ils figurent avec 13 autres formations. Si la premi\u00e8re rencontre va les amener dans les Hautes-Pyr\u00e9n\u00e9es \u00e0 Ossun le 13\u00a0septembre, ils d\u00e9buteront \u00e0 domicile le 20\u00a0septembre en accueillant Cassen. Ils termineront la saison \u00e0 domicile en recevant Panazol le 26\u00a0avril et la comp\u00e9tition en se rendant \u00e0 St M\u00e9dard le 2\u00a0mai 2026.<\/p>\n<p><strong>La poule\u00a0:<\/strong> 2MBS, Seyches, Tresses, St M\u00e9dard, Panazol, Coteaux du Luy, Montauban, Cassen, Villeneuve, M\u00e9rignac, \u00c9lan Tursan, Layrac, R\u00e9al Chalossais, Ossun.<\/p>\n<p><a href=\"https:\/\/competitions.ffbb.com\/competitions\/nm3?phase=200000002872461&amp;poule=200000003017645&amp;journee=1\" target=\"_blank\" rel=\"nofollow noopener\">Le calendrier complet du 2MBS<\/a><\/p>\n<p>L\u2019USO commencera et finira \u00e0 domicile<\/p>\n<p>Les filles de l\u2019US Orthez, rep\u00each\u00e9es par la FFBB au quatri\u00e8me \u00e9chelon national, mais avec une \u00e9quipe beaucoup plus comp\u00e9titive que la saison pass\u00e9e, d\u00e9buteront leur exercice le samedi 20\u00a0septembre en accueillant Gimont, l\u2019une des formations qui devrait jouer le haut du tableau de la poule B.<\/p>\n<p>Elles termineront la saison en recevant Canet-en-Roussillon le samedi 18\u00a0avril 2026. La poule comportant 11 \u00e9quipes, il y aura un exempt \u00e0 chaque journ\u00e9e. Les Orth\u00e9ziennes seront donc au repos lors des journ\u00e9es 6 (le 1er\u00a0novembre) et 17 (le 7\u00a0mars 2026). Dans leur poule, elles rencontreront encore trois \u00e9quipes espoirs de Ligue Professionnelle (Toulouse, Basket Landes et Roche Vend\u00e9e).<\/p>\n<p><strong>La poule\u00a0:<\/strong> Orthez, Anglet, Gimont, Canet-en-Roussillon, Vend\u00e9e Sud Loire, Garonne, Basket Chalosse, La\u00a0Rochelle, Toulouse espoir, Basket Landes espoir, Roche Vend\u00e9e espoir.<\/p>\n<p><a href=\"https:\/\/competitions.ffbb.com\/competitions\/nf2?phase=200000002872492&amp;poule=200000003017740&amp;journee=1\" target=\"_blank\" rel=\"nofollow noopener\">Le calendrier complet de l\u2019USO<\/a><\/p>\n","protected":false},"excerpt":{"rendered":"Les gar\u00e7ons de la vall\u00e9e du Soubestre commenceront les premiers, dans la poule C o\u00f9 ils figurent avec&hellip;\n","protected":false},"author":2,"featured_media":324885,"comment_status":"","ping_status":"","sticky":false,"template":"","format":"standard","meta":{"footnotes":""},"categories":[1414],"tags":[1465,1464,1011,27,60],"class_list":{"0":"post-324884","1":"post","2":"type-post","3":"status-publish","4":"format-standard","5":"has-post-thumbnail","7":"category-basket","8":"tag-basket","9":"tag-basketball","10":"tag-fr","11":"tag-france","12":"tag-sports"},"share_on_mastodon":{"url":"https:\/\/pubeurope.com\/@fr\/115044235638733553","error":""},"_links":{"self":[{"href":"https:\/\/www.europesays.com\/fr\/wp-json\/wp\/v2\/posts\/324884","targetHints":{"allow":["GET"]}}],"collection":[{"href":"https:\/\/www.europesays.com\/fr\/wp-json\/wp\/v2\/posts"}],"about":[{"href":"https:\/\/www.europesays.com\/fr\/wp-json\/wp\/v2\/types\/post"}],"author":[{"embeddable":true,"href":"https:\/\/www.europesays.com\/fr\/wp-json\/wp\/v2\/users\/2"}],"replies":[{"embeddable":true,"href":"https:\/\/www.europesays.com\/fr\/wp-json\/wp\/v2\/comments?post=324884"}],"version-history":[{"count":0,"href":"https:\/\/www.europesays.com\/fr\/wp-json\/wp\/v2\/posts\/324884\/revisions"}],"wp:featuredmedia":[{"embeddable":true,"href":"https:\/\/www.europesays.com\/fr\/wp-json\/wp\/v2\/media\/324885"}],"wp:attachment":[{"href":"https:\/\/www.europesays.com\/fr\/wp-json\/wp\/v2\/media?parent=324884"}],"wp:term":[{"taxonomy":"category","embeddable":true,"href":"https:\/\/www.europesays.com\/fr\/wp-json\/wp\/v2\/categories?post=324884"},{"taxonomy":"post_tag","embeddable":true,"href":"https:\/\/www.europesays.com\/fr\/wp-json\/wp\/v2\/tags?post=324884"}],"curies":[{"name":"wp","href":"https:\/\/api.w.org\/{rel}","templated":true}]}}