{"id":324888,"date":"2025-08-17T13:02:13","date_gmt":"2025-08-17T13:02:13","guid":{"rendered":"https:\/\/www.europesays.com\/fr\/324888\/"},"modified":"2025-08-17T13:02:13","modified_gmt":"2025-08-17T13:02:13","slug":"toujours-blesse-a-lepaule-maverick-vinales-declare-forfait-pour-la-hongrie","status":"publish","type":"post","link":"https:\/\/www.europesays.com\/fr\/324888\/","title":{"rendered":"toujours bless\u00e9 \u00e0 l\u2019\u00e9paule, Maverick Vinales d\u00e9clare forfait pour la Hongrie"},"content":{"rendered":"<p>Depuis son abandon au GP d\u2019Allemagne, Maverick Vinales ne s\u2019est pas remis de son op\u00e9ration et ne participera pas au Grand Prix de Hongrie.<\/p>\n<p class=\"fig-paragraph\">S\u2019il a souhait\u00e9 tenter de s\u2019aligner sur le GP d\u2019Autriche ce week-end, Vinales s\u2019est tr\u00e8s vite rendu compte que sa blessure \u00e0 l\u2019\u00e9paule a eu raison de lui. Mal en point sur la moto, il a donc abandonn\u00e9 en Autriche, avant de faire de m\u00eame pour le GP de Hongrie la semaine prochaine.<\/p>\n<p class=\"fig-paragraph\">\u00abLe chemin sera long pour revenir \u00e0 100 %\u00bb, a comment\u00e9 l\u2019Espagnol. M\u00eame le Grand Prix de Barcelone, du 5 au 7 septembre, lui semble incertain. Pol Espargaro pourrait \u00eatre amen\u00e9 \u00e0 le remplacer. Un coup d\u2019ur pour l\u2019\u00e9curie KTM dont il fait parti.<\/p>\n","protected":false},"excerpt":{"rendered":"Depuis son abandon au GP d\u2019Allemagne, Maverick Vinales ne s\u2019est pas remis de son op\u00e9ration et ne participera&hellip;\n","protected":false},"author":2,"featured_media":324889,"comment_status":"","ping_status":"","sticky":false,"template":"","format":"standard","meta":{"footnotes":""},"categories":[1412],"tags":[1451,1452,1453,1454,1455,1011,27,6033,60],"class_list":{"0":"post-324888","1":"post","2":"type-post","3":"status-publish","4":"format-standard","5":"has-post-thumbnail","7":"category-f1","8":"tag-f1","9":"tag-formula-1","10":"tag-formula1","11":"tag-formule-1","12":"tag-formule1","13":"tag-fr","14":"tag-france","15":"tag-moto-gp","16":"tag-sports"},"share_on_mastodon":{"url":"https:\/\/pubeurope.com\/@fr\/115044243522931159","error":""},"_links":{"self":[{"href":"https:\/\/www.europesays.com\/fr\/wp-json\/wp\/v2\/posts\/324888","targetHints":{"allow":["GET"]}}],"collection":[{"href":"https:\/\/www.europesays.com\/fr\/wp-json\/wp\/v2\/posts"}],"about":[{"href":"https:\/\/www.europesays.com\/fr\/wp-json\/wp\/v2\/types\/post"}],"author":[{"embeddable":true,"href":"https:\/\/www.europesays.com\/fr\/wp-json\/wp\/v2\/users\/2"}],"replies":[{"embeddable":true,"href":"https:\/\/www.europesays.com\/fr\/wp-json\/wp\/v2\/comments?post=324888"}],"version-history":[{"count":0,"href":"https:\/\/www.europesays.com\/fr\/wp-json\/wp\/v2\/posts\/324888\/revisions"}],"wp:featuredmedia":[{"embeddable":true,"href":"https:\/\/www.europesays.com\/fr\/wp-json\/wp\/v2\/media\/324889"}],"wp:attachment":[{"href":"https:\/\/www.europesays.com\/fr\/wp-json\/wp\/v2\/media?parent=324888"}],"wp:term":[{"taxonomy":"category","embeddable":true,"href":"https:\/\/www.europesays.com\/fr\/wp-json\/wp\/v2\/categories?post=324888"},{"taxonomy":"post_tag","embeddable":true,"href":"https:\/\/www.europesays.com\/fr\/wp-json\/wp\/v2\/tags?post=324888"}],"curies":[{"name":"wp","href":"https:\/\/api.w.org\/{rel}","templated":true}]}}