{"id":324900,"date":"2025-08-17T13:08:12","date_gmt":"2025-08-17T13:08:12","guid":{"rendered":"https:\/\/www.europesays.com\/fr\/324900\/"},"modified":"2025-08-17T13:08:12","modified_gmt":"2025-08-17T13:08:12","slug":"entre-bruno-et-clemence-cest-la-ruptu","status":"publish","type":"post","link":"https:\/\/www.europesays.com\/fr\/324900\/","title":{"rendered":"entre Bruno et Cl\u00e9mence, c\u2019est la ruptu &#8230;"},"content":{"rendered":"<p>EN BREF<\/p>\n<ul class=\"bloc_resume_post_list\">\n<li>Bruno, agriculteur de l\u00a0\u00bbOise, a particip\u00e9 \u00e0 L&rsquo;amour est<br \/>\ndans le pr\u00e9 : Que sont-ils devenus ? en septembre<br \/>\ndernier.<\/li>\n<li>La relation entre Bruno et Cl\u00e9mence s&rsquo;est termin\u00e9e en<br \/>\nf\u00e9vrier apr\u00e8s des semaines de distance.<\/li>\n<li>La s\u00e9paration a conduit Bruno \u00e0 une prise de conscience<br \/>\nsur sa vie personnelle et professionnelle.<\/li>\n<\/ul>\n<p data-start=\"0\" data-end=\"630\">Bruno s\u2019est pr\u00e9sent\u00e9 seul devant<br \/>\n<a href=\"https:\/\/www.telestar.fr\/actu_tv\/lamour-est-dans-le-pre-karine-le-marchand-une-fille-a-gays-et-elle-le-revendique-1735021\" target=\"_blank\" rel=\"noopener\"><br \/>\nKarine Le Marchand<\/a> pour le rendez-vous de<br \/>\n<strong>L\u2019amour est dans le pr\u00e9<br \/>\n: Que sont-ils devenus ?<\/strong>. Lors du bilan de la saison<br \/>\n19, tourn\u00e9 en septembre dernier sur <a href=\"https:\/\/www.telestar.fr\/people\/stephane-plaza-plein-dautres-personnes-chez-m6-on-recherche-activement-son-remplacant-1712952\" target=\"_blank\" rel=\"noopener\"><br \/>\nM6<\/a>, l\u2019agriculteur de l\u2019Oise semblait vivre une belle histoire<br \/>\navec sa pr\u00e9tendante Cl\u00e9mence. Pourtant, malgr\u00e9 leur volont\u00e9 de<br \/>\nfaire fonctionner leur relation, leurs diff\u00e9rences se sont<br \/>\nimpos\u00e9es.<\/p>\n<p data-start=\"0\" data-end=\"630\">Ils ont mis un terme \u00e0 leur<br \/>\nhistoire fin f\u00e9vrier, apr\u00e8s plusieurs semaines de distance en<br \/>\njanvier. \u00a0Ce n\u2019est qu\u2019\u00e0 la mi-mars qu\u2019ils ont rendu officielle<br \/>\nleur <strong>s\u00e9paration<\/strong>, une d\u00e9cision difficile mais<br \/>\nn\u00e9cessaire pour leur bien-\u00eatre \u00e0 tous les deux. Bruno s\u2019est confi\u00e9<br \/>\n\u00e0 ce sujet \u00e0 <a href=\"https:\/\/www.programme-tv.net\/news\/tv\/384675-il-naimait-pas-trop-sa-facon-dagir-bruno-l-amour-est-dans-le-pre-2024-devoile-la-reaction-de-son-pere-a-l-annonce-de-sa-rupture-avec-clemence\/\" target=\"_blank\" rel=\"noopener\"><br \/>\nT\u00e9l\u00e9-Loisirs<\/a> ce samedi 16 ao\u00fbt.<\/p>\n<p>Bruno : sa s\u00e9paration avec Cl\u00e9mence positive pour un membre de<br \/>\nsa famille<\/p>\n<p><a href=\"https:\/\/www.telestar.fr\/actu-tv\/50-minutes-inside\/l-amour-est-dans-le-pre-2024-qui-est-bruno-le-trentenaire-timide-qui-sort-d-une-epreuve-difficile-852471\" target=\"_blank\" rel=\"noopener\"><br \/>\nL&rsquo;ex candidat<\/a> \u00a0a r\u00e9v\u00e9l\u00e9 que sa relation avait un impact<br \/>\nsur ses liens avec son p\u00e8re Philippe. Si ce dernier avait d\u2019abord<br \/>\nsoutenu le choix de son fils, la situation s\u2019est compliqu\u00e9e au fil<br \/>\ndes mois. \u00ab\u00a0Pour \u00eatre honn\u00eate, \u00e7a se passait bien au<br \/>\nd\u00e9but\u00a0\u00bb, a reconnu l\u2019agriculteur. Mais rapidement, la dynamique<br \/>\na chang\u00e9. \u00ab\u00a0Comme Cl\u00e9mence aime bien g\u00e9rer pas mal de choses,<br \/>\nm\u00eame le fait que <strong>mon p\u00e8re soit encore l\u00e0 \u00e0 la maison assez<br \/>\nr\u00e9guli\u00e8rement, elle imposait ses choses<\/strong>\u00ab\u00a0, a-t-il<br \/>\nexpliqu\u00e9.<\/p>\n<p>Il ajoute ensuite : \u00ab\u00a0<strong>il n\u2019aimait pas trop sa fa\u00e7on<br \/>\nd\u2019agir<\/strong>. Le feeling passait moins bien\u00a0\u00bb. Selon lui,<br \/>\nPhilippe n\u2019a donc pas \u00e9t\u00e9 particuli\u00e8rement affect\u00e9 par la<br \/>\ns\u00e9paration et a vite per\u00e7u que son fils ne vivait plus cette<br \/>\nrelation sereinement. \u00ab\u00a0Il voyait bien que quand moi je<br \/>\nrentrais, <strong>je n\u2019\u00e9tais pas bien<\/strong>. D\u2019habitude, je suis<br \/>\ntoujours joyeux et l\u00e0 je ne disais rien\u00a0\u00bb, a-t-il poursuivi.<br \/>\nTout en restant en retrait, le p\u00e8re a compris que Bruno traversait<br \/>\nune p\u00e9riode compliqu\u00e9e.<\/p>\n<p>Grosse prise de conscience pour l&rsquo;ex<br \/>\ncandidat de l&rsquo;Amour est dans le pr\u00e9\u00a0<\/p>\n<p><a href=\"https:\/\/www.telestar.fr\/tele_realite\/adp\/lamour-est-dans-le-pre-2024-cest-horrible-de-faire-ca-bruno-fait-un-faux-pas-et-blesse-sa-pretendante-1693652\" target=\"_blank\" rel=\"noopener\"><br \/>\nBruno<\/a> revient sur les enseignements que lui a apport\u00e9s<br \/>\nl&rsquo;\u00e9mission : \u00ab\u00a0Gr\u00e2ce \u00e0 l&rsquo;\u00e9mission, j&rsquo;ai dit \u00e0 mon p\u00e8re qu&rsquo;il<br \/>\nfallait que <strong>je fasse ma vie et que j&rsquo;avance<\/strong>\u00ab\u00a0.<br \/>\nIl explique concr\u00e8tement ce que cela signifiait pour lui : \u00ab\u00a0Il<br \/>\nfallait vraiment que je prenne ma maison et que je sois autonome.<br \/>\nAvec le d\u00e9c\u00e8s de ma m\u00e8re, mon p\u00e8re et moi on s&rsquo;est vachement<br \/>\nrapproch\u00e9s. L&rsquo;\u00e9mission m&rsquo;a permis de dire gentiment \u00e0 mon p\u00e8re<br \/>\nqu&rsquo;il fallait que je fasse ma vie et qu&rsquo;il devait prendre sa maison<br \/>\n\u00e0 c\u00f4t\u00e9\u00a0\u00bb.<\/p>\n<p>Il poursuit : \u00ab\u00a0<a href=\"https:\/\/www.telestar.fr\/tele_realite\/adp\/lamour-est-dans-le-pre-2024-je-suis-allee-trop-loin-ce-geste-de-muriel-qui-pousse-pascal-a-bout-1691718\" target=\"_blank\" rel=\"noopener\">L&rsquo;\u00e9mission<\/a><br \/>\nm&rsquo;a permis de d\u00e9bloquer \u00e7a\u00a0\u00bb. \u00a0L\u2019agriculteur confie<br \/>\n\u00e9galement que l\u2019arriv\u00e9e de Cl\u00e9mence dans sa vie lui a fait prendre<br \/>\nconscience de son rythme de travail : \u00ab\u00a0Quand Cl\u00e9mence est<br \/>\narriv\u00e9e, je me suis aussi rendu compte que <strong>je travaillais<br \/>\nbeaucoup<\/strong>, il fallait que je me calme. \u00c0 l&rsquo;arriv\u00e9e, je suis<br \/>\nen phase d&rsquo;installation dans ma maison, m\u00eame en travaux, j&rsquo;avais<br \/>\nbeaucoup de charge de travail que je me suis mis sur le<br \/>\ndos\u00a0\u00bb.<\/p>\n","protected":false},"excerpt":{"rendered":"EN BREF Bruno, agriculteur de l\u00a0\u00bbOise, a particip\u00e9 \u00e0 L&rsquo;amour est dans le pr\u00e9 : Que sont-ils devenus&hellip;\n","protected":false},"author":2,"featured_media":324901,"comment_status":"","ping_status":"","sticky":false,"template":"","format":"standard","meta":{"footnotes":""},"categories":[1356],"tags":[548,58,59,1011,27,9307,252,1364],"class_list":{"0":"post-324900","1":"post","2":"type-post","3":"status-publish","4":"format-standard","5":"has-post-thumbnail","7":"category-television","8":"tag-article-simple","9":"tag-divertissement","10":"tag-entertainment","11":"tag-fr","12":"tag-france","13":"tag-lamour-est-dans-le-pre","14":"tag-television","15":"tag-tv"},"share_on_mastodon":{"url":"https:\/\/pubeurope.com\/@fr\/115044267104501598","error":""},"_links":{"self":[{"href":"https:\/\/www.europesays.com\/fr\/wp-json\/wp\/v2\/posts\/324900","targetHints":{"allow":["GET"]}}],"collection":[{"href":"https:\/\/www.europesays.com\/fr\/wp-json\/wp\/v2\/posts"}],"about":[{"href":"https:\/\/www.europesays.com\/fr\/wp-json\/wp\/v2\/types\/post"}],"author":[{"embeddable":true,"href":"https:\/\/www.europesays.com\/fr\/wp-json\/wp\/v2\/users\/2"}],"replies":[{"embeddable":true,"href":"https:\/\/www.europesays.com\/fr\/wp-json\/wp\/v2\/comments?post=324900"}],"version-history":[{"count":0,"href":"https:\/\/www.europesays.com\/fr\/wp-json\/wp\/v2\/posts\/324900\/revisions"}],"wp:featuredmedia":[{"embeddable":true,"href":"https:\/\/www.europesays.com\/fr\/wp-json\/wp\/v2\/media\/324901"}],"wp:attachment":[{"href":"https:\/\/www.europesays.com\/fr\/wp-json\/wp\/v2\/media?parent=324900"}],"wp:term":[{"taxonomy":"category","embeddable":true,"href":"https:\/\/www.europesays.com\/fr\/wp-json\/wp\/v2\/categories?post=324900"},{"taxonomy":"post_tag","embeddable":true,"href":"https:\/\/www.europesays.com\/fr\/wp-json\/wp\/v2\/tags?post=324900"}],"curies":[{"name":"wp","href":"https:\/\/api.w.org\/{rel}","templated":true}]}}