{"id":324918,"date":"2025-08-17T13:17:12","date_gmt":"2025-08-17T13:17:12","guid":{"rendered":"https:\/\/www.europesays.com\/fr\/324918\/"},"modified":"2025-08-17T13:17:12","modified_gmt":"2025-08-17T13:17:12","slug":"une-policiere-marseillaise-est-elle-decedee-des-suites-dun-acte-sexuel-en-pleine-patrouille","status":"publish","type":"post","link":"https:\/\/www.europesays.com\/fr\/324918\/","title":{"rendered":"Une polici\u00e8re marseillaise est-elle d\u00e9c\u00e9d\u00e9e des suites d\u2019un acte sexuel en pleine patrouille ?"},"content":{"rendered":"<p><strong>fake off &#8211; Selon des contenus en ligne, des policiers se sont livr\u00e9s \u00e0 des \u00e9bats sexuels dans leur v\u00e9hicule de service. Des images d\u00e9tourn\u00e9es<\/strong><\/p>\n<p>Rien que sur <a href=\"https:\/\/www.20minutes.fr\/high-tech\/tiktok\/?at_medium=RSS%20feed&amp;at_campaign=ynews&amp;utm_source=yahoo&amp;utm_medium=rss&amp;utm_campaign=news_feed&amp;utm_content=in_article_link\" rel=\"nofollow noopener\" target=\"_blank\" data-ylk=\"slk:TikTok;elm:context_link;itc:0;sec:content-canvas\" class=\"link \">TikTok<\/a>, ces vid\u00e9os ont \u00e9t\u00e9 vues par plus de quatre millions d\u2019internautes. Il faut dire que le scoop est \u00ab sal\u00e9 \u00bb : \u00ab une polici\u00e8re doigt\u00e9e par son coll\u00e8gue en pleine patrouille \u00bb, titrent la plupart de ces contenus. Des propos appuy\u00e9s par la captation de ce qui semble bel et bien \u00eatre un acte sexuel dans une voiture de police.<\/p>\n<p>\u00c0 partir de l\u00e0, les choses se compliquent : si la plupart des narratifs s\u2019accordent pour localiser les faits \u00e0 <a href=\"https:\/\/www.20minutes.fr\/marseille\/?at_medium=RSS%20feed&amp;at_campaign=ynews&amp;utm_source=yahoo&amp;utm_medium=rss&amp;utm_campaign=news_feed&amp;utm_content=in_article_link\" rel=\"nofollow noopener\" target=\"_blank\" data-ylk=\"slk:Marseille;elm:context_link;itc:0;sec:content-canvas\" class=\"link \">Marseille<\/a>, du moins en France, la suite du r\u00e9cit diverge d\u2019un contenu \u00e0 l\u2019autre.<\/p>\n<p><a href=\"https:\/\/www.tiktok.com\/@jeremy.vander\/video\/7537128893405334806?at_medium=RSS%20feed&amp;at_campaign=ynews&amp;utm_source=yahoo&amp;utm_medium=rss&amp;utm_campaign=news_feed&amp;utm_content=in_article_link\" rel=\"nofollow noopener\" target=\"_blank\" data-ylk=\"slk:Ici;elm:context_link;itc:0;sec:content-canvas\" class=\"link \">Ici<\/a> et <a href=\"https:\/\/www.tiktok.com\/@jeremy.vander\/video\/7537240662161345814?at_medium=RSS%20feed&amp;at_campaign=ynews&amp;utm_source=yahoo&amp;utm_medium=rss&amp;utm_campaign=news_feed&amp;utm_content=in_article_link\" rel=\"nofollow noopener\" target=\"_blank\" data-ylk=\"slk:l\u00e0;elm:context_link;itc:0;sec:content-canvas\" class=\"link \">l\u00e0<\/a>, on se contente d\u2019\u00e9voquer la fuite des images et la pol\u00e9mique qui en d\u00e9coule. <a href=\"https:\/\/www.tiktok.com\/@infofrance.tv\/video\/7537329588171590934?at_medium=RSS%20feed&amp;at_campaign=ynews&amp;utm_source=yahoo&amp;utm_medium=rss&amp;utm_campaign=news_feed&amp;utm_content=in_article_link\" rel=\"nofollow noopener\" target=\"_blank\" data-ylk=\"slk:Ici;elm:context_link;itc:0;sec:content-canvas\" class=\"link \">Ici<\/a>, la femme a succomb\u00e9 \u00e0 \u00ab un arr\u00eat cardiaque provoqu\u00e9 par une excitation physiologique intense \u00bb. <a href=\"https:\/\/www.tiktok.com\/@ak.471010\/video\/7537650880338808086?at_medium=RSS%20feed&amp;at_campaign=ynews&amp;utm_source=yahoo&amp;utm_medium=rss&amp;utm_campaign=news_feed&amp;utm_content=in_article_link\" rel=\"nofollow noopener\" target=\"_blank\" data-ylk=\"slk:L\u00e0;elm:context_link;itc:0;sec:content-canvas\" class=\"link \">L\u00e0<\/a>, elle est d\u00e9c\u00e9d\u00e9e \u00ab apr\u00e8s avoir \u00e9t\u00e9 doigt\u00e9e sauvagement avec un pistolet par son coll\u00e8gue \u00bb.<\/p>\n<p>Dans <a href=\"https:\/\/www.tiktok.com\/@jeremy.vander\/video\/7537365286429805846?at_medium=RSS%20feed&amp;at_campaign=ynews&amp;utm_source=yahoo&amp;utm_medium=rss&amp;utm_campaign=news_feed&amp;utm_content=in_article_link\" rel=\"nofollow noopener\" target=\"_blank\" data-ylk=\"slk:cette vid\u00e9o;elm:context_link;itc:0;sec:content-canvas\" class=\"link \">cette vid\u00e9o<\/a>, <a href=\"https:\/\/www.tiktok.com\/@orizon.fr\/video\/7537138050338475286?at_medium=RSS%20feed&amp;at_campaign=ynews&amp;utm_source=yahoo&amp;utm_medium=rss&amp;utm_campaign=news_feed&amp;utm_content=in_article_link\" rel=\"nofollow noopener\" target=\"_blank\" data-ylk=\"slk:celle-ci;elm:context_link;itc:0;sec:content-canvas\" class=\"link \">celle-ci<\/a> et <a href=\"https:\/\/www.tiktok.com\/@vandiska12\/video\/7537310637932743958?at_medium=RSS%20feed&amp;at_campaign=ynews&amp;utm_source=yahoo&amp;utm_medium=rss&amp;utm_campaign=news_feed&amp;utm_content=in_article_link\" rel=\"nofollow noopener\" target=\"_blank\" data-ylk=\"slk:celle-l\u00e0;elm:context_link;itc:0;sec:content-canvas\" class=\"link \">celle-l\u00e0<\/a>, la polici\u00e8re a mis fin \u00e0 ses jours \u00e0 cause du scandale. <a href=\"https:\/\/www.tiktok.com\/@infosdujour2\/video\/7537392586164636950?at_medium=RSS%20feed&amp;at_campaign=ynews&amp;utm_source=yahoo&amp;utm_medium=rss&amp;utm_campaign=news_feed&amp;utm_content=in_article_link\" rel=\"nofollow noopener\" target=\"_blank\" data-ylk=\"slk:Ici;elm:context_link;itc:0;sec:content-canvas\" class=\"link \">Ici<\/a>, par contre, on apprend que la fonctionnaire se nomme \u00ab Laura \u00bb, qu\u2019elle n\u2019est en fait \u00ab pas morte \u00bb, mais qu\u2019elle \u00ab d\u00e9nonce \u00bb \u00ab une atteinte grave \u00e0 sa vie priv\u00e9e \u00bb, reconnaissant \u00ab une erreur de jugement \u00bb, mais refusant \u00ab d\u2019\u00eatre le bouc \u00e9missaire d\u2019un syst\u00e8me qui prot\u00e8ge l\u2019anonymat de ceux qui filment dans l\u2019ombre \u00bb.<\/p>\n<p><a href=\"https:\/\/www.tiktok.com\/@orizon.fr\/video\/7537094191742995734?at_medium=RSS%20feed&amp;at_campaign=ynews&amp;utm_source=yahoo&amp;utm_medium=rss&amp;utm_campaign=news_feed&amp;utm_content=in_article_link\" rel=\"nofollow noopener\" target=\"_blank\" data-ylk=\"slk:De ce c\u00f4t\u00e9-ci;elm:context_link;itc:0;sec:content-canvas\" class=\"link \">De ce c\u00f4t\u00e9-ci<\/a>, pourtant, elle \u00ab n\u2019a pour l\u2019instant pas r\u00e9agi publiquement \u00bb, mais son coll\u00e8gue s\u2019est d\u00e9fendu en expliquant qu\u2019\u00ab \u00eatre policier, c\u2019est pas facile, il faut bien rel\u00e2cher la pression \u00bb.<\/p>\n<p>L\u2019info a trouv\u00e9 son chemin jusque sur Instagram, par exemple(&#8230;)<\/p>\n<p><a href=\"https:\/\/www.20minutes.fr\/societe\/4168102-20250817-policiere-marseillaise-decedee-suites-acte-sexuel-pleine-patrouille?at_medium=RSS%20feed&amp;at_campaign=ynews&amp;utm_source=yahoo&amp;utm_medium=rss&amp;utm_campaign=news_feed&amp;utm_content=read_more_link&quot;\" rel=\"nofollow noopener\" target=\"_blank\" data-ylk=\"slk:Lire la suite sur 20minutes;elm:context_link;itc:0;sec:content-canvas\" class=\"link \">Lire la suite sur 20minutes<\/a><\/p>\n<p>\u00c0 lire aussi :<br \/><a href=\"https:\/\/www.20minutes.fr\/societe\/4166917-20250809-vermifuge-animaux-traitement-cache-big-pharma-contre-cancer?at_medium=RSS%20feed&amp;at_campaign=ynews&amp;utm_source=yahoo&amp;utm_medium=rss&amp;utm_campaign=news_feed&amp;utm_content=related_content_link\" rel=\"nofollow noopener\" target=\"_blank\" data-ylk=\"slk:Ce vermifuge pour animaux est-il un traitement \u00ab cach\u00e9 \u00bb par Big Pharma contre le cancer ?;elm:context_link;itc:0;sec:content-canvas\" class=\"link \">Ce vermifuge pour animaux est-il un traitement \u00ab cach\u00e9 \u00bb par Big Pharma contre le cancer ?<\/a><br \/><a href=\"https:\/\/www.20minutes.fr\/societe\/4166918-20250808-vladimir-poutine-kim-jong-refuse-boire-apres-avoir-trinque-peur-etre-empoisonnes?at_medium=RSS%20feed&amp;at_campaign=ynews&amp;utm_source=yahoo&amp;utm_medium=rss&amp;utm_campaign=news_feed&amp;utm_content=related_content_link\" rel=\"nofollow noopener\" target=\"_blank\" data-ylk=\"slk:Vladimir Poutine et Kim Jong-un ont-ils refus\u00e9 de boire apr\u00e8s avoir trinqu\u00e9 par peur d\u2019\u00eatre empoisonn\u00e9s ?;elm:context_link;itc:0;sec:content-canvas\" class=\"link \">Vladimir Poutine et Kim Jong-un ont-ils refus\u00e9 de boire apr\u00e8s avoir trinqu\u00e9 par peur d\u2019\u00eatre empoisonn\u00e9s ?<\/a><\/p>\n<p><script async src=\"\/\/www.tiktok.com\/embed.js\"><\/script><\/p>\n","protected":false},"excerpt":{"rendered":"fake off &#8211; Selon des contenus en ligne, des policiers se sont livr\u00e9s \u00e0 des \u00e9bats sexuels dans&hellip;\n","protected":false},"author":2,"featured_media":324919,"comment_status":"","ping_status":"","sticky":false,"template":"","format":"standard","meta":{"footnotes":""},"categories":[4],"tags":[11,46196,1011,27,12,25,42458],"class_list":{"0":"post-324918","1":"post","2":"type-post","3":"status-publish","4":"format-standard","5":"has-post-thumbnail","7":"category-france","8":"tag-actualites","9":"tag-ebats-sexuels","10":"tag-fr","11":"tag-france","12":"tag-news","13":"tag-republique-francaise","14":"tag-voiture-de-police"},"share_on_mastodon":{"url":"https:\/\/pubeurope.com\/@fr\/115044302449072698","error":""},"_links":{"self":[{"href":"https:\/\/www.europesays.com\/fr\/wp-json\/wp\/v2\/posts\/324918","targetHints":{"allow":["GET"]}}],"collection":[{"href":"https:\/\/www.europesays.com\/fr\/wp-json\/wp\/v2\/posts"}],"about":[{"href":"https:\/\/www.europesays.com\/fr\/wp-json\/wp\/v2\/types\/post"}],"author":[{"embeddable":true,"href":"https:\/\/www.europesays.com\/fr\/wp-json\/wp\/v2\/users\/2"}],"replies":[{"embeddable":true,"href":"https:\/\/www.europesays.com\/fr\/wp-json\/wp\/v2\/comments?post=324918"}],"version-history":[{"count":0,"href":"https:\/\/www.europesays.com\/fr\/wp-json\/wp\/v2\/posts\/324918\/revisions"}],"wp:featuredmedia":[{"embeddable":true,"href":"https:\/\/www.europesays.com\/fr\/wp-json\/wp\/v2\/media\/324919"}],"wp:attachment":[{"href":"https:\/\/www.europesays.com\/fr\/wp-json\/wp\/v2\/media?parent=324918"}],"wp:term":[{"taxonomy":"category","embeddable":true,"href":"https:\/\/www.europesays.com\/fr\/wp-json\/wp\/v2\/categories?post=324918"},{"taxonomy":"post_tag","embeddable":true,"href":"https:\/\/www.europesays.com\/fr\/wp-json\/wp\/v2\/tags?post=324918"}],"curies":[{"name":"wp","href":"https:\/\/api.w.org\/{rel}","templated":true}]}}