{"id":324921,"date":"2025-08-17T13:20:11","date_gmt":"2025-08-17T13:20:11","guid":{"rendered":"https:\/\/www.europesays.com\/fr\/324921\/"},"modified":"2025-08-17T13:20:11","modified_gmt":"2025-08-17T13:20:11","slug":"asse-richard-tylinski-homme-des-toutes-premieres-fois-du-club-sest-eteint","status":"publish","type":"post","link":"https:\/\/www.europesays.com\/fr\/324921\/","title":{"rendered":"ASSE : Richard Tylinski, \u00ab\u00a0homme des toutes premi\u00e8res fois du club\u00a0\u00bb, s&rsquo;est \u00e9teint"},"content":{"rendered":"<p>Richard Tylinski, ancien milieu de terrain et d\u00e9fenseur des Verts sacr\u00e9 champion de France avec l&rsquo;AS Saint-\u00c9tienne en 1957 et 1964, est d\u00e9c\u00e9d\u00e9 samedi 16 ao\u00fbt \u00e0 l&rsquo;\u00e2ge de 87 ans.<\/p>\n<p>Il a \u00e9t\u00e9 l&rsquo;un des premiers joueurs \u00e0 \u00e9crire la belle histoire de l&rsquo;<b>AS Saint-\u00c9tienne<\/b> dans les <b>ann\u00e9es 1950 et 1960.<\/b><\/p>\n<p>Ancien milieu de terrain qui pouvait aussi \u00e9voluer en tant que d\u00e9fenseur central, <b>Richard Tylinski<\/b> est d\u00e9c\u00e9d\u00e9 samedi 16 ao\u00fbt \u00e0 l&rsquo;\u00e2ge de 87 ans, a annonc\u00e9 le club dans un <a class=\"url\" href=\"https:\/\/www.asse.fr\/actualites\/richard-tylinski-s-en-est-alle-ac39011\" target=\"_blank\" rel=\"noopener\">communiqu\u00e9<\/a>\u00a0dimanche 17 ao\u00fbt.<\/p>\n<p>Tylinski, un pionnier des grandes heures st\u00e9phanoises<\/p>\n<p>Joueur embl\u00e9matique du club entre <b>1953 <\/b>et <b>1966<\/b>, Richard Tylinski a disput\u00e9 <b>312 rencontres<\/b> sous le maillot vert avec <b>deux buts<\/b> \u00e0 son compteur.\u00a0<\/p>\n<p>Il avait \u00e9t\u00e9 sacr\u00e9 champion de France \u00e0 deux reprises, en <b>1957 <\/b>et <b>1964<\/b>, les deux premiers titres d&rsquo;une longue s\u00e9rie pour l&rsquo;ASSE, alors dirig\u00e9e par l&rsquo;entra\u00eeneur <b>Jean Snella.<\/b><\/p>\n<p>Fils de <b>mineur <\/b>et natif de <b>Noyant-d&rsquo;Allier <\/b>en 1937, Richard Tylinski avait lui-m\u00eame travaill\u00e9 \u00e0 la mine avant de se consacrer au football.\u00a0<\/p>\n<p>Il a \u00e9galement enrichi le palmar\u00e8s st\u00e9phanois avec une Coupe de France en <b>1962 <\/b>ainsi qu&rsquo;un titre de champion de deuxi\u00e8me division en <b>1963<\/b>.<\/p>\n<p>Quelques s\u00e9lections en Bleu pour Richard Tylinski<\/p>\n<p>International chez les juniors, les militaires et les espoirs, il a port\u00e9 \u00e0 trois reprises le maillot de l&rsquo;\u00e9quipe de France A, entre <b>1957 <\/b>et <b>1960<\/b>.\u00a0<\/p>\n<p>Figure des d\u00e9buts glorieux des Verts, Richard Tylinski laisse l&rsquo;image d&rsquo;un joueur fid\u00e8le et travailleur, symbole d&rsquo;une g\u00e9n\u00e9ration fondatrice de l&rsquo;histoire st\u00e9phanoise.<\/p>\n<p><img loading=\"lazy\" decoding=\"async\" src=\"https:\/\/www.europesays.com\/fr\/wp-content\/uploads\/2025\/08\/1755436811_237_img\" width=\"350\" height=\"200\" border=\"0\" title=\"Les joueurs de l'AS Saint-\u00c3\u0089tienne face \u00c3\u00a0 Rodez. Radio SCOOP, la radio officielle de l'ASSE.\"\/><\/p>\n<p>\u25baFootball<\/p>\n<p style=\"font-size: 22px;\"><b>[VID\u00c9O] ASSE &#8211; Rodez (4-0) : les Verts d\u00e9marrent en fanfare en Ligue 2 ! Revivez tous les buts<\/b><\/p>\n<p>L&rsquo;AS Saint-\u00c9tienne s&rsquo;est offert un large succ\u00e8s&#8230;<\/p>\n<p><\/p>\n","protected":false},"excerpt":{"rendered":"Richard Tylinski, ancien milieu de terrain et d\u00e9fenseur des Verts sacr\u00e9 champion de France avec l&rsquo;AS Saint-\u00c9tienne en&hellip;\n","protected":false},"author":2,"featured_media":324922,"comment_status":"","ping_status":"","sticky":false,"template":"","format":"standard","meta":{"footnotes":""},"categories":[9653],"tags":[1111,11,17064,461,2430,1777,674,1011,27,46198,46199,3367,12,25,46197,9920,4001],"class_list":{"0":"post-324921","1":"post","2":"type-post","3":"status-publish","4":"format-standard","5":"has-post-thumbnail","7":"category-saint-etienne","8":"tag-actu","9":"tag-actualites","10":"tag-as-saint-tienne","11":"tag-asse","12":"tag-auvergne-rhone-alpes","13":"tag-eu","14":"tag-europe","15":"tag-fr","16":"tag-france","17":"tag-jean-snella","18":"tag-jean-michel-larqu","19":"tag-loire","20":"tag-news","21":"tag-republique-francaise","22":"tag-richard-tylinski","23":"tag-saint-tienne","24":"tag-saint-etienne"},"share_on_mastodon":{"url":"https:\/\/pubeurope.com\/@fr\/115044314581457166","error":""},"_links":{"self":[{"href":"https:\/\/www.europesays.com\/fr\/wp-json\/wp\/v2\/posts\/324921","targetHints":{"allow":["GET"]}}],"collection":[{"href":"https:\/\/www.europesays.com\/fr\/wp-json\/wp\/v2\/posts"}],"about":[{"href":"https:\/\/www.europesays.com\/fr\/wp-json\/wp\/v2\/types\/post"}],"author":[{"embeddable":true,"href":"https:\/\/www.europesays.com\/fr\/wp-json\/wp\/v2\/users\/2"}],"replies":[{"embeddable":true,"href":"https:\/\/www.europesays.com\/fr\/wp-json\/wp\/v2\/comments?post=324921"}],"version-history":[{"count":0,"href":"https:\/\/www.europesays.com\/fr\/wp-json\/wp\/v2\/posts\/324921\/revisions"}],"wp:featuredmedia":[{"embeddable":true,"href":"https:\/\/www.europesays.com\/fr\/wp-json\/wp\/v2\/media\/324922"}],"wp:attachment":[{"href":"https:\/\/www.europesays.com\/fr\/wp-json\/wp\/v2\/media?parent=324921"}],"wp:term":[{"taxonomy":"category","embeddable":true,"href":"https:\/\/www.europesays.com\/fr\/wp-json\/wp\/v2\/categories?post=324921"},{"taxonomy":"post_tag","embeddable":true,"href":"https:\/\/www.europesays.com\/fr\/wp-json\/wp\/v2\/tags?post=324921"}],"curies":[{"name":"wp","href":"https:\/\/api.w.org\/{rel}","templated":true}]}}