{"id":324925,"date":"2025-08-17T13:25:11","date_gmt":"2025-08-17T13:25:11","guid":{"rendered":"https:\/\/www.europesays.com\/fr\/324925\/"},"modified":"2025-08-17T13:25:11","modified_gmt":"2025-08-17T13:25:11","slug":"elle-etait-de-passage-a-jazz-a-toulon-la-chanteuse-neima-naouri-fille-de-nathalie-dessay-se-confie","status":"publish","type":"post","link":"https:\/\/www.europesays.com\/fr\/324925\/","title":{"rendered":"Elle \u00e9tait de passage \u00e0 Jazz \u00e0 Toulon: la chanteuse Neima Naouri, fille de Nathalie Dessay, se confie"},"content":{"rendered":"<p>\u00c0 moins de 30 ans, Neima Naouri est une \u00e9toile montante de la com\u00e9die musicale. Le temps d\u2019une interview, elle nous partage son univers musical et revient sur son parcours.<\/p>\n<p><strong>Quel est le r\u00f4le qui vous a le plus marqu\u00e9?<\/strong><\/p>\n<p>Jusqu\u2019ici, c\u2019est un spectacle auquel j\u2019ai particip\u00e9 durant mon cursus \u00e0 la Royal Academy of Music de Londres: The Light in the Piazza, une pi\u00e8ce issue du th\u00e9\u00e2tre am\u00e9ricain. C\u2019est une esp\u00e8ce d\u2019ovni tr\u00e8s bizarre, autant musicalement que du point de vue de l\u2019histoire. Il est question des relations entre une m\u00e8re et sa fille, et j\u2019avais la chance de jouer le r\u00f4le de la fille. C\u2019\u00e9tait tr\u00e8s psychologique et j\u2019ai trouv\u00e9 que la m\u00e9thode avec laquelle on travaillait \u00e9tait incroyable. Pour la premi\u00e8re fois de ma vie, j\u2019avais vraiment l\u2019impression de faire un travail d\u2019actrice, et pas seulement de musicienne.<\/p>\n<p><strong>Quelles figures vous ont inspir\u00e9e ou ont accompagn\u00e9 votre formation?<\/strong><\/p>\n<p>Barbra Streisand a fait partie de mon \u00e9ducation musicale. J\u2019avais six ou sept ans la premi\u00e8re fois que j\u2019ai vu Funny Girl, ma premi\u00e8re com\u00e9die musicale. J\u2019ai ensuite vu Yentl, le film qu\u2019elle a r\u00e9alis\u00e9 elle-m\u00eame et en plus, comme je suis juive, j\u2019ai aussi senti une connexion par notre jud\u00e9it\u00e9 commune. Je me suis mise \u00e0 chanter tout son r\u00e9pertoire, qui est assez large, et c\u2019est comme \u00e7a que j\u2019ai mis un pied dans la com\u00e9die musicale. Mes parents, qui sont chanteurs [ndlr: Natalie Dessay et Laurent Naouri] ne m\u2019ont jamais rien impos\u00e9, \u00e0 part de faire du piano quand j\u2019\u00e9tais enfant. \u00c7a faisait partie de mon \u00e9ducation et \u00e7a, je n\u2019avais pas le choix. Je d\u00e9testais \u00e7a d\u2019ailleurs! Le chant, c\u2019est moi qui ai insist\u00e9. Ils m\u2019ont aiguill\u00e9e pour savoir vers quelle professeure aller, et notamment vers Jasmine Roy. C\u2019est elle qui m\u2019a mis un pied \u00e0 l\u2019\u00e9trier pour faire de la com\u00e9die musicale professionnellement, parce que c\u2019est gr\u00e2ce \u00e0 elle que j\u2019ai eu mon premier contrat. Elle avait donn\u00e9 mon nom pour que j\u2019auditionne pour Un violon sur le toit \u00e0 l\u2019Op\u00e9ra de Strasbourg, et voil\u00e0! Maintenant, on se retrouve sur des productions, dans diff\u00e9rents op\u00e9ras en France.<\/p>\n<p><strong>Quel rapport avez-vous \u00e0 votre voix parl\u00e9e et \u00e0 votre voix chant\u00e9e?<\/strong><\/p>\n<p>J\u2019ai un rapport beaucoup plus contr\u00f4l\u00e9 de ma voix chant\u00e9e que de ma voix parl\u00e9e, que ne la contr\u00f4le pas trop. Et d\u2019ailleurs, quand je m\u2019entends, \u00e7a me fait bizarre parce qu\u2019elle ne sonne pas du tout comme moi je m\u2019entends de l\u2019int\u00e9rieur. Je pr\u00e9f\u00e8re donc mille fois ma voix chant\u00e9e que ma voix parl\u00e9e, peut-\u00eatre parce que j\u2019arrive \u00e0 exercer cette plus grande ma\u00eetrise. Clo\u00e9 Calame<\/p>\n","protected":false},"excerpt":{"rendered":"\u00c0 moins de 30 ans, Neima Naouri est une \u00e9toile montante de la com\u00e9die musicale. Le temps d\u2019une&hellip;\n","protected":false},"author":2,"featured_media":324926,"comment_status":"","ping_status":"","sticky":false,"template":"","format":"standard","meta":{"footnotes":""},"categories":[9619],"tags":[1111,11,251,1777,674,1011,27,12,882,25,2310],"class_list":{"0":"post-324925","1":"post","2":"type-post","3":"status-publish","4":"format-standard","5":"has-post-thumbnail","7":"category-toulon","8":"tag-actu","9":"tag-actualites","10":"tag-culture","11":"tag-eu","12":"tag-europe","13":"tag-fr","14":"tag-france","15":"tag-news","16":"tag-provence-alpes-cote-dazur","17":"tag-republique-francaise","18":"tag-toulon"},"share_on_mastodon":{"url":"https:\/\/pubeurope.com\/@fr\/115044333925273421","error":""},"_links":{"self":[{"href":"https:\/\/www.europesays.com\/fr\/wp-json\/wp\/v2\/posts\/324925","targetHints":{"allow":["GET"]}}],"collection":[{"href":"https:\/\/www.europesays.com\/fr\/wp-json\/wp\/v2\/posts"}],"about":[{"href":"https:\/\/www.europesays.com\/fr\/wp-json\/wp\/v2\/types\/post"}],"author":[{"embeddable":true,"href":"https:\/\/www.europesays.com\/fr\/wp-json\/wp\/v2\/users\/2"}],"replies":[{"embeddable":true,"href":"https:\/\/www.europesays.com\/fr\/wp-json\/wp\/v2\/comments?post=324925"}],"version-history":[{"count":0,"href":"https:\/\/www.europesays.com\/fr\/wp-json\/wp\/v2\/posts\/324925\/revisions"}],"wp:featuredmedia":[{"embeddable":true,"href":"https:\/\/www.europesays.com\/fr\/wp-json\/wp\/v2\/media\/324926"}],"wp:attachment":[{"href":"https:\/\/www.europesays.com\/fr\/wp-json\/wp\/v2\/media?parent=324925"}],"wp:term":[{"taxonomy":"category","embeddable":true,"href":"https:\/\/www.europesays.com\/fr\/wp-json\/wp\/v2\/categories?post=324925"},{"taxonomy":"post_tag","embeddable":true,"href":"https:\/\/www.europesays.com\/fr\/wp-json\/wp\/v2\/tags?post=324925"}],"curies":[{"name":"wp","href":"https:\/\/api.w.org\/{rel}","templated":true}]}}