{"id":324939,"date":"2025-08-17T13:39:20","date_gmt":"2025-08-17T13:39:20","guid":{"rendered":"https:\/\/www.europesays.com\/fr\/324939\/"},"modified":"2025-08-17T13:39:20","modified_gmt":"2025-08-17T13:39:20","slug":"franck-haise-reclame-un-attaquant-a-15-buts","status":"publish","type":"post","link":"https:\/\/www.europesays.com\/fr\/324939\/","title":{"rendered":"Franck Haise r\u00e9clame un attaquant \u00e0 15 buts !"},"content":{"rendered":"<p>Malgr\u00e9 une canicule intenable, le mois d&rsquo;ao\u00fbt n&rsquo;est pas tr\u00e8s ensoleill\u00e9 dans le ciel de <a href=\"https:\/\/www.dailymercato.com\/club\/ogc-nice-18\" rel=\"nofollow noopener\" target=\"_blank\">l&rsquo;OGC Nice<\/a>. Elimin\u00e9s de la <a href=\"https:\/\/www.dailymercato.com\/ligue-des-champions\" rel=\"nofollow noopener\" target=\"_blank\">Ligue des champions<\/a> avant m\u00eame d&rsquo;avoir pu faire semblant d&rsquo;y croire, <strong>les Aiglons ont rat\u00e9 leur d\u00e9but en Ligue 1<\/strong>.<\/p>\n<p>Hier soir, Nice s&rsquo;est inclin\u00e9 \u00e0 domicile contre le TFC. Un but encaiss\u00e9 dans les derni\u00e8res minutes, qui remet en cause le projet de Franck Haise. Conscient que son secteur offensif est limit\u00e9, <strong>le coach azur\u00e9en r\u00e9clame un nouvel attaquant<\/strong>.\u00a0<\/p>\n<p>L&rsquo;OGC Nice veut faire des affaires en Suisse<\/p>\n<p>Selon\u00a0SkySport, <strong>le mercato de Nice tente de signer Kevin Carlos<\/strong>. Alors que <a href=\"https:\/\/www.dailymercato.com\/news\/mercato-nice-un-ancien-crack-du-psg-pour-aider-lattaque-des-aiglons\" rel=\"nofollow noopener\" target=\"_blank\">la piste d&rsquo;Odsonne Edouard<\/a> n&rsquo;avance pas, les dirigeants ni\u00e7ois sont tr\u00e8s int\u00e9ress\u00e9s par le profil de l&rsquo;Espagnol. Carlos \u00e9volue depuis la saison 2023-2024 en Super League Suisse.<\/p>\n<p>Titulaire indiscutable du FC B\u00e2le, <strong>Kevin Carlos a inscrit 15 buts et 2 passes en 40 matchs la saison pass\u00e9e<\/strong>. Un bilan plus que positif, alors que l&rsquo;Espagnol de 24 ans peut encore progresser. Du haut de ses 1m86, Carlos p\u00e8se sur les d\u00e9fenses adversaires.<\/p>\n<p>Un profil qui plait d\u00e9finitivement \u00e0 Franck Haise. <strong>Evalu\u00e9 \u00e0 4,5M\u20ac\u00a0<\/strong>sur Transfermarkt, Kevin Carlos est aussi suivi par des clubs espagnols et italiens. Reste \u00e0 savoir si l&rsquo;OGC Nice saura convaincre l&rsquo;attaquant b\u00e2lois de rejoindre la Ligue 1, <strong>malgr\u00e9 l&rsquo;absence de Ligue des champions cette saison<\/strong>.<\/p>\n<blockquote class=\"twitter-tweet\"><p>&#13;<\/p>\n<p dir=\"ltr\" lang=\"en\">\ud83d\udd34\u26ab\ufe0f OGC Nice are strongly considering a move for FC Basel striker Kevin Carlos, who has also been considered by Spanish and Italian clubs. The French side could accelerate in the upcoming hours. \ud83c\uddea\ud83c\uddf8\ud83d\udd1b <a href=\"https:\/\/twitter.com\/hashtag\/OGCNice?src=hash&amp;ref_src=twsrc%5Etfw\" rel=\"nofollow noopener\" target=\"_blank\">#OGCNice<\/a> <a href=\"https:\/\/twitter.com\/hashtag\/FCBasel?src=hash&amp;ref_src=twsrc%5Etfw\" rel=\"nofollow noopener\" target=\"_blank\">#FCBasel<\/a> post <a href=\"https:\/\/twitter.com\/MaxenceM06?ref_src=twsrc%5Etfw\" rel=\"nofollow noopener\" target=\"_blank\">@MaxenceM06<\/a> <a href=\"https:\/\/t.co\/xKrZnxiHce\" rel=\"nofollow\">pic.twitter.com\/xKrZnxiHce<\/a><\/p>\n<p>&#13;<br \/>\n\u2014 Luca Bendoni (@LucaBendoni) <a href=\"https:\/\/twitter.com\/LucaBendoni\/status\/1956795157753352324?ref_src=twsrc%5Etfw\" rel=\"nofollow noopener\" target=\"_blank\">August 16, 2025<\/a><\/p><\/blockquote>\n<p>Supporter st\u00e9phanois, je ne perds pas espoir de revoir les Verts retrouver les sommets. En attendant, je m&rsquo;endes clu remets aux autres clubs historiques du football fran\u00e7ais pour prendre mon mal en patience, et ainsi admirer des clubs comme Strasbourg ou le RC Lens.<\/p>\n<p>            <script async src=\"https:\/\/platform.twitter.com\/widgets.js\" charset=\"utf-8\"><\/script><\/p>\n","protected":false},"excerpt":{"rendered":"Malgr\u00e9 une canicule intenable, le mois d&rsquo;ao\u00fbt n&rsquo;est pas tr\u00e8s ensoleill\u00e9 dans le ciel de l&rsquo;OGC Nice. Elimin\u00e9s&hellip;\n","protected":false},"author":2,"featured_media":307506,"comment_status":"","ping_status":"","sticky":false,"template":"","format":"standard","meta":{"footnotes":""},"categories":[2819],"tags":[1111,11,1777,674,1011,27,12,2401,882,25],"class_list":{"0":"post-324939","1":"post","2":"type-post","3":"status-publish","4":"format-standard","5":"has-post-thumbnail","7":"category-nice","8":"tag-actu","9":"tag-actualites","10":"tag-eu","11":"tag-europe","12":"tag-fr","13":"tag-france","14":"tag-news","15":"tag-nice","16":"tag-provence-alpes-cote-dazur","17":"tag-republique-francaise"},"share_on_mastodon":{"url":"https:\/\/pubeurope.com\/@fr\/115044388910134704","error":""},"_links":{"self":[{"href":"https:\/\/www.europesays.com\/fr\/wp-json\/wp\/v2\/posts\/324939","targetHints":{"allow":["GET"]}}],"collection":[{"href":"https:\/\/www.europesays.com\/fr\/wp-json\/wp\/v2\/posts"}],"about":[{"href":"https:\/\/www.europesays.com\/fr\/wp-json\/wp\/v2\/types\/post"}],"author":[{"embeddable":true,"href":"https:\/\/www.europesays.com\/fr\/wp-json\/wp\/v2\/users\/2"}],"replies":[{"embeddable":true,"href":"https:\/\/www.europesays.com\/fr\/wp-json\/wp\/v2\/comments?post=324939"}],"version-history":[{"count":0,"href":"https:\/\/www.europesays.com\/fr\/wp-json\/wp\/v2\/posts\/324939\/revisions"}],"wp:featuredmedia":[{"embeddable":true,"href":"https:\/\/www.europesays.com\/fr\/wp-json\/wp\/v2\/media\/307506"}],"wp:attachment":[{"href":"https:\/\/www.europesays.com\/fr\/wp-json\/wp\/v2\/media?parent=324939"}],"wp:term":[{"taxonomy":"category","embeddable":true,"href":"https:\/\/www.europesays.com\/fr\/wp-json\/wp\/v2\/categories?post=324939"},{"taxonomy":"post_tag","embeddable":true,"href":"https:\/\/www.europesays.com\/fr\/wp-json\/wp\/v2\/tags?post=324939"}],"curies":[{"name":"wp","href":"https:\/\/api.w.org\/{rel}","templated":true}]}}