{"id":324942,"date":"2025-08-17T13:43:10","date_gmt":"2025-08-17T13:43:10","guid":{"rendered":"https:\/\/www.europesays.com\/fr\/324942\/"},"modified":"2025-08-17T13:43:10","modified_gmt":"2025-08-17T13:43:10","slug":"girondins-un-manque-dautomatismes-pour-eric-vandenabeele","status":"publish","type":"post","link":"https:\/\/www.europesays.com\/fr\/324942\/","title":{"rendered":"Girondins : un manque \u00ab\u00a0d&rsquo;automatismes\u00a0\u00bb pour \u00c9ric Vandenabeele"},"content":{"rendered":"<p><img decoding=\"async\" src=\"https:\/\/www.europesays.com\/fr\/wp-content\/uploads\/2025\/08\/671_755ed06277d1cb3f779b86ce5d5a7a53.jpg\" alt=\"Girondins : un manque &quot;d'automatismes&quot; pour \u00c9ric Vandenabeele\" class=\"img-responsive mt-3\"\/><\/p>\n<p class=\"text-center mb-3\" style=\"font-size: 14px\">\u00a9 Iconsport<\/p>\n<p>      <strong>\u00ab\u00a0Un groupe assez jeune avec beaucoup de recrues\u00a0\u00bb<\/strong><\/p>\n<p style=\"text-align: justify;\">\u00c9ric Vandenabeele r\u00e9agit au micro de la <a href=\"https:\/\/www.facebook.com\/foreverlaradio\" target=\"_blank\" rel=\"noopener\">radio Forever<\/a> : \u00ab\u00a0On est un peu tristes de ne pas avoir pris les trois points ce soir. Il faut essayer de retenir le positif \u00e0 savoir qu&rsquo;on n\u2019a pas pris de but. On est un groupe assez jeune, avec beaucoup de recrues, dont moi, donc un peu moins d\u2019automatismes entre nous. C&rsquo;est ce qu&rsquo;il a manqu\u00e9 pour prendre les 3 points.<\/p>\n<p style=\"text-align: justify;\">On a fait face \u00e0 un bloc assez bien regroup\u00e9 qui nous attendait un peu en seconde p\u00e9riode, on se devait de passer par les c\u00f4t\u00e9s et on a manqu\u00e9 nos avant-derni\u00e8res passes qui auraient pu aboutir sur des centres, on aurait pu mettre un peu plus de pression sur l&rsquo;adversaire.<\/p>\n<p style=\"text-align: justify;\">On a fait des choses assez simples et on n\u2019a pas vraiment eu ce grain de folie pour marquer ce but. J&rsquo;\u00e9tais d\u00e9j\u00e0 venu dans ce stade avec Rodez (juin 2023). J\u2019ai \u00e9t\u00e9 impressionn\u00e9 par l\u2019ambiance d\u00e8s l\u2019\u00e9chauffement. J\u2019ai eu de tr\u00e8s bonnes sensations.\u00a0\u00bb<\/p>\n<p style=\"text-align: justify;\">Il n&rsquo;est pas inquiet et ajoute que \u00ab\u00a0\u00c7a va venir au fur et \u00e0 mesure des s\u00e9ances d&rsquo;entrainement.\u00a0\u00bb<\/p>\n<p style=\"text-align: justify;\">\u00c0 lire &gt;&gt; <strong><a href=\"https:\/\/www.webgirondins.com\/actualite-girondins-girondins-etienne-beugre-met-en-cause-john-williams-de-bloquer-son-retour-a-bordeaux-130084\" target=\"_blank\" rel=\"noopener\">\u00c9tienne Beugre accuse John Williams de bloquer son retour \u00e0 Bordeaux<\/a><\/strong><\/p>\n<p style=\"text-align: justify;\">Notre podcats court \u00e0 \u00e9couter :<\/p>\n<dl class=\"formview\">\n<dt\/>\n<\/dl>\n<p>\u00a0<\/p>\n","protected":false},"excerpt":{"rendered":"\u00a9 Iconsport \u00ab\u00a0Un groupe assez jeune avec beaucoup de recrues\u00a0\u00bb \u00c9ric Vandenabeele r\u00e9agit au micro de la radio&hellip;\n","protected":false},"author":2,"featured_media":324943,"comment_status":"","ping_status":"","sticky":false,"template":"","format":"standard","meta":{"footnotes":""},"categories":[2817],"tags":[1111,11,46200,3396,17295,12008,1997,6950,42908,15335,44938,11792,10940,1777,674,2823,1011,27,1987,3027,955,12,2219,471,25,3242,6006,43240],"class_list":{"0":"post-324942","1":"post","2":"type-post","3":"status-publish","4":"format-standard","5":"has-post-thumbnail","7":"category-bordeaux","8":"tag-actu","9":"tag-actualites","10":"tag-automatismes","11":"tag-avec","12":"tag-avranches","13":"tag-bien","14":"tag-bordeaux","15":"tag-bordelais","16":"tag-debuter","17":"tag-domicile","18":"tag-douche","19":"tag-eric","20":"tag-espoirs","21":"tag-eu","22":"tag-europe","23":"tag-face","24":"tag-fr","25":"tag-france","26":"tag-girondins","27":"tag-manque","28":"tag-match","29":"tag-news","30":"tag-nouvelle-aquitaine","31":"tag-pour","32":"tag-republique-francaise","33":"tag-saison","34":"tag-succes","35":"tag-vandenabeele"},"share_on_mastodon":{"url":"https:\/\/pubeurope.com\/@fr\/115044404658190097","error":""},"_links":{"self":[{"href":"https:\/\/www.europesays.com\/fr\/wp-json\/wp\/v2\/posts\/324942","targetHints":{"allow":["GET"]}}],"collection":[{"href":"https:\/\/www.europesays.com\/fr\/wp-json\/wp\/v2\/posts"}],"about":[{"href":"https:\/\/www.europesays.com\/fr\/wp-json\/wp\/v2\/types\/post"}],"author":[{"embeddable":true,"href":"https:\/\/www.europesays.com\/fr\/wp-json\/wp\/v2\/users\/2"}],"replies":[{"embeddable":true,"href":"https:\/\/www.europesays.com\/fr\/wp-json\/wp\/v2\/comments?post=324942"}],"version-history":[{"count":0,"href":"https:\/\/www.europesays.com\/fr\/wp-json\/wp\/v2\/posts\/324942\/revisions"}],"wp:featuredmedia":[{"embeddable":true,"href":"https:\/\/www.europesays.com\/fr\/wp-json\/wp\/v2\/media\/324943"}],"wp:attachment":[{"href":"https:\/\/www.europesays.com\/fr\/wp-json\/wp\/v2\/media?parent=324942"}],"wp:term":[{"taxonomy":"category","embeddable":true,"href":"https:\/\/www.europesays.com\/fr\/wp-json\/wp\/v2\/categories?post=324942"},{"taxonomy":"post_tag","embeddable":true,"href":"https:\/\/www.europesays.com\/fr\/wp-json\/wp\/v2\/tags?post=324942"}],"curies":[{"name":"wp","href":"https:\/\/api.w.org\/{rel}","templated":true}]}}