{"id":324948,"date":"2025-08-17T13:47:14","date_gmt":"2025-08-17T13:47:14","guid":{"rendered":"https:\/\/www.europesays.com\/fr\/324948\/"},"modified":"2025-08-17T13:47:14","modified_gmt":"2025-08-17T13:47:14","slug":"brest-lille-les-ultras-brestois-ont-fait-greve-pendant-les-premieres-minutes-de-jeu","status":"publish","type":"post","link":"https:\/\/www.europesays.com\/fr\/324948\/","title":{"rendered":"Brest &#8211; Lille\u00a0: les Ultras Brestois ont fait gr\u00e8ve pendant les premi\u00e8res minutes de jeu"},"content":{"rendered":"<p>Article r\u00e9serv\u00e9 aux abonn\u00e9s<\/p>\n<p class=\"tlg-author\">\n                Par<br \/>\n                Thomas Roignant<\/p>\n<p>Le 17 ao\u00fbt 2025 \u00e0 15h43<\/p>\n<p class=\"tlg-h5\">Les Ultras Brestois ont fait gr\u00e8ve pendant les premi\u00e8res minutes de jeu de Brest &#8211; Lille, ce dimanche, en protestation de l\u2019auto-dissolution des deux groupes de supporters propos\u00e9e r\u00e9cemment par le sous-pr\u00e9fet.<\/p>\n<p><img fetchpriority=\"high\" decoding=\"async\" src=\"https:\/\/www.europesays.com\/fr\/wp-content\/uploads\/2025\/08\/68a1dc8f79ae8bbb9503150c.1.jpeg\" width=\"960\" height=\"600\" class=\"web_golden_xl\" loading=\"eager\" alt=\"Les Ultras Brestois ont fait la gr\u00e8ve pendant les premi\u00e8res minutes de Brest - Lille.\"\/>Les Ultras Brestois ont fait la gr\u00e8ve pendant les premi\u00e8res minutes de Brest &#8211; Lille. (Photo d\u2019archives Lionel Le Saux)<\/p>\n","protected":false},"excerpt":{"rendered":"Article r\u00e9serv\u00e9 aux abonn\u00e9s Par Thomas Roignant Le 17 ao\u00fbt 2025 \u00e0 15h43 Les Ultras Brestois ont fait&hellip;\n","protected":false},"author":2,"featured_media":324949,"comment_status":"","ping_status":"","sticky":false,"template":"","format":"standard","meta":{"footnotes":""},"categories":[2815],"tags":[1111,11,3450,765,3166,1777,674,63,1011,27,811,66,1307,12,25,60,4449],"class_list":{"0":"post-324948","1":"post","2":"type-post","3":"status-publish","4":"format-standard","5":"has-post-thumbnail","7":"category-lille","8":"tag-actu","9":"tag-actualites","10":"tag-brest","11":"tag-en-continu","12":"tag-en-continu-sports","13":"tag-eu","14":"tag-europe","15":"tag-football","16":"tag-fr","17":"tag-france","18":"tag-hauts-de-france","19":"tag-ligue-1","20":"tag-lille","21":"tag-news","22":"tag-republique-francaise","23":"tag-sports","24":"tag-stade-brestois"},"share_on_mastodon":{"url":"https:\/\/pubeurope.com\/@fr\/115044420417771965","error":""},"_links":{"self":[{"href":"https:\/\/www.europesays.com\/fr\/wp-json\/wp\/v2\/posts\/324948","targetHints":{"allow":["GET"]}}],"collection":[{"href":"https:\/\/www.europesays.com\/fr\/wp-json\/wp\/v2\/posts"}],"about":[{"href":"https:\/\/www.europesays.com\/fr\/wp-json\/wp\/v2\/types\/post"}],"author":[{"embeddable":true,"href":"https:\/\/www.europesays.com\/fr\/wp-json\/wp\/v2\/users\/2"}],"replies":[{"embeddable":true,"href":"https:\/\/www.europesays.com\/fr\/wp-json\/wp\/v2\/comments?post=324948"}],"version-history":[{"count":0,"href":"https:\/\/www.europesays.com\/fr\/wp-json\/wp\/v2\/posts\/324948\/revisions"}],"wp:featuredmedia":[{"embeddable":true,"href":"https:\/\/www.europesays.com\/fr\/wp-json\/wp\/v2\/media\/324949"}],"wp:attachment":[{"href":"https:\/\/www.europesays.com\/fr\/wp-json\/wp\/v2\/media?parent=324948"}],"wp:term":[{"taxonomy":"category","embeddable":true,"href":"https:\/\/www.europesays.com\/fr\/wp-json\/wp\/v2\/categories?post=324948"},{"taxonomy":"post_tag","embeddable":true,"href":"https:\/\/www.europesays.com\/fr\/wp-json\/wp\/v2\/tags?post=324948"}],"curies":[{"name":"wp","href":"https:\/\/api.w.org\/{rel}","templated":true}]}}