{"id":324950,"date":"2025-08-17T13:49:16","date_gmt":"2025-08-17T13:49:16","guid":{"rendered":"https:\/\/www.europesays.com\/fr\/324950\/"},"modified":"2025-08-17T13:49:16","modified_gmt":"2025-08-17T13:49:16","slug":"kilimandjaro-de-marseille-au-toit-de-lafrique-un-projet-a-portee-de-sac-a-dos","status":"publish","type":"post","link":"https:\/\/www.europesays.com\/fr\/324950\/","title":{"rendered":"Kilimandjaro, de Marseille au toit de l\u2019Afrique\u2026 un projet \u00e0 port\u00e9e de sac \u00e0 dos"},"content":{"rendered":"<p>L\u2019histoire commence par une conversation, \u00e0 la terrasse d\u2019un caf\u00e9, et se termine \u00e0 5\u00a0895\u00a0m d\u2019altitude. Une envie lanc\u00e9e \u00e0 la vol\u00e9e qui n\u2019attendait pas vraiment de r\u00e9ponse\u00a0: \u00ab\u00a0J\u2019ai toujours voulu monter au sommet du Kilimandjaro\u00a0\u00bb. Quand on discute entre sportifs, m\u00eame du dimanche, il n\u2019en faut parfois pas plus pour allumer une \u00e9tincelle. Un an et demi plus tard, en regardant s\u2019\u00e9loigner le toit de l\u2019Afrique, apr\u00e8s 7 jours de marche et plus de 4\u00a0000\u00a0m de d\u00e9nivel\u00e9 positif aval\u00e9s, on se dit qu\u2019avec volont\u00e9 et d\u00e9termination les r\u00eaves les plus hauts ne sont pas inaccessibles.<\/p>\n<p><img alt=\"Le toit de l\u2019Afrique culmine \u00e0 5895 m d\u2019altitude, entre une mer de nuage et les neiges \u00e9ternelles.\" loading=\"lazy\" decoding=\"async\" data-nimg=\"fill\" class=\" TwicCore_img__i9TC1 undefined  undefined\" style=\"position:absolute;height:100%;width:100%;left:0;top:0;right:0;bottom:0;color:transparent;background-size:cover;background-position:50% 50%;background-repeat:no-repeat;background-image:url(&quot;data:image\/svg+xml;charset=utf-8,%3Csvg xmlns='http:\/\/www.w3.org\/2000\/svg' %3E%3Cfilter id='b' color-interpolation-filters='sRGB'%3E%3CfeGaussianBlur stdDeviation='20'\/%3E%3CfeColorMatrix values='1 0 0 0 0 0 1 0 0 0 0 0 1 0 0 0 0 0 100 -1' result='s'\/%3E%3CfeFlood x='0' y='0' width='100%25' height='100%25'\/%3E%3CfeComposite operator='out' in='s'\/%3E%3CfeComposite in2='SourceGraphic'\/%3E%3CfeGaussianBlur stdDeviation='20'\/%3E%3C\/filter%3E%3Cimage width='100%25' height='100%25' x='0' y='0' preserveAspectRatio='none' style='filter: url(%23b);' href='https:\/\/pictures.laprovence.com\/cdn-cgi\/image\/blur=250\/media\/melody\/2025\/08\/17\/le-toit-de-l-afrique-culmine-a-5895-m-d-altitude-entre-une-mer-de-nuage-et-les-neiges-eternelles-1755420275_e57dbaae0f986d97dbaae0f98cd7dbv_.jpg'\/%3E%3C\/svg%3E&quot;)\"   src=\"https:\/\/www.europesays.com\/fr\/wp-content\/uploads\/2025\/08\/le-toit-de-l-afrique-culmine-a-5895-m-d-altitude-entre-une-mer-de-nuage-et-les-neiges-eternelles-175.jpeg\"\/>Le toit de l\u2019Afrique culmine \u00e0 5895 m d\u2019altitude, entre une mer de nuage et les neiges \u00e9ternelles. \/ Photo E. S.<\/p>\n<p>Avec <a href=\"https:\/\/www.laprovence.com\/article\/sortie-loisirs\/2168336854157715\/en-provence-la-randonnee-est-en-pleine-expansion-la-demande-est-de-plus-en-plus-importante\" target=\"_blank\" rel=\"noopener\">27\u00a0millions de pratiquants, la randonn\u00e9e p\u00e9destre<\/a> est la premi\u00e8re discipline sportive de France. En Provence, pr\u00e8s de 40% des habitants se sont mis \u00e0 courir et \u00e0 marcher sur les <a href=\"https:\/\/www.laprovence.com\/article\/region\/1116206209445514\/jai-voulu-ecrire-pour-des-balades-accessibles-a-tous-un-eco-guide-sur-la-cote-bleue-vient-de-paraitre\" target=\"_blank\" rel=\"noopener\">10\u00a0000\u00a0km de sentiers balis\u00e9es recens\u00e9s dans la r\u00e9gion<\/a>.<\/p>\n<p>De l\u00e0 \u00e0 vouloir passer au niveau sup\u00e9rieur, il n\u2019y a qu\u2019un pas \u00e0 franchir. Difficile certes mais \u00e0 port\u00e9e de chaussures. Tous les ans, 25\u00a0000 personnes environ tentent l\u2019ascension du g\u00e9ant de Tanzanie. Nous arrivons donc d\u00e9j\u00e0 \u00e0 la premi\u00e8re chose essentielle \u00e0 savoir, non, le Kili ne se trouve pas au Kenya. De l\u00e0-bas, on peut le voir pour prendre de belles photos, mais pour l\u2019affronter, il faut se rendre dans le nord-est de la Tanzanie \u00e0 340\u00a0km au sud de l\u2019\u00e9quateur. Pas question de tenter l\u2019aventure en solo.<\/p>\n<p><img alt=\"La mont\u00e9e vers le sommet se fait au-dessus des nuages.\" loading=\"lazy\" decoding=\"async\" data-nimg=\"fill\" class=\" TwicCore_img__i9TC1 undefined  undefined\" style=\"position:absolute;height:100%;width:100%;left:0;top:0;right:0;bottom:0;color:transparent;background-size:cover;background-position:50% 50%;background-repeat:no-repeat;background-image:url(&quot;data:image\/svg+xml;charset=utf-8,%3Csvg xmlns='http:\/\/www.w3.org\/2000\/svg' %3E%3Cfilter id='b' color-interpolation-filters='sRGB'%3E%3CfeGaussianBlur stdDeviation='20'\/%3E%3CfeColorMatrix values='1 0 0 0 0 0 1 0 0 0 0 0 1 0 0 0 0 0 100 -1' result='s'\/%3E%3CfeFlood x='0' y='0' width='100%25' height='100%25'\/%3E%3CfeComposite operator='out' in='s'\/%3E%3CfeComposite in2='SourceGraphic'\/%3E%3CfeGaussianBlur stdDeviation='20'\/%3E%3C\/filter%3E%3Cimage width='100%25' height='100%25' x='0' y='0' preserveAspectRatio='none' style='filter: url(%23b);' href='https:\/\/pictures.laprovence.com\/cdn-cgi\/image\/blur=250\/media\/melody\/2025\/08\/17\/la-montee-vers-le-sommet-se-fait-au-dessus-des-nuages-1755420275_9f681b184f986f3781b184f98e7781v_.jpg'\/%3E%3C\/svg%3E&quot;)\"   src=\"https:\/\/www.europesays.com\/fr\/wp-content\/uploads\/2025\/08\/la-montee-vers-le-sommet-se-fait-au-dessus-des-nuages-1755420275_9f681b184f986f3781b184f98e7781v_.jp.jpeg\"\/>La mont\u00e9e vers le sommet se fait au-dessus des nuages. \/ Photo E. S.Pas besoin de \u00ab\u00a0travel planer\u00a0\u00bb<\/p>\n<p>Pour les amateurs, mieux vaut partir avec un guide. Aujourd\u2019hui la mode est aux \u00ab\u00a0travel planers\u00a0\u00bb, qui organisent votre circuit en amont et vous suivent tout le long. Le concept para\u00eet rassurant mais la facture monte tr\u00e8s vite. Entre 500 et 800\u00a0\u20ac de plus selon le voyage. Cette aide n\u2019est pas indispensable car de nombreuses entreprises locales tr\u00e8s s\u00e9rieuses proposent des s\u00e9jours clefs en main beaucoup moins co\u00fbteux. L\u2019id\u00e9al est d\u2019\u00e9viter les grosses structures, souvent d\u00e9tenues par des capitaux \u00e9trangers.<\/p>\n<p>Avec elles, le trek ressemble vite \u00e0 un gros voyage en groupe. Dans la petite ville de Moshi, au pied du Kili, les petites entreprises organisent des escapades sur mesure avec des accompagnateurs en montagne dipl\u00f4m\u00e9s (Licence) qui vous pr\u00e9parent \u00e0 distance. Tous parlent anglais, poss\u00e8dent de solides comp\u00e9tences m\u00e9dicales et connaissent la montagne comme leur poche.<\/p>\n<p><img alt=\"Les porteurs se d\u00e9placent chaque jour d\u2019un camp \u00e0 l\u2019autre.\" loading=\"lazy\" decoding=\"async\" data-nimg=\"fill\" class=\" TwicCore_img__i9TC1 undefined  undefined\" style=\"position:absolute;height:100%;width:100%;left:0;top:0;right:0;bottom:0;color:transparent;background-size:cover;background-position:50% 50%;background-repeat:no-repeat;background-image:url(&quot;data:image\/svg+xml;charset=utf-8,%3Csvg xmlns='http:\/\/www.w3.org\/2000\/svg' %3E%3Cfilter id='b' color-interpolation-filters='sRGB'%3E%3CfeGaussianBlur stdDeviation='20'\/%3E%3CfeColorMatrix values='1 0 0 0 0 0 1 0 0 0 0 0 1 0 0 0 0 0 100 -1' result='s'\/%3E%3CfeFlood x='0' y='0' width='100%25' height='100%25'\/%3E%3CfeComposite operator='out' in='s'\/%3E%3CfeComposite in2='SourceGraphic'\/%3E%3CfeGaussianBlur stdDeviation='20'\/%3E%3C\/filter%3E%3Cimage width='100%25' height='100%25' x='0' y='0' preserveAspectRatio='none' style='filter: url(%23b);' href='https:\/\/pictures.laprovence.com\/cdn-cgi\/image\/blur=250\/media\/melody\/2025\/08\/17\/les-porteurs-se-deplacent-chaque-jour-d-un-camp-a-l-autre-1755420275_56296f484f9866a296f484f984e296v_.jpg'\/%3E%3C\/svg%3E&quot;)\"   src=\"https:\/\/www.europesays.com\/fr\/wp-content\/uploads\/2025\/08\/les-porteurs-se-deplacent-chaque-jour-d-un-camp-a-l-autre-1755420275_56296f484f9866a296f484f984e296v.jpeg\"\/>Les porteurs se d\u00e9placent chaque jour d\u2019un camp \u00e0 l\u2019autre. \/ Photo E. S.<\/p>\n<p><a href=\"https:\/\/spiritofkilimanjaro.com\/\" target=\"_blank\" rel=\"noopener\">Spirit of Kilimandjaro<\/a> par exemple a \u00e9t\u00e9 fond\u00e9 il y a une dizaine d\u2019ann\u00e9es par William, un jeune guide originaire de la r\u00e9gion. Il travaille avec ses \u00e9quipes de chauffeurs, de porteurs et son cuisinier. La petite taille de la structure permet de faire connaissance plus facilement avec les habitants du pays. La rando se transforme vite en moment de partage. Plus qu\u2019un exploit physique, elle devient une aventure humaine.<\/p>\n<p>Pour trouver le bon contact, inutile donc de payer un interm\u00e9diaire, il suffit de regarder les commentaires sur les plateformes comme Tripadvisor, Google ou encore l\u2019ind\u00e9modable Guide du Routard. N\u2019h\u00e9sitez pas ensuite \u00e0 communiquer par WhatsApp pour vous faire une id\u00e9e plus pr\u00e9cise et \u00e0 \u00e9changer sur les forums.<\/p>\n<p><img alt=\"La route Machame permet d\u2019acc\u00e9der au toit de l\u2019Afrique en six jours.\" loading=\"lazy\" decoding=\"async\" data-nimg=\"fill\" class=\" TwicCore_img__i9TC1 undefined  undefined\" style=\"position:absolute;height:100%;width:100%;left:0;top:0;right:0;bottom:0;color:transparent;background-size:cover;background-position:50% 50%;background-repeat:no-repeat;background-image:url(&quot;data:image\/svg+xml;charset=utf-8,%3Csvg xmlns='http:\/\/www.w3.org\/2000\/svg' %3E%3Cfilter id='b' color-interpolation-filters='sRGB'%3E%3CfeGaussianBlur stdDeviation='20'\/%3E%3CfeColorMatrix values='1 0 0 0 0 0 1 0 0 0 0 0 1 0 0 0 0 0 100 -1' result='s'\/%3E%3CfeFlood x='0' y='0' width='100%25' height='100%25'\/%3E%3CfeComposite operator='out' in='s'\/%3E%3CfeComposite in2='SourceGraphic'\/%3E%3CfeGaussianBlur stdDeviation='20'\/%3E%3C\/filter%3E%3Cimage width='100%25' height='100%25' x='0' y='0' preserveAspectRatio='none' style='filter: url(%23b);' href='https:\/\/pictures.laprovence.com\/cdn-cgi\/image\/blur=250\/media\/melody\/2025\/08\/17\/la-route-machame-permet-d-acceder-au-toit-de-l-afrique-en-six-jours-1755420275_63deea984f986b7deea984f98abdeev_.jpg'\/%3E%3C\/svg%3E&quot;)\"   src=\"https:\/\/www.europesays.com\/fr\/wp-content\/uploads\/2025\/08\/la-route-machame-permet-d-acceder-au-toit-de-l-afrique-en-six-jours-1755420275_63deea984f986b7deea98.jpeg\"\/>La route Machame permet d\u2019acc\u00e9der au toit de l\u2019Afrique en six jours. \/ Photo E. S.Pas besoin de trop forcer<\/p>\n<p>Quand votre choix est fait, il ne reste plus qu\u2019\u00e0 choisir l\u2019une des cinq voies qui conduisent au sommet, sachant que les plus longues permettent une meilleure acclimatation et pr\u00e9sentent les meilleurs taux de r\u00e9ussite. Vos interlocuteurs montagnards vous guideront ensuite dans l\u2019achat du mat\u00e9riel et dans la pr\u00e9paration physique. Pas besoin de trop forcer, les randonn\u00e9es sont moins difficiles que certains tron\u00e7ons des GR fran\u00e7ais. Ce qui sera d\u00e9terminant, ce sera votre capacit\u00e9 \u00e0 g\u00e9rer la mont\u00e9e en altitude.\u00a0Un petit essai \u00e0 3\u00a0000 dans les Alpes du Sud peut vous donner quelques indications mais le reste de l\u2019histoire s\u2019\u00e9crira en face-\u00e0-face avec le Kili. L\u00e0-bas, certains disent que l\u2019\u00e2me du g\u00e9ant africain rejette ceux qui ne l\u2019abordent pas avec patience et humilit\u00e9. Il n\u2019y a pas de meilleur conseil \u00e0 donner.<\/p>\n<p>Spirit of <a href=\"https:\/\/www.laprovence.com\/cdn-cgi\/l\/email-protection\" class=\"__cf_email__\" data-cfemail=\"69220005000408070d03081b06425b5c5c5e5f5b5f5f5c5f585000070f06291a19001b001d060f0200050004080703081b06470a0604\" target=\"_blank\" rel=\"noopener\">[email\u00a0protected]<\/a><\/p>\n","protected":false},"excerpt":{"rendered":"L\u2019histoire commence par une conversation, \u00e0 la terrasse d\u2019un caf\u00e9, et se termine \u00e0 5\u00a0895\u00a0m d\u2019altitude. Une envie&hellip;\n","protected":false},"author":2,"featured_media":324951,"comment_status":"","ping_status":"","sticky":false,"template":"","format":"standard","meta":{"footnotes":""},"categories":[2814],"tags":[17,1111,11,1777,674,1011,27,46201,21062,884,12,14833,1095,882,25,46202,60,31663],"class_list":{"0":"post-324950","1":"post","2":"type-post","3":"status-publish","4":"format-standard","5":"has-post-thumbnail","7":"category-marseille","8":"tag-17","9":"tag-actu","10":"tag-actualites","11":"tag-eu","12":"tag-europe","13":"tag-fr","14":"tag-france","15":"tag-kilimandjaro","16":"tag-lafrique","17":"tag-marseille","18":"tag-news","19":"tag-portee","20":"tag-projet","21":"tag-provence-alpes-cote-dazur","22":"tag-republique-francaise","23":"tag-sac","24":"tag-sports","25":"tag-toit"},"share_on_mastodon":{"url":"https:\/\/pubeurope.com\/@fr\/115044428630100828","error":""},"_links":{"self":[{"href":"https:\/\/www.europesays.com\/fr\/wp-json\/wp\/v2\/posts\/324950","targetHints":{"allow":["GET"]}}],"collection":[{"href":"https:\/\/www.europesays.com\/fr\/wp-json\/wp\/v2\/posts"}],"about":[{"href":"https:\/\/www.europesays.com\/fr\/wp-json\/wp\/v2\/types\/post"}],"author":[{"embeddable":true,"href":"https:\/\/www.europesays.com\/fr\/wp-json\/wp\/v2\/users\/2"}],"replies":[{"embeddable":true,"href":"https:\/\/www.europesays.com\/fr\/wp-json\/wp\/v2\/comments?post=324950"}],"version-history":[{"count":0,"href":"https:\/\/www.europesays.com\/fr\/wp-json\/wp\/v2\/posts\/324950\/revisions"}],"wp:featuredmedia":[{"embeddable":true,"href":"https:\/\/www.europesays.com\/fr\/wp-json\/wp\/v2\/media\/324951"}],"wp:attachment":[{"href":"https:\/\/www.europesays.com\/fr\/wp-json\/wp\/v2\/media?parent=324950"}],"wp:term":[{"taxonomy":"category","embeddable":true,"href":"https:\/\/www.europesays.com\/fr\/wp-json\/wp\/v2\/categories?post=324950"},{"taxonomy":"post_tag","embeddable":true,"href":"https:\/\/www.europesays.com\/fr\/wp-json\/wp\/v2\/tags?post=324950"}],"curies":[{"name":"wp","href":"https:\/\/api.w.org\/{rel}","templated":true}]}}