{"id":324954,"date":"2025-08-17T13:51:19","date_gmt":"2025-08-17T13:51:19","guid":{"rendered":"https:\/\/www.europesays.com\/fr\/324954\/"},"modified":"2025-08-17T13:51:19","modified_gmt":"2025-08-17T13:51:19","slug":"bouchons-a-lhopital-saint-joseph-saint-luc","status":"publish","type":"post","link":"https:\/\/www.europesays.com\/fr\/324954\/","title":{"rendered":"bouchons \u00e0 l\u2019h\u00f4pital Saint-Joseph Saint-Luc&#8230;"},"content":{"rendered":"<p>                            <img loading=\"lazy\" width=\"709\" height=\"466\" class=\"attachment-article size-article wp-post-image lazyload\" alt=\"\" decoding=\"async\" src=\"https:\/\/www.europesays.com\/fr\/wp-content\/uploads\/2025\/08\/Hi\u0300pitalSaint-Luc-2-1.jpg\" data-eio-rwidth=\"709\" data-eio-rheight=\"466\"\/><\/p>\n<p>L\u2019h\u00f4pital Saint-Joseph Saint-Luc dans le 7e arrondissement de Lyon.<\/p>\n<p class=\"content\" style=\"font-size:1.2em;font-weight:700\">En manque de m\u00e9decins, l\u2019h\u00f4pital Saint-Joseph Saint-Luc poursuit cet \u00e9t\u00e9 la r\u00e9gulation de son service d\u2019urgences, accessible uniquement via un appel pr\u00e9alable au 15.<\/p>\n<p>Depuis le 28 mai, les patients souhaitant se rendre aux urgences du site lyonnais <a href=\"https:\/\/www.lyoncapitale.fr\/actualite\/lyon-laccueil-des-urgences-de-lhopital-saint-joseph-saint-luc-modifie-du-8-au-25-aout\" target=\"_blank\" rel=\"noreferrer noopener nofollow\">doivent composer le 15 le week-end<\/a>. Une mesure qui a \u00e9t\u00e9 \u00e9largie il y a dix jours aux jours de semaine, et restera en vigueur jusqu\u2019au lundi 25 ao\u00fbt, avant de repasser au seul week-end jusqu\u2019au 1er septembre.<\/p>\n<p>En cause : un d\u00e9ficit de postes m\u00e9dicaux. L\u2019\u00e9tablissement estime qu\u2019il faudrait 17 \u00e9quivalents temps plein pour assurer un fonctionnement optimal, mais 5 postes manquaient d\u00e9j\u00e0 avant l\u2019\u00e9t\u00e9.<\/p>\n<p>Si la direction affirme agir en concertation avec les autorit\u00e9s de sant\u00e9, le syndicat CGT d\u00e9nonce une surcharge des centres d\u2019appel et un report des patients vers les h\u00f4pitaux publics de Lyon, comme \u00c9douard-Herriot ou Lyon Sud, o\u00f9 la fr\u00e9quentation explose d\u00e9j\u00e0 chaque week-end.<\/p>\n","protected":false},"excerpt":{"rendered":"L\u2019h\u00f4pital Saint-Joseph Saint-Luc dans le 7e arrondissement de Lyon. En manque de m\u00e9decins, l\u2019h\u00f4pital Saint-Joseph Saint-Luc poursuit cet&hellip;\n","protected":false},"author":2,"featured_media":301889,"comment_status":"","ping_status":"","sticky":false,"template":"","format":"standard","meta":{"footnotes":""},"categories":[1889],"tags":[1111,11,2430,1777,674,1011,27,100,2428,12,25,2429,71],"class_list":{"0":"post-324954","1":"post","2":"type-post","3":"status-publish","4":"format-standard","5":"has-post-thumbnail","7":"category-lyon","8":"tag-actu","9":"tag-actualites","10":"tag-auvergne-rhone-alpes","11":"tag-eu","12":"tag-europe","13":"tag-fr","14":"tag-france","15":"tag-hopital","16":"tag-lyon","17":"tag-news","18":"tag-republique-francaise","19":"tag-rhone","20":"tag-sante"},"share_on_mastodon":{"url":"https:\/\/pubeurope.com\/@fr\/115044436176364415","error":""},"_links":{"self":[{"href":"https:\/\/www.europesays.com\/fr\/wp-json\/wp\/v2\/posts\/324954","targetHints":{"allow":["GET"]}}],"collection":[{"href":"https:\/\/www.europesays.com\/fr\/wp-json\/wp\/v2\/posts"}],"about":[{"href":"https:\/\/www.europesays.com\/fr\/wp-json\/wp\/v2\/types\/post"}],"author":[{"embeddable":true,"href":"https:\/\/www.europesays.com\/fr\/wp-json\/wp\/v2\/users\/2"}],"replies":[{"embeddable":true,"href":"https:\/\/www.europesays.com\/fr\/wp-json\/wp\/v2\/comments?post=324954"}],"version-history":[{"count":0,"href":"https:\/\/www.europesays.com\/fr\/wp-json\/wp\/v2\/posts\/324954\/revisions"}],"wp:featuredmedia":[{"embeddable":true,"href":"https:\/\/www.europesays.com\/fr\/wp-json\/wp\/v2\/media\/301889"}],"wp:attachment":[{"href":"https:\/\/www.europesays.com\/fr\/wp-json\/wp\/v2\/media?parent=324954"}],"wp:term":[{"taxonomy":"category","embeddable":true,"href":"https:\/\/www.europesays.com\/fr\/wp-json\/wp\/v2\/categories?post=324954"},{"taxonomy":"post_tag","embeddable":true,"href":"https:\/\/www.europesays.com\/fr\/wp-json\/wp\/v2\/tags?post=324954"}],"curies":[{"name":"wp","href":"https:\/\/api.w.org\/{rel}","templated":true}]}}