{"id":324956,"date":"2025-08-17T13:54:14","date_gmt":"2025-08-17T13:54:14","guid":{"rendered":"https:\/\/www.europesays.com\/fr\/324956\/"},"modified":"2025-08-17T13:54:14","modified_gmt":"2025-08-17T13:54:14","slug":"suspecte-detre-a-lorigine-de-six-departs-de-feu-un-individu-au-profil-psychologique-complexe-a-ete-place-en-garde-a-vue","status":"publish","type":"post","link":"https:\/\/www.europesays.com\/fr\/324956\/","title":{"rendered":"Suspect\u00e9 d&rsquo;\u00eatre \u00e0 l&rsquo;origine de six d\u00e9parts de feu, un individu au profil psychologique complexe a \u00e9t\u00e9 plac\u00e9 en garde \u00e0 vue"},"content":{"rendered":"<p class=\"article__intro\">Ce dimanche 17 ao\u00fbt, la police d&rsquo;Agen interroge un individu qu&rsquo;elle suspecte d&rsquo;\u00eatre \u00e0 l&rsquo;origine des six d\u00e9parts de feu ayant mis en alerte la commune de Bon-Encontre, dans le Lot-et-Garonne, sur les cinq derniers jours. Sous curatelle renforc\u00e9e, l&rsquo;homme a \u00e9t\u00e9 interpell\u00e9 \u00e0 proximit\u00e9 du dernier d\u00e9part.<\/p>\n<p>\n      L\u2019actu des r\u00e9gions\n    <\/p>\n<p>\n      Chaque jour, un tour d\u2019horizon des principales infos de toutes les r\u00e9gions.\n    <\/p>\n<p>    France T\u00e9l\u00e9visions utilise votre adresse e-mail afin de vous envoyer la newsletter \u00ab\u00a0L\u2019actu des r\u00e9gions\u00a0\u00bb. Vous pouvez vous d\u00e9sinscrire \u00e0 tout moment via le lien en bas de cette newsletter. <a target=\"_blank\" href=\"https:\/\/www.francetelevisions.fr\/groupe\/confidentialite\/politique-de-confidentialite\/politique-de-confidentialite-de-france-televisions-6503\" rel=\"nofollow noopener\">Notre politique de confidentialit\u00e9<\/a><\/p>\n<p>Ce dimanche 17 ao\u00fbt, un individu a \u00e9t\u00e9 plac\u00e9 en garde \u00e0 vue par la police agenaise. La commune de Bon-Encontre, dans le Lot-et-Garonne, a \u00e9t\u00e9 le th\u00e9\u00e2tre, ces cinq derniers jours, de six d\u00e9parts de feu. La concentration des foyers dans cet environnement urbain laisse \u00e0 penser qu&rsquo;ils seraient le fruit d&rsquo;un seul et m\u00eame homme.<\/p>\n<\/p>\n<p>C&rsquo;est ce que vont tenter de d\u00e9terminer les policiers. L&rsquo;homme qu&rsquo;ils interrogent a \u00e9t\u00e9 interpell\u00e9 \u00ab\u00a0\u00e0 proximit\u00e9 du dernier incendie\u00a0\u00bb, adoptant un \u00ab\u00a0comportement fuyant\u00a0\u00bb, selon les informations communiqu\u00e9es par le parquet d&rsquo;Agen. Ce dernier a m\u00eame \u00ab\u00a0reconnu\u00a0\u00bb son implication dans celui-ci.<\/p>\n<p>Cependant le parquet reste vigilant. L&rsquo;homme dispose d&rsquo;une condition particuli\u00e8re puisqu&rsquo;il est sous une mesure de protection juridique, \u00e0 savoir : la curatelle renforc\u00e9e. En raison de la nature des faits qui lui sont reproch\u00e9s et de son statut, une expertise psychiatrique doit \u00eatre men\u00e9e. Elle pourrait, ou non, conduire \u00e0 un internement.<\/p>\n","protected":false},"excerpt":{"rendered":"Ce dimanche 17 ao\u00fbt, la police d&rsquo;Agen interroge un individu qu&rsquo;elle suspecte d&rsquo;\u00eatre \u00e0 l&rsquo;origine des six d\u00e9parts&hellip;\n","protected":false},"author":2,"featured_media":324957,"comment_status":"","ping_status":"","sticky":false,"template":"","format":"standard","meta":{"footnotes":""},"categories":[1888],"tags":[1111,1928,11,1927,1777,674,1011,27,12,1926,626,1925,25],"class_list":{"0":"post-324956","1":"post","2":"type-post","3":"status-publish","4":"format-standard","5":"has-post-thumbnail","7":"category-paris","8":"tag-actu","9":"tag-actu-paris","10":"tag-actualites","11":"tag-actualites-paris","12":"tag-eu","13":"tag-europe","14":"tag-fr","15":"tag-france","16":"tag-news","17":"tag-news-paris","18":"tag-paris","19":"tag-paris-news","20":"tag-republique-francaise"},"share_on_mastodon":{"url":"https:\/\/pubeurope.com\/@fr\/115044447923851542","error":""},"_links":{"self":[{"href":"https:\/\/www.europesays.com\/fr\/wp-json\/wp\/v2\/posts\/324956","targetHints":{"allow":["GET"]}}],"collection":[{"href":"https:\/\/www.europesays.com\/fr\/wp-json\/wp\/v2\/posts"}],"about":[{"href":"https:\/\/www.europesays.com\/fr\/wp-json\/wp\/v2\/types\/post"}],"author":[{"embeddable":true,"href":"https:\/\/www.europesays.com\/fr\/wp-json\/wp\/v2\/users\/2"}],"replies":[{"embeddable":true,"href":"https:\/\/www.europesays.com\/fr\/wp-json\/wp\/v2\/comments?post=324956"}],"version-history":[{"count":0,"href":"https:\/\/www.europesays.com\/fr\/wp-json\/wp\/v2\/posts\/324956\/revisions"}],"wp:featuredmedia":[{"embeddable":true,"href":"https:\/\/www.europesays.com\/fr\/wp-json\/wp\/v2\/media\/324957"}],"wp:attachment":[{"href":"https:\/\/www.europesays.com\/fr\/wp-json\/wp\/v2\/media?parent=324956"}],"wp:term":[{"taxonomy":"category","embeddable":true,"href":"https:\/\/www.europesays.com\/fr\/wp-json\/wp\/v2\/categories?post=324956"},{"taxonomy":"post_tag","embeddable":true,"href":"https:\/\/www.europesays.com\/fr\/wp-json\/wp\/v2\/tags?post=324956"}],"curies":[{"name":"wp","href":"https:\/\/api.w.org\/{rel}","templated":true}]}}