{"id":324958,"date":"2025-08-17T13:55:14","date_gmt":"2025-08-17T13:55:14","guid":{"rendered":"https:\/\/www.europesays.com\/fr\/324958\/"},"modified":"2025-08-17T13:55:14","modified_gmt":"2025-08-17T13:55:14","slug":"ben-arous-en-approche","status":"publish","type":"post","link":"https:\/\/www.europesays.com\/fr\/324958\/","title":{"rendered":"Ben Arous en approche ?"},"content":{"rendered":"<p class=\"date\">\n                                                            Aur\u00e9lie Sacchelli, Media365, publi\u00e9 le dimanche 17 ao\u00fbt 2025 \u00e0 12h25\n                                                    <\/p>\n<p>Selon les informations de Midi Olympique, le Stade Fran\u00e7ais pourrait s&rsquo;offrir les services du pilier international Eddy Ben Arous (34 ans), sans club depuis la fin de son contrat avec le Racing 92.<\/p>\n<p>Eddy Ben Arous a pass\u00e9 toute sa carri\u00e8re au sein du Racing 92, o\u00f9 il est arriv\u00e9 chez les juniors en 2008. Mais apr\u00e8s 17 ans chez les Ciel et Blanc, le pilier a vu son contrat ne pas \u00eatre renouvel\u00e9 le 30 juin dernier, et c&rsquo;est au sein du club rival, le Stade Fran\u00e7ais, qu&rsquo;il pourrait rebondir. C&rsquo;est en effet ce que r\u00e9v\u00e8le Midi Olympique ce dimanche. <strong>Ag\u00e9 de 34 ans, le natif de Nice est libre de s&rsquo;engager o\u00f9 il veut, et il avait dans un premier envisag\u00e9 d&rsquo;aller faire une pige du c\u00f4t\u00e9 de New Orleans, aux Etats-Unis<\/strong>, o\u00f9 \u00e9voluaient la saison pass\u00e9e les Fran\u00e7ais K\u00e9lian Galletier et Xavier Mignot, sous les ordres (entre autres) de Nicolas Godignon. Mais la franchise de Louisiane connait de grosses difficult\u00e9s financi\u00e8res et ne disputera pas la saison 2026. Eddy Ben Arous a donc d\u00fb revoir ses plans, et selon le bi-hebdomadaire consacr\u00e9 au rugby, le Stade Fran\u00e7ais l&rsquo;a contact\u00e9 pour \u00eatre le joker m\u00e9dical du pilier g\u00e9orgien Sergo Abramashvili, touch\u00e9 aux cervicales et absent jusqu&rsquo;au mois de novembre. Mais l&rsquo;ancien pilier du Racing 92 pr\u00e9f\u00e8rerait un contrat pour toute la saison 2025-26, et les discussions reprendront durant la semaine \u00e0 venir entre les deux parties.<\/p>\n<p>Plus de 300 matchs avec le Racing 92<\/p>\n<p>Sauv\u00e9 \u00e0 la derni\u00e8re journ\u00e9e la saison pass\u00e9e et victime de tr\u00e8s nombreuses blessures, le Stade Fran\u00e7ais r\u00eave d&rsquo;une saison plus sereine et esp\u00e8re pouvoir compter sur l&rsquo;exp\u00e9rience d&rsquo;Eddy Ben Arous, qui compte plus de 300 matchs toutes comp\u00e9titions confondues avec le Racing 92, et \u00e9galement 20 s\u00e9lections en \u00e9quipe de France entre 2013 et 2018. <strong>La saison pass\u00e9e, il a disput\u00e9 17 matchs sous le maillot ciel et blanc, dont 6 comme titulaire.<\/strong> En plus de son exp\u00e9rience, le pilier peut \u00e9galement peut faire valoir sa polyvalence, lui qui a \u00e9t\u00e9 align\u00e9 comme talonneur \u00e0 seize reprises ces deux derni\u00e8res saisons. Un argument de plus pour convaincre le club parisien de le faire signer un an ?<\/p>\n","protected":false},"excerpt":{"rendered":"Aur\u00e9lie Sacchelli, Media365, publi\u00e9 le dimanche 17 ao\u00fbt 2025 \u00e0 12h25 Selon les informations de Midi Olympique, le&hellip;\n","protected":false},"author":2,"featured_media":324959,"comment_status":"","ping_status":"","sticky":false,"template":"","format":"standard","meta":{"footnotes":""},"categories":[1888],"tags":[1111,1928,11,1927,1777,674,1011,27,12,1926,626,1925,25],"class_list":{"0":"post-324958","1":"post","2":"type-post","3":"status-publish","4":"format-standard","5":"has-post-thumbnail","7":"category-paris","8":"tag-actu","9":"tag-actu-paris","10":"tag-actualites","11":"tag-actualites-paris","12":"tag-eu","13":"tag-europe","14":"tag-fr","15":"tag-france","16":"tag-news","17":"tag-news-paris","18":"tag-paris","19":"tag-paris-news","20":"tag-republique-francaise"},"share_on_mastodon":{"url":"https:\/\/pubeurope.com\/@fr\/115044451847034789","error":""},"_links":{"self":[{"href":"https:\/\/www.europesays.com\/fr\/wp-json\/wp\/v2\/posts\/324958","targetHints":{"allow":["GET"]}}],"collection":[{"href":"https:\/\/www.europesays.com\/fr\/wp-json\/wp\/v2\/posts"}],"about":[{"href":"https:\/\/www.europesays.com\/fr\/wp-json\/wp\/v2\/types\/post"}],"author":[{"embeddable":true,"href":"https:\/\/www.europesays.com\/fr\/wp-json\/wp\/v2\/users\/2"}],"replies":[{"embeddable":true,"href":"https:\/\/www.europesays.com\/fr\/wp-json\/wp\/v2\/comments?post=324958"}],"version-history":[{"count":0,"href":"https:\/\/www.europesays.com\/fr\/wp-json\/wp\/v2\/posts\/324958\/revisions"}],"wp:featuredmedia":[{"embeddable":true,"href":"https:\/\/www.europesays.com\/fr\/wp-json\/wp\/v2\/media\/324959"}],"wp:attachment":[{"href":"https:\/\/www.europesays.com\/fr\/wp-json\/wp\/v2\/media?parent=324958"}],"wp:term":[{"taxonomy":"category","embeddable":true,"href":"https:\/\/www.europesays.com\/fr\/wp-json\/wp\/v2\/categories?post=324958"},{"taxonomy":"post_tag","embeddable":true,"href":"https:\/\/www.europesays.com\/fr\/wp-json\/wp\/v2\/tags?post=324958"}],"curies":[{"name":"wp","href":"https:\/\/api.w.org\/{rel}","templated":true}]}}