{"id":324966,"date":"2025-08-17T13:59:11","date_gmt":"2025-08-17T13:59:11","guid":{"rendered":"https:\/\/www.europesays.com\/fr\/324966\/"},"modified":"2025-08-17T13:59:11","modified_gmt":"2025-08-17T13:59:11","slug":"en-direct-guerre-en-ukraine-pour-zelensky-il-est-impossible-de-donner-des-territoires-a-la-russie","status":"publish","type":"post","link":"https:\/\/www.europesays.com\/fr\/324966\/","title":{"rendered":"EN DIRECT &#8211; Guerre en Ukraine : pour Zelensky \u00ab\u00a0il est impossible de donner des territoires\u00a0\u00bb \u00e0 la Russie"},"content":{"rendered":"<p>                Zelensky peut-il faire mieux que lors de sa derni\u00e8re venue \u00e0 la maison-blanche ?<\/p>\n<p>En f\u00e9vrier dernier, lorsque Volodymyr Zelensky s&rsquo;est rendu dans le Bureau ovale, l&rsquo;\u00e9change avec Donald Trump a tourn\u00e9 court, virant rapidement \u00e0 la mise en sc\u00e8ne politique du pr\u00e9sident am\u00e9ricain et au clash. Le pr\u00e9sident ukrainien \u00e9tait parti pr\u00e9cipitamment. Comment la discussion peut-elle \u00eatre diff\u00e9rente lundi \u00e0 Washington ?\u00a0<\/p>\n<p>D\u00e9j\u00e0, Zelensky ne sera plus seule. Une v\u00e9ritable d\u00e9l\u00e9gation s&rsquo;est mise en place autour de lui, notamment men\u00e9e par Ursula von der Leyen, pr\u00e9sidente de la Commission europ\u00e9enne, Emmanuel Macron, Friedrich Merz, chancelier allemand, ou encore Mark Rutte, chef de l&rsquo;Otan.\u00a0<\/p>\n<p>\u00ab\u00a0Zelensky s&rsquo;est comport\u00e9 avec beaucoup de dignit\u00e9s. C&rsquo;est ce qui a soud\u00e9 toute l&rsquo;Europe et toute la communaut\u00e9 internationale autour de lui\u00a0\u00bb, estime \u00a0Oksana Melnitchouk, politologue ukrainienne, au micro de RTL. Selon elle, \u00ab\u00a0Trump est en position de faiblesse\u00a0\u00bb.<\/p>\n<p>    Partager<\/p>\n","protected":false},"excerpt":{"rendered":"Zelensky peut-il faire mieux que lors de sa derni\u00e8re venue \u00e0 la maison-blanche ? En f\u00e9vrier dernier, lorsque&hellip;\n","protected":false},"author":2,"featured_media":324967,"comment_status":"","ping_status":"","sticky":false,"template":"","format":"standard","meta":{"footnotes":""},"categories":[1590],"tags":[11,672,75,1073,73,1777,674,27,131,14,12,473,132,220,364,135,134],"class_list":{"0":"post-324966","1":"post","2":"type-post","3":"status-publish","4":"format-standard","5":"has-post-thumbnail","7":"category-ukraine","8":"tag-actualites","9":"tag-allemagne","10":"tag-donald-trump","11":"tag-emmanuel-macron","12":"tag-etats-unis","13":"tag-eu","14":"tag-europe","15":"tag-france","16":"tag-guerre-en-ukraine","17":"tag-international","18":"tag-news","19":"tag-royaume-uni","20":"tag-russie","21":"tag-ukraine","22":"tag-union-europeenne","23":"tag-vladimir-poutine","24":"tag-volodymyr-zelensky"},"share_on_mastodon":{"url":"https:\/\/pubeurope.com\/@fr\/115044467619904016","error":""},"_links":{"self":[{"href":"https:\/\/www.europesays.com\/fr\/wp-json\/wp\/v2\/posts\/324966","targetHints":{"allow":["GET"]}}],"collection":[{"href":"https:\/\/www.europesays.com\/fr\/wp-json\/wp\/v2\/posts"}],"about":[{"href":"https:\/\/www.europesays.com\/fr\/wp-json\/wp\/v2\/types\/post"}],"author":[{"embeddable":true,"href":"https:\/\/www.europesays.com\/fr\/wp-json\/wp\/v2\/users\/2"}],"replies":[{"embeddable":true,"href":"https:\/\/www.europesays.com\/fr\/wp-json\/wp\/v2\/comments?post=324966"}],"version-history":[{"count":0,"href":"https:\/\/www.europesays.com\/fr\/wp-json\/wp\/v2\/posts\/324966\/revisions"}],"wp:featuredmedia":[{"embeddable":true,"href":"https:\/\/www.europesays.com\/fr\/wp-json\/wp\/v2\/media\/324967"}],"wp:attachment":[{"href":"https:\/\/www.europesays.com\/fr\/wp-json\/wp\/v2\/media?parent=324966"}],"wp:term":[{"taxonomy":"category","embeddable":true,"href":"https:\/\/www.europesays.com\/fr\/wp-json\/wp\/v2\/categories?post=324966"},{"taxonomy":"post_tag","embeddable":true,"href":"https:\/\/www.europesays.com\/fr\/wp-json\/wp\/v2\/tags?post=324966"}],"curies":[{"name":"wp","href":"https:\/\/api.w.org\/{rel}","templated":true}]}}