{"id":324974,"date":"2025-08-17T14:03:11","date_gmt":"2025-08-17T14:03:11","guid":{"rendered":"https:\/\/www.europesays.com\/fr\/324974\/"},"modified":"2025-08-17T14:03:11","modified_gmt":"2025-08-17T14:03:11","slug":"zelensky-exhorte-leurope-a-sunir-contre-la-guerre-anti-europeenne-de-la-russie-en-ukraine","status":"publish","type":"post","link":"https:\/\/www.europesays.com\/fr\/324974\/","title":{"rendered":"Zelensky exhorte l&rsquo;Europe \u00e0 s&rsquo;unir contre la guerre \u00ab\u00a0anti-europ\u00e9enne\u00a0\u00bb de la Russie en Ukraine"},"content":{"rendered":"<p>          <img decoding=\"async\" class=\"c-ad__placeholder__logo\" src=\"https:\/\/static.euronews.com\/website\/images\/logos\/logo-euronews-stacked-outlined-72x72-grey-9.svg\" width=\"72\" height=\"72\" alt=\"\" loading=\"lazy\"\/><br \/>\n          PUBLICIT\u00c9<\/p>\n<p>La strat\u00e9gie de la Russie reste \u00ab\u00a0anti-europ\u00e9enne\u00a0\u00bb et le continent doit rester uni dans toute nouvelle n\u00e9gociation pour arr\u00eater la guerre totale de la Russie en Ukraine, a d\u00e9clar\u00e9 Volodymyr Zelensky apr\u00e8s sa rencontre avec la pr\u00e9sidente de la Commission europ\u00e9enne, Ursula von der Leyen, dimanche \u00e0 Bruxelles.<\/p>\n<p>La rencontre intervient alors que plusieurs dirigeants europ\u00e9ens ont annonc\u00e9 qu&rsquo;ils se joindraient aux discussions avec le pr\u00e9sident am\u00e9ricain Donald Trump \u00e0 Washington lundi.<\/p>\n<p>\u00ab\u00a0Il est crucial que l&rsquo;Europe soit aussi unie aujourd&rsquo;hui qu&rsquo;elle l&rsquo;\u00e9tait au tout d\u00e9but, qu&rsquo;elle l&rsquo;\u00e9tait en 2022 lorsque la guerre \u00e0 grande \u00e9chelle a commenc\u00e9\u00a0\u00bb, a d\u00e9clar\u00e9 le pr\u00e9sident ukrainien lors d&rsquo;une conf\u00e9rence de presse conjointe avec Urusula von der Leyen.<\/p>\n<p>\u00ab\u00a0Tout d&rsquo;abord, nous devons mettre fin aux massacres. Poutine a de nombreuses exigences, mais nous ne les connaissons pas toutes. Et si elles sont aussi nombreuses que nous l&rsquo;avons entendu, il faudra du temps pour toutes les examiner\u00a0\u00bb, a-t-il ajout\u00e9.<\/p>\n<p>\u00ab\u00a0Poutine ne veut pas arr\u00eater les massacres, mais il doit le faire\u00a0\u00bb, a soulign\u00e9 Volodymyr Zelensky. \u00ab\u00a0Deuxi\u00e8mement, nous avons besoin de v\u00e9ritables n\u00e9gociations\u00a0\u00bb, a-t-il ajout\u00e9.<\/p>\n<p>Les alli\u00e9s europ\u00e9ens de l&rsquo;Ukraine estiment que des garanties de s\u00e9curit\u00e9 solides doivent \u00eatre donn\u00e9es pour prot\u00e9ger \u00e0 la fois l&rsquo;Ukraine et l&rsquo;Europe, a d\u00e9clar\u00e9 Ursula von der Leyen.<\/p>\n<p>L&rsquo;Ukraine doit \u00eatre en mesure de d\u00e9fendre sa souverainet\u00e9 et son int\u00e9grit\u00e9 territoriale, et les forces arm\u00e9es ukrainiennes ne doivent souffrir d&rsquo;aucune limitation.<\/p>\n<p>\u00ab\u00a0L&rsquo;Ukraine doit devenir un porc-\u00e9pic d&rsquo;acier, indigeste pour les envahisseurs potentiels\u00a0\u00bb, a soulign\u00e9 la pr\u00e9sidente de la Commission europ\u00e9enne.<\/p>\n<p>Sur les questions relatives \u00e0 d&rsquo;\u00e9ventuelles concessions territoriales, Ursula von der Leyen s&rsquo;est montr\u00e9 cat\u00e9gorique : toute d\u00e9cision doit rester entre les mains de l&rsquo;Ukraine et des Ukrainiens.<\/p>\n<p>\u00ab\u00a0Notre position est claire : les fronti\u00e8res internationales ne peuvent \u00eatre modifi\u00e9es par la force ; ces d\u00e9cisions doivent \u00eatre prises par l&rsquo;Ukraine et pas sans l&rsquo;Ukraine \u00e0 la table des n\u00e9gociations\u00a0\u00bb, a d\u00e9clar\u00e9 le pr\u00e9sident de la Commission.<\/p>\n<p>L&rsquo;Europe continuera \u00e0 faire pression sur l&rsquo;\u00e9conomie de guerre de la Russie, avec \u00ab\u00a0un nouveau paquet \u00e0 venir en septembre\u00a0\u00bb, a-t-elle ajout\u00e9.<\/p>\n<p>Volodymyr Zelensky est arriv\u00e9 \u00e0 Bruxelles dimanche pour une r\u00e9union avec Ursula von der Leyen avant son voyage \u00e0 Washington lundi.<\/p>\n<p>Les deux dirigeants participent \u00e9galement \u00e0 la r\u00e9union virtuelle de la Coalition des volontaires, avec le chancelier allemand Friedrich Merz, le pr\u00e9sident fran\u00e7ais Emmanuel Macron et le Premier ministre britannique Keir Starmer.<\/p>\n","protected":false},"excerpt":{"rendered":"PUBLICIT\u00c9 La strat\u00e9gie de la Russie reste \u00ab\u00a0anti-europ\u00e9enne\u00a0\u00bb et le continent doit rester uni dans toute nouvelle n\u00e9gociation&hellip;\n","protected":false},"author":2,"featured_media":324975,"comment_status":"","ping_status":"","sticky":false,"template":"","format":"standard","meta":{"footnotes":""},"categories":[1586],"tags":[11,75,1777,674,1011,27,1922,2025,12,25,364],"class_list":{"0":"post-324974","1":"post","2":"type-post","3":"status-publish","4":"format-standard","5":"has-post-thumbnail","7":"category-europe","8":"tag-actualites","9":"tag-donald-trump","10":"tag-eu","11":"tag-europe","12":"tag-fr","13":"tag-france","14":"tag-info","15":"tag-invasion-de-la-russie-en-ukraine","16":"tag-news","17":"tag-republique-francaise","18":"tag-union-europeenne"},"share_on_mastodon":{"url":"https:\/\/pubeurope.com\/@fr\/115044483861662061","error":""},"_links":{"self":[{"href":"https:\/\/www.europesays.com\/fr\/wp-json\/wp\/v2\/posts\/324974","targetHints":{"allow":["GET"]}}],"collection":[{"href":"https:\/\/www.europesays.com\/fr\/wp-json\/wp\/v2\/posts"}],"about":[{"href":"https:\/\/www.europesays.com\/fr\/wp-json\/wp\/v2\/types\/post"}],"author":[{"embeddable":true,"href":"https:\/\/www.europesays.com\/fr\/wp-json\/wp\/v2\/users\/2"}],"replies":[{"embeddable":true,"href":"https:\/\/www.europesays.com\/fr\/wp-json\/wp\/v2\/comments?post=324974"}],"version-history":[{"count":0,"href":"https:\/\/www.europesays.com\/fr\/wp-json\/wp\/v2\/posts\/324974\/revisions"}],"wp:featuredmedia":[{"embeddable":true,"href":"https:\/\/www.europesays.com\/fr\/wp-json\/wp\/v2\/media\/324975"}],"wp:attachment":[{"href":"https:\/\/www.europesays.com\/fr\/wp-json\/wp\/v2\/media?parent=324974"}],"wp:term":[{"taxonomy":"category","embeddable":true,"href":"https:\/\/www.europesays.com\/fr\/wp-json\/wp\/v2\/categories?post=324974"},{"taxonomy":"post_tag","embeddable":true,"href":"https:\/\/www.europesays.com\/fr\/wp-json\/wp\/v2\/tags?post=324974"}],"curies":[{"name":"wp","href":"https:\/\/api.w.org\/{rel}","templated":true}]}}