{"id":324983,"date":"2025-08-17T14:08:21","date_gmt":"2025-08-17T14:08:21","guid":{"rendered":"https:\/\/www.europesays.com\/fr\/324983\/"},"modified":"2025-08-17T14:08:21","modified_gmt":"2025-08-17T14:08:21","slug":"bryson-dechambeau-persona-non-grata-pour-le-tournoi-de-preparation-a-la-ryder-cup","status":"publish","type":"post","link":"https:\/\/www.europesays.com\/fr\/324983\/","title":{"rendered":"Bryson DeChambeau persona non grata pour le tournoi de pr\u00e9paration \u00e0 la Ryder Cup !"},"content":{"rendered":"<p>\t\t\t\t\t\t<img width=\"770\" height=\"559\" src=\"https:\/\/www.europesays.com\/fr\/wp-content\/uploads\/2025\/04\/afp__20250405__2207906588__v3__highres__livgolfmiamidayone-770x559.jpg\" class=\"img-responsive wp-post-image\" alt=\"\" decoding=\"async\" fetchpriority=\"high\"  \/>\t\t\t\t\t<\/p>\n<p>\t\t\t\t\t\t Partager cet article <\/p>\n<p class=\"screen-reader-text juiz_sps_maybe_hidden_text\">Partager la publication \u00ab\u00a0Bryson DeChambeau persona non grata pour le tournoi de pr\u00e9paration \u00e0 la Ryder Cup !\u00a0\u00bb<\/p>\n<p><strong>D\u00e9j\u00e0 assur\u00e9 de sa participation \u00e0 la Ryder Cup le mois prochain, la star du LIV Golf ne pourra pas prendre part, comme souhait\u00e9 par le capitaine Keegan Bradley, au premier rendez-vous de l\u2019\u00e9quipe am\u00e9ricaine.<\/strong><\/p>\n<p>\t\t\t\t\t<a id=\"174987\" href=\"https:\/\/www.sudfrancegolf.com\/fr\/\" target=\"_blank\" rel=\"sponsorised nofollow noopener\"><img decoding=\"async\" src=\"data:image\/svg+xml,%3Csvg%20xmlns=\" http:=\"\" class=\"img-responsive\" alt=\"\" data-lazy-src=\"https:\/\/www.europesays.com\/fr\/wp-content\/uploads\/2025\/06\/giesudfrancegolf-e02-egolf-pass-2025-v2-1170x275-1.gif\"\/><\/a><\/p>\n<p>Apr\u00e8s avoir \u00e9t\u00e9 \u00e9cart\u00e9 par <strong>Zach Johnson<\/strong> lors de l\u2019\u00e9dition 2023 \u00e0 Rome, <strong>Bryson DeChambeau<\/strong> fera son retour en <strong>Ryder<\/strong> <strong>Cup<\/strong>. En effet, le capitaine <a href=\"https:\/\/www.golfplanete.com\/actualites\/keegan-bradley-fait-de-bryson-dechambeau-lune-de-ses-pieces-maitresses-a-bethpage\/\" rel=\"nofollow noopener\" target=\"_blank\">Keegan Bradley a d\u00e9j\u00e0 indiqu\u00e9 qu\u2019il en ferait l\u2019un des piliers de son \u00e9quipe dans six semaines \u00e0 Bethpage.<\/a><\/p>\n<p>Cependant, le joueur du <strong>LIV<\/strong> <strong>Golf<\/strong> ne sera pas du rendez-vous d\u2019\u00e9quipe pr\u00e9vu au d\u00e9but du mois de septembre, ce qui ne va pas faciliter son int\u00e9gration avec les autres membres du Team USA, certainement tous issus du<strong> PGA Tour<\/strong>.<\/p>\n<p>Selon le plan \u00e9labor\u00e9 par Bradley et ses vice-capitaines, les membres de l\u2019\u00e9quipe am\u00e9ricaine sont invit\u00e9s <a href=\"https:\/\/www.golfplanete.com\/actualites\/keegan-bradley-ne-veut-pas-reproduire-les-memes-erreurs-qua-rome\/\" target=\"_blank\" rel=\"noopener nofollow\">\u00e0 s\u2019aligner dans le Procore Championship<\/a>, le premier tournoi des <strong>FedEx Cup Fall<\/strong> du circuit am\u00e9ricain m\u00eame si cela ne rev\u00eat pas un caract\u00e8re obligatoire.<\/p>\n<p>DeChambeau, en revanche, ne pourra se rendre au Silverado Resort\u2019s golf course dans la Napa Valley. En effet, le double vainqueur de l\u2019<strong>U.S. Open<\/strong> est toujours sous le coup de suspensions du PGA Tour pour s\u2019\u00eatre engag\u00e9 avec le LIV il y a 3 ans et <a href=\"https:\/\/www.golfplanete.com\/actualites\/dechambeau-na-aucune-envie-de-revenir-sur-le-pga-tour\/\" rel=\"nofollow noopener\" target=\"_blank\">n\u2019a pas l\u2019intention d\u2019y revenir.<\/a><\/p>\n<p>\t\t\t\t\t<a id=\"181452\" href=\"https:\/\/www.fourseasonsmegevecollectionproam.com\/\" target=\"_blank\" rel=\"sponsorised nofollow noopener\"><img decoding=\"async\" src=\"data:image\/svg+xml,%3Csvg%20xmlns=\" http:=\"\" class=\"img-responsive\" alt=\"\" data-lazy-src=\"https:\/\/www.europesays.com\/fr\/wp-content\/uploads\/2025\/08\/swing-e05-proam-megeve25-1170x275-1.gif\"\/><\/a><br \/>\nBradley embarrass\u00e9, Donald serein<\/p>\n<p>Interrog\u00e9 sur ce point au <strong>BMW Championship<\/strong> cette semaine, Bradley a bot\u00e9 en touche. \u00ab\u00a0Eh bien, il est suspendu et c\u2019est hors de mon p\u00e9rim\u00e8tre. Je pensais que pour la Ryder Cup, on d\u00e9passait ce genre de clivage. Et franchement, la derni\u00e8re chose \u00e0 laquelle je pense, c\u2019est le PGA Tour-LIV. \u00bb<\/p>\n<p>Signalons que les Europ\u00e9ens de la derni\u00e8re campagne victorieuse \u00e0 Rome avaient tous particip\u00e9 au<strong> BMW PGA Championship<\/strong> deux semaines auparavant.<\/p>\n<p>Le capitaine <strong>Luke Donald<\/strong>, qui va d\u00e9voiler sa s\u00e9lection d\u00e9finitive la premi\u00e8re semaine de septembre, a de nouveau pr\u00e9vu de r\u00e9unir son \u00e9quipe au complet \u00e0 <strong>Wentworth<\/strong> cette ann\u00e9e.<\/p>\n<p>Le <strong>Procore Championship<\/strong> et le BMW PGA Championship se d\u00e9roulent la m\u00eame semaine sur le PGA Tour et le <strong>DP World Tour<\/strong>.<\/p>\n<p>\t\t\t\t\t<a id=\"181442\" href=\"https:\/\/www.formigolf.fr\/voyage-pays~fairplay_golf__spa_resort_5etoiles_cadiz~199~espagne\" target=\"_blank\" rel=\"sponsorised nofollow noopener\"><img decoding=\"async\" src=\"data:image\/svg+xml,%3Csvg%20xmlns=\" http:=\"\" class=\"img-responsive\" alt=\"\" data-lazy-src=\"https:\/\/www.europesays.com\/fr\/wp-content\/uploads\/2025\/08\/formigolf-e08-andalousie-cadiz-1170x275-1.gif\"\/><\/a><\/p>\n<p>Photo : Lauren Sopourn \/ GETTY IMAGES NORTH AMERICA \/ Getty Images via AFP<\/p>\n","protected":false},"excerpt":{"rendered":"Partager cet article Partager la publication \u00ab\u00a0Bryson DeChambeau persona non grata pour le tournoi de pr\u00e9paration \u00e0 la&hellip;\n","protected":false},"author":2,"featured_media":7636,"comment_status":"","ping_status":"","sticky":false,"template":"","format":"standard","meta":{"footnotes":""},"categories":[1418],"tags":[1011,27,1472,60],"class_list":{"0":"post-324983","1":"post","2":"type-post","3":"status-publish","4":"format-standard","5":"has-post-thumbnail","7":"category-golf","8":"tag-fr","9":"tag-france","10":"tag-golf","11":"tag-sports"},"share_on_mastodon":{"url":"https:\/\/pubeurope.com\/@fr\/115044502979345758","error":""},"_links":{"self":[{"href":"https:\/\/www.europesays.com\/fr\/wp-json\/wp\/v2\/posts\/324983","targetHints":{"allow":["GET"]}}],"collection":[{"href":"https:\/\/www.europesays.com\/fr\/wp-json\/wp\/v2\/posts"}],"about":[{"href":"https:\/\/www.europesays.com\/fr\/wp-json\/wp\/v2\/types\/post"}],"author":[{"embeddable":true,"href":"https:\/\/www.europesays.com\/fr\/wp-json\/wp\/v2\/users\/2"}],"replies":[{"embeddable":true,"href":"https:\/\/www.europesays.com\/fr\/wp-json\/wp\/v2\/comments?post=324983"}],"version-history":[{"count":0,"href":"https:\/\/www.europesays.com\/fr\/wp-json\/wp\/v2\/posts\/324983\/revisions"}],"wp:featuredmedia":[{"embeddable":true,"href":"https:\/\/www.europesays.com\/fr\/wp-json\/wp\/v2\/media\/7636"}],"wp:attachment":[{"href":"https:\/\/www.europesays.com\/fr\/wp-json\/wp\/v2\/media?parent=324983"}],"wp:term":[{"taxonomy":"category","embeddable":true,"href":"https:\/\/www.europesays.com\/fr\/wp-json\/wp\/v2\/categories?post=324983"},{"taxonomy":"post_tag","embeddable":true,"href":"https:\/\/www.europesays.com\/fr\/wp-json\/wp\/v2\/tags?post=324983"}],"curies":[{"name":"wp","href":"https:\/\/api.w.org\/{rel}","templated":true}]}}