{"id":324984,"date":"2025-08-17T14:09:09","date_gmt":"2025-08-17T14:09:09","guid":{"rendered":"https:\/\/www.europesays.com\/fr\/324984\/"},"modified":"2025-08-17T14:09:09","modified_gmt":"2025-08-17T14:09:09","slug":"enola-et-eline-et-font-partie-des-meilleures-jeunes-volleyeuses-de-france","status":"publish","type":"post","link":"https:\/\/www.europesays.com\/fr\/324984\/","title":{"rendered":"Enola et \u00c9line et font partie des meilleures jeunes volleyeuses de France"},"content":{"rendered":"<p>            Par<br \/>\n        <strong><br \/>\n            <a href=\"https:\/\/actu.fr\/auteur\/redaction-jv\" title=\"Consulter tous les articles de R\u00e9daction Vitr\u00e9\" rel=\"nofollow noopener\" target=\"_blank\">R\u00e9daction Vitr\u00e9<\/a><br \/>\n        <\/strong><\/p>\n<p>        Publi\u00e9 le<\/p>\n<p>            17 ao\u00fbt 2025 \u00e0 12h16        <\/p>\n<p data-end=\"344\">Sur la saison 2024-2025, <b>les jeunes f\u00e9minines -11 du Volley de Marpir\u00e9 (Ille-et-Vilaine)<\/b> en 2\u00a0contre 2 ont remport\u00e9 <b>la Coupe de Bretagne<\/b>, d\u00e9crochant ainsi leur billet pour les phases finales de <b>la Coupe de France \u00e0 Narbonne<\/b>. Face aux 24 meilleures \u00e9quipes fran\u00e7aises, elles terminent \u00e0 une belle <b>7\u1d49 place.<\/b><\/p>\n<p data-end=\"592\" class=\" wall-content\">Enola Fauvel et \u00c9line Roi ont \u00e9galement \u00e9t\u00e9 s\u00e9lectionn\u00e9es en \u00e9quipe d\u2019Ille-et-Vilaine, avec laquelle elles ont gagn\u00e9 les interd\u00e9partementaux. En championnat d\u00e9partemental comme au Championnat de Bretagne -11\u00a0ans, elles ont aussi fini premi\u00e8res. Retour sur ce parcours exceptionnel avec leurs coaches\u2009: leurs mamans, et l\u2019entra\u00eeneur <b>Robert Fauvel.<\/b><\/p>\n<p class=\"ac-article-content__question wall-content\">Quels matchs ont \u00e9t\u00e9 d\u00e9cisifs\u2009?<\/p>\n<p class=\" wall-content\">La large victoire en huiti\u00e8mes contre CPB Rennes, puis la demi-finale tendue face \u00e0 Montgermont qui ont lanc\u00e9 le projet pour les phases finales France. En phases finales \u00e0 Narbonne, il y a eu une magnifique victoire contre l\u2019Arago de S\u00e8te en huiti\u00e8me de finale suivi d\u2019une d\u00e9faite. Puis une victoire contre Juran\u00e7on pour la 7e place nationale.<\/p>\n<p class=\"ac-article-content__question wall-content\">Quels sont vos points forts et points faibles\u2009?<\/p>\n<p class=\" wall-content\">Un service puissant et pr\u00e9cis, une grande polyvalence. En revanche, il y a un manque d\u2019explosivit\u00e9 et d\u2019exp\u00e9rience en finales nationales.<\/p>\n<p class=\"ac-article-content__question wall-content\">Votre ressenti apr\u00e8s la Coupe de Bretagne\u2009?<\/p>\n<p class=\" wall-content\">La demi-finale, synonyme de qualification nationale, a \u00e9t\u00e9 tendue. La finale, gagn\u00e9e 25-15, 25-10\u00a0contre Vannes, \u00e9tait sans contestation.<\/p>\n<p>Vid\u00e9os : en ce moment sur Actu<\/p>\n<p class=\"ac-article-content__question wall-content\">Comment d\u00e9crire l\u2019\u00e9quipe\u2009?<\/p>\n<p class=\" wall-content\">Deux joueuses li\u00e9es depuis le baby-volley. En trois mots\u2009: comp\u00e9titrices, copines et ambitieuses.<\/p>\n<p class=\"ac-article-content__question wall-content\">Quelles ont \u00e9t\u00e9 les retomb\u00e9es pour le club et l\u2019\u00e9quipe d\u2019\u00eatre 7e place nationale\u2009?<\/p>\n<p class=\" wall-content\">Le club \u00e0 v\u00e9cu sa premi\u00e8re participation \u00e0 des finales nationales jeunes. L\u2019\u00e9quipe quant \u00e0 elle a pris un maximum d\u2019exp\u00e9rience.<\/p>\n<p class=\"ac-article-content__question wall-content\">Comment vous \u00eates vous pr\u00e9par\u00e9es \u00e0 ces deux comp\u00e9titions\u2009?<\/p>\n<p class=\" wall-content\">Avec des entra\u00eenements r\u00e9guliers deux fois par semaine, des stages aux vacances scolaires et lors des s\u00e9lections.<\/p>\n<p class=\"ac-article-content__question wall-content\">Quel \u00e9tait votre \u00e9tat d\u2019esprit lors des comp\u00e9titions\u2009?<\/p>\n<p class=\" wall-content\">Elles sont comp\u00e9titrices, elles ont un esprit de \u00ab\u2009guerri\u00e8re\u2009\u00bb. Elles ont donc eu une grosse d\u00e9sillusion lorsqu\u2019elles ne pouvaient plus devenir Championnes de France.<\/p>\n<p class=\"ac-article-content__question wall-content\">Qu\u2019est ce qui a fait la diff\u00e9rence face aux autres \u00e9quipes\u2009?<\/p>\n<p class=\" wall-content\">Le niveau de service qui est \u00e0 la fois puissant et pr\u00e9cis, la polyvalence technique des filles et l\u2019habitude de gagner.<\/p>\n<p class=\"ac-article-content__question wall-content\">Quels sont les prochains objectifs\u2009?<\/p>\n<p class=\" wall-content\">Les championnats et la Coupe M13 avec Marpir\u00e9, les finales nationales avec la s\u00e9lection d\u00e9partementale, et le d\u00e9veloppement d\u2019un collectif f\u00e9minin avec Ch\u00e2teaubourg.<\/p>\n<p class=\" wall-content\">Suivez toute l\u2019actualit\u00e9 de vos villes et m\u00e9dias favoris en vous inscrivant \u00e0 <a href=\"https:\/\/moncompte.actu.fr\" title=\"D\u00e9couvez Mon Actu\" rel=\"nofollow noopener\" data-trk=\"{&quot;cta&quot;:{&quot;action&quot;:&quot;https:\\\/\\\/moncompte.actu.fr&quot;,&quot;category&quot;:&quot;mon compte&quot;,&quot;from&quot;:&quot;article footer&quot;,&quot;name&quot;:&quot;Mon actu&quot;,&quot;type&quot;:&quot;cta&quot;}}\" target=\"_blank\">Mon Actu<\/a>.<\/p>\n","protected":false},"excerpt":{"rendered":"Par R\u00e9daction Vitr\u00e9 Publi\u00e9 le 17 ao\u00fbt 2025 \u00e0 12h16 Sur la saison 2024-2025, les jeunes f\u00e9minines -11&hellip;\n","protected":false},"author":2,"featured_media":324985,"comment_status":"","ping_status":"","sticky":false,"template":"","format":"standard","meta":{"footnotes":""},"categories":[1417],"tags":[1011,27,60,1470,1469],"class_list":{"0":"post-324984","1":"post","2":"type-post","3":"status-publish","4":"format-standard","5":"has-post-thumbnail","7":"category-volley","8":"tag-fr","9":"tag-france","10":"tag-sports","11":"tag-volley","12":"tag-volleyball"},"share_on_mastodon":{"url":"https:\/\/pubeurope.com\/@fr\/115044506926839251","error":""},"_links":{"self":[{"href":"https:\/\/www.europesays.com\/fr\/wp-json\/wp\/v2\/posts\/324984","targetHints":{"allow":["GET"]}}],"collection":[{"href":"https:\/\/www.europesays.com\/fr\/wp-json\/wp\/v2\/posts"}],"about":[{"href":"https:\/\/www.europesays.com\/fr\/wp-json\/wp\/v2\/types\/post"}],"author":[{"embeddable":true,"href":"https:\/\/www.europesays.com\/fr\/wp-json\/wp\/v2\/users\/2"}],"replies":[{"embeddable":true,"href":"https:\/\/www.europesays.com\/fr\/wp-json\/wp\/v2\/comments?post=324984"}],"version-history":[{"count":0,"href":"https:\/\/www.europesays.com\/fr\/wp-json\/wp\/v2\/posts\/324984\/revisions"}],"wp:featuredmedia":[{"embeddable":true,"href":"https:\/\/www.europesays.com\/fr\/wp-json\/wp\/v2\/media\/324985"}],"wp:attachment":[{"href":"https:\/\/www.europesays.com\/fr\/wp-json\/wp\/v2\/media?parent=324984"}],"wp:term":[{"taxonomy":"category","embeddable":true,"href":"https:\/\/www.europesays.com\/fr\/wp-json\/wp\/v2\/categories?post=324984"},{"taxonomy":"post_tag","embeddable":true,"href":"https:\/\/www.europesays.com\/fr\/wp-json\/wp\/v2\/tags?post=324984"}],"curies":[{"name":"wp","href":"https:\/\/api.w.org\/{rel}","templated":true}]}}