{"id":324989,"date":"2025-08-17T14:12:41","date_gmt":"2025-08-17T14:12:41","guid":{"rendered":"https:\/\/www.europesays.com\/fr\/324989\/"},"modified":"2025-08-17T14:12:41","modified_gmt":"2025-08-17T14:12:41","slug":"basket-la-federation-assure-que-les-joueuses-pourront-concilier-equipe-de-france-et-wnba-2","status":"publish","type":"post","link":"https:\/\/www.europesays.com\/fr\/324989\/","title":{"rendered":"Basket. La f\u00e9d\u00e9ration assure que les joueuses pourront concilier \u00e9quipe de France et WNBA"},"content":{"rendered":"<p>Les internationales pourront concilier en amont des prochaines comp\u00e9titions internationales la WNBA et l&rsquo;\u00e9quipe de France, ont indiqu\u00e9 mercredi les dirigeants de la F\u00e9d\u00e9ration fran\u00e7aise de basket.<\/p>\n<p>La pol\u00e9mique Johann\u00e8s en 2023\u00a0<\/p>\n<p>\u00ab Aujourd&rsquo;hui, la volont\u00e9 de nous tous, c&rsquo;est de laisser les joueuses vivre leur vie, et \u00e7a veut dire pour certaines les laisser aller en WNBA \u00bb, la ligue professionnelle nord-am\u00e9ricaine de basket f\u00e9minin, a d\u00e9clar\u00e9 Jean-Pierre Siutat, le pr\u00e9sident de la F\u00e9d\u00e9ration.<\/p>\n<p>Cette pr\u00e9cision, effectu\u00e9e lors de l&rsquo;annonce de la prolongation de Jean-Aim\u00e9 Toupane \u00e0 la t\u00eate des Bleues, fait suite \u00e0 la pol\u00e9mique autour du cas de <a href=\"https:\/\/www.dna.fr\/p\/marine-johannes\" target=\"_blank\" rel=\"nofollow noopener\">Marine Johann\u00e8s<\/a> \u00e0 l&rsquo;\u00e9t\u00e9 2023.\u00a0<\/p>\n<p>L&rsquo;encadrement des Bleues avait refus\u00e9 qu&rsquo;elle rejoigne la pr\u00e9paration \u00e0 l&rsquo;Euro en cours de route, au nom de la coh\u00e9sion de groupe, pour faire un aller-retour dans sa franchise de New York, une d\u00e9cision qui avait d\u00e9bouch\u00e9 sur sa non s\u00e9lection.<\/p>\n<p>Un an avant les Jeux olympiques de Paris, la F\u00e9d\u00e9ration avait maintenu cette r\u00e8gle, accept\u00e9e par les joueuses concern\u00e9es (Johann\u00e8s, Gabby Williams, Iliana Rupert).<\/p>\n<p>Les joueuses de WNBA \u00ab\u00a0nous rejoindrons\u00a0\u00bb<\/p>\n<p>Mais Williams notamment, meilleure joueuse des Bleues lors du tournoi olympique o\u00f9 elles ont d\u00e9croch\u00e9 la m\u00e9daille d&rsquo;argent, avait indiqu\u00e9 qu&rsquo;elle ne renoncerait pas chaque \u00e9t\u00e9 \u00e0 la saison de WNBA (de mi-mai \u00e0 mi-septembre), lucrative et sportivement tr\u00e8s relev\u00e9e, apr\u00e8s celle disput\u00e9e en Europe.<\/p>\n<p>Les joueuses \u00e9ventuellement concern\u00e9es, dont le nombre est probablement amen\u00e9 \u00e0 augmenter (Lacan, Fauthoux, Leite, Sala\u00fcn, Malonga), pourront donc d\u00e8s l&rsquo;Euro-2025 (19-29 juin en Italie, Gr\u00e8ce, R\u00e9publique tch\u00e8que et Allemagne) rejoindre le groupe France seulement 14 jours avant le d\u00e9but de la comp\u00e9tition, comme l&rsquo;exige l&rsquo;accord entre la WNBA et la Fiba (F\u00e9d\u00e9ration internationale).<\/p>\n<p>\u00ab On commencera (la pr\u00e9paration) avec les filles qui seront disponibles puis, dans un deuxi\u00e8me temps, les filles qui viendraient de la WNBA, nous rejoindrons. Et \u00e0 l&rsquo;issue de cette pr\u00e9paration on fera la s\u00e9lection \u00bb pour l&rsquo;Euro, a expliqu\u00e9 Toupane.<\/p>\n<p>La NBA est tenue de lib\u00e9rer les internationaux 28 jours avant les comp\u00e9titions: \u00ab On a un travail \u00e0 effectuer pour que les d\u00e9lais soient identiques et qu&rsquo;il soit, \u00e9videmment, port\u00e9 \u00e0 28 jours \u00bb pour les joueuses, a estim\u00e9 le directeur technique national Alain Contensoux.<\/p>\n","protected":false},"excerpt":{"rendered":"Les internationales pourront concilier en amont des prochaines comp\u00e9titions internationales la WNBA et l&rsquo;\u00e9quipe de France, ont indiqu\u00e9&hellip;\n","protected":false},"author":2,"featured_media":324990,"comment_status":"","ping_status":"","sticky":false,"template":"","format":"standard","meta":{"footnotes":""},"categories":[1414],"tags":[1465,1791,1464,107,1011,27,517,1947,60],"class_list":{"0":"post-324989","1":"post","2":"type-post","3":"status-publish","4":"format-standard","5":"has-post-thumbnail","7":"category-basket","8":"tag-basket","9":"tag-basket-ball","10":"tag-basketball","11":"tag-fil-info","12":"tag-fr","13":"tag-france","14":"tag-sport","15":"tag-sport-national","16":"tag-sports"},"share_on_mastodon":{"url":"https:\/\/pubeurope.com\/@fr\/115044518754956432","error":""},"_links":{"self":[{"href":"https:\/\/www.europesays.com\/fr\/wp-json\/wp\/v2\/posts\/324989","targetHints":{"allow":["GET"]}}],"collection":[{"href":"https:\/\/www.europesays.com\/fr\/wp-json\/wp\/v2\/posts"}],"about":[{"href":"https:\/\/www.europesays.com\/fr\/wp-json\/wp\/v2\/types\/post"}],"author":[{"embeddable":true,"href":"https:\/\/www.europesays.com\/fr\/wp-json\/wp\/v2\/users\/2"}],"replies":[{"embeddable":true,"href":"https:\/\/www.europesays.com\/fr\/wp-json\/wp\/v2\/comments?post=324989"}],"version-history":[{"count":0,"href":"https:\/\/www.europesays.com\/fr\/wp-json\/wp\/v2\/posts\/324989\/revisions"}],"wp:featuredmedia":[{"embeddable":true,"href":"https:\/\/www.europesays.com\/fr\/wp-json\/wp\/v2\/media\/324990"}],"wp:attachment":[{"href":"https:\/\/www.europesays.com\/fr\/wp-json\/wp\/v2\/media?parent=324989"}],"wp:term":[{"taxonomy":"category","embeddable":true,"href":"https:\/\/www.europesays.com\/fr\/wp-json\/wp\/v2\/categories?post=324989"},{"taxonomy":"post_tag","embeddable":true,"href":"https:\/\/www.europesays.com\/fr\/wp-json\/wp\/v2\/tags?post=324989"}],"curies":[{"name":"wp","href":"https:\/\/api.w.org\/{rel}","templated":true}]}}