{"id":324999,"date":"2025-08-17T14:17:12","date_gmt":"2025-08-17T14:17:12","guid":{"rendered":"https:\/\/www.europesays.com\/fr\/324999\/"},"modified":"2025-08-17T14:17:12","modified_gmt":"2025-08-17T14:17:12","slug":"a-22-ans-jenna-ortega-se-la-joue-feline-en-osant-linspiration-tigre-dans-une-robe-longue-saisissante","status":"publish","type":"post","link":"https:\/\/www.europesays.com\/fr\/324999\/","title":{"rendered":"\u00c0 22 ans, Jenna Ortega se la joue f\u00e9line en osant l\u2019inspiration tigre dans une robe longue saisissante"},"content":{"rendered":"<p>\u00c0 seulement 22 ans, Jenna Ortega confirme qu\u2019elle est bien plus qu\u2019une simple actrice : c\u2019est une<strong> v\u00e9ritable r\u00e9f\u00e9rence mode<\/strong>. Lors de sa derni\u00e8re apparition publique, la star de Wednesday a litt\u00e9ralement enflamm\u00e9 le tapis rouge en misant sur une robe longue au style animalier revisit\u00e9. Inspir\u00e9e du <strong>pelage du tigre,<\/strong> sa tenue a captiv\u00e9 tous les regards, prouvant une fois de plus que l\u2019actrice sait marier audace et \u00e9l\u00e9gance. Cette robe graphique, jouant sur l\u2019alternance de bandes noires et mordor\u00e9es, redessine la silhouette avec puissance. Les rayures, dispos\u00e9es en chevrons, cr\u00e9ent un effet visuel hypnotisant, allongeant la silhouette tout en renfor\u00e7ant le c\u00f4t\u00e9 sauvage et glamour. L\u2019\u00e9toffe brillante, l\u00e9g\u00e8rement vinyle, ajoutait un \u00e9clat suppl\u00e9mentaire sous les projecteurs, donnant \u00e0 la com\u00e9dienne une <strong>allure f\u00e9line<\/strong> et redoutablement charismatique.<\/p>\n<p>Jenna Ortega rugit de plaisir en promotion de \u00ab\u00a0Wednesday\u00a0\u00bb<\/p>\n<p>Avec son tomb\u00e9 parfait et ses fines bretelles, la pi\u00e8ce s\u2019impose comme l\u2019un des looks les plus marquants de cette saison. Pour parfaire cette tenue d\u00e9j\u00e0 spectaculaire, l\u2019actrice avait opt\u00e9 pour des bottes montantes en cuir brun, un choix inattendu mais terriblement efficace pour renforcer le c\u00f4t\u00e9 \u00ab\u00a0jungle urbaine\u00a0\u00bb de l\u2019ensemble. C\u00f4t\u00e9 accessoires, sobri\u00e9t\u00e9 absolue : quelques bracelets m\u00e9talliques suffisaient \u00e0 apporter la touche finale, laissant la robe et son motif animalier occuper toute la sc\u00e8ne. Sa mise en beaut\u00e9, elle (&#8230;)<\/p>\n<p><a href=\"https:\/\/www.grazia.fr\/mode\/looks-de-stars\/a-22-ans-jenna-ortega-se-la-joue-feline-en-osant-linspiration-tigre-dans-une-robe-longue-saisissante-1179988.html?utm_campaign=partenariat&amp;utm_source=yahoo-articles&amp;utm_medium=flux\" rel=\"nofollow noopener\" target=\"_blank\" data-ylk=\"slk:Lire la suite sur Grazia;elm:context_link;itc:0;sec:content-canvas\" class=\"link \">Lire la suite sur Grazia<\/a><\/p>\n<p><a href=\"https:\/\/www.grazia.fr\/lifestyle\/psycho-sexo\/dapres-des-experts-en-sciences-sociales-la-methode-5-3-1-serait-le-secret-pour-rompre-lisolement-et-se-faire-des-amis-1098332.html?utm_campaign=partenariat&amp;utm_source=yahoo-articles&amp;utm_medium=flux\" rel=\"nofollow noopener\" target=\"_blank\" data-ylk=\"slk:Selon une experte en sciences sociales, la m\u00e9thode 5-3-1 serait le secret pour rompre l&#039;isolement et se faire des amis;elm:context_link;itc:0;sec:content-canvas\" class=\"link \">Selon une experte en sciences sociales, la m\u00e9thode 5-3-1 serait le secret pour rompre l&rsquo;isolement et se faire des amis<\/a><br \/><a href=\"https:\/\/www.grazia.fr\/mode\/looks-de-stars\/sophie-turner-29-ans-ose-la-transparence-pailletee-et-impose-un-look-inoubliable-1179985.html?utm_campaign=partenariat&amp;utm_source=yahoo-articles&amp;utm_medium=flux\" rel=\"nofollow noopener\" target=\"_blank\" data-ylk=\"slk:Sophie Turner (29 ans) ose la transparence paillet\u00e9e et impose un look inoubliable;elm:context_link;itc:0;sec:content-canvas\" class=\"link \">Sophie Turner (29 ans) ose la transparence paillet\u00e9e et impose un look inoubliable<\/a><br \/><a href=\"https:\/\/www.grazia.fr\/beaute\/forme-minceur\/ces-deux-fruits-delicieux-vont-vous-aider-a-deloger-la-graisse-abdominale-pour-avoir-un-ventre-plat-1101662.html?utm_campaign=partenariat&amp;utm_source=yahoo-articles&amp;utm_medium=flux\" rel=\"nofollow noopener\" target=\"_blank\" data-ylk=\"slk:Ces deux fruits d\u00e9licieux vont vous aider \u00e0 d\u00e9loger la graisse abdominale pour avoir un ventre plat;elm:context_link;itc:0;sec:content-canvas\" class=\"link \">Ces deux fruits d\u00e9licieux vont vous aider \u00e0 d\u00e9loger la graisse abdominale pour avoir un ventre plat<\/a><br \/><a href=\"https:\/\/www.grazia.fr\/beaute\/maquillage\/julianne-moore-sans-maquillage-a-64-ans-elle-se-devoile-en-vacances-avec-les-cheveux-mouilles-et-le-visage-100-naturel-1179941.html?utm_campaign=partenariat&amp;utm_source=yahoo-articles&amp;utm_medium=flux\" rel=\"nofollow noopener\" target=\"_blank\" data-ylk=\"slk:Julianne Moore sans maquillage : \u00e0 64 ans, elle se d\u00e9voile en vacances avec les cheveux mouill\u00e9s et le visage 100 % naturel;elm:context_link;itc:0;sec:content-canvas\" class=\"link \">Julianne Moore sans maquillage : \u00e0 64 ans, elle se d\u00e9voile en vacances avec les cheveux mouill\u00e9s et le visage 100 % naturel<\/a><br \/><a href=\"https:\/\/www.grazia.fr\/mode\/chaussure\/adieu-les-ballerines-cette-paire-de-baskets-encore-plus-confortable-va-faire-lunanimite-en-septembre-1179815.html?utm_campaign=partenariat&amp;utm_source=yahoo-articles&amp;utm_medium=flux\" rel=\"nofollow noopener\" target=\"_blank\" data-ylk=\"slk:Adieu les ballerines, cette paire de baskets encore plus confortable va faire l\u2019unanimit\u00e9 en septembre;elm:context_link;itc:0;sec:content-canvas\" class=\"link \">Adieu les ballerines, cette paire de baskets encore plus confortable va faire l\u2019unanimit\u00e9 en septembre<\/a><\/p>\n","protected":false},"excerpt":{"rendered":"\u00c0 seulement 22 ans, Jenna Ortega confirme qu\u2019elle est bien plus qu\u2019une simple actrice : c\u2019est une v\u00e9ritable&hellip;\n","protected":false},"author":2,"featured_media":325000,"comment_status":"","ping_status":"","sticky":false,"template":"","format":"standard","meta":{"footnotes":""},"categories":[1359],"tags":[46206,58,59,1011,27,5878,973],"class_list":{"0":"post-324999","1":"post","2":"type-post","3":"status-publish","4":"format-standard","5":"has-post-thumbnail","7":"category-people","8":"tag-cote-sauvage","9":"tag-divertissement","10":"tag-entertainment","11":"tag-fr","12":"tag-france","13":"tag-jenna-ortega","14":"tag-people"},"share_on_mastodon":{"url":"https:\/\/pubeurope.com\/@fr\/115044538287960191","error":""},"_links":{"self":[{"href":"https:\/\/www.europesays.com\/fr\/wp-json\/wp\/v2\/posts\/324999","targetHints":{"allow":["GET"]}}],"collection":[{"href":"https:\/\/www.europesays.com\/fr\/wp-json\/wp\/v2\/posts"}],"about":[{"href":"https:\/\/www.europesays.com\/fr\/wp-json\/wp\/v2\/types\/post"}],"author":[{"embeddable":true,"href":"https:\/\/www.europesays.com\/fr\/wp-json\/wp\/v2\/users\/2"}],"replies":[{"embeddable":true,"href":"https:\/\/www.europesays.com\/fr\/wp-json\/wp\/v2\/comments?post=324999"}],"version-history":[{"count":0,"href":"https:\/\/www.europesays.com\/fr\/wp-json\/wp\/v2\/posts\/324999\/revisions"}],"wp:featuredmedia":[{"embeddable":true,"href":"https:\/\/www.europesays.com\/fr\/wp-json\/wp\/v2\/media\/325000"}],"wp:attachment":[{"href":"https:\/\/www.europesays.com\/fr\/wp-json\/wp\/v2\/media?parent=324999"}],"wp:term":[{"taxonomy":"category","embeddable":true,"href":"https:\/\/www.europesays.com\/fr\/wp-json\/wp\/v2\/categories?post=324999"},{"taxonomy":"post_tag","embeddable":true,"href":"https:\/\/www.europesays.com\/fr\/wp-json\/wp\/v2\/tags?post=324999"}],"curies":[{"name":"wp","href":"https:\/\/api.w.org\/{rel}","templated":true}]}}