{"id":325003,"date":"2025-08-17T14:20:17","date_gmt":"2025-08-17T14:20:17","guid":{"rendered":"https:\/\/www.europesays.com\/fr\/325003\/"},"modified":"2025-08-17T14:20:17","modified_gmt":"2025-08-17T14:20:17","slug":"un-livre-sur-lautre-visage-de-la-liberation-de-lindre","status":"publish","type":"post","link":"https:\/\/www.europesays.com\/fr\/325003\/","title":{"rendered":"Un livre sur \u00ab\u00a0l\u2019autre visage\u00a0\u00bb de la Lib\u00e9ration de l\u2019Indre"},"content":{"rendered":"<p>La pr\u00e9sentation du livre\u00a0Indre (1944-1945) l\u2019autre visage de la Lib\u00e9ration\u00a0avait donn\u00e9 lieu au mois de juin \u00e0 \u00c9guzon \u00e0 une rencontre anim\u00e9e par ses quatre auteurs, les historiens Philippe Barlet, Jean-Louis Laubry, Christophe Moreigne et Jean-Luc Stiver. Cet ouvrage publi\u00e9 par l\u2019Association pour la sauvegarde du patrimoine historique et arch\u00e9ologique de la r\u00e9gion d\u2019\u00c9guzon et du sud du d\u00e9partement de l\u2019Indre (Aspharesd) fait suite \u00e0 la parution de\u00a0L\u2019\u00c9t\u00e9 1944, \u00e0 l\u2019occasion du 80e\u00a0anniversaire de la Lib\u00e9ration.<\/p>\n<p>\u00ab\u00a0Au d\u00e9part, nous avions pens\u00e9 faire une\u00a0r\u00e9\u00e9dition des articles existants en y ajoutant des aspects tr\u00e8s m\u00e9connus, qui tenaient la route\u00a0\u00bb, explique Alain Gi\u00e9vis, \u00e0 l\u2019initiative du projet et charg\u00e9 de la mise en page. Ce livre \u00e9crit par des sp\u00e9cialistes des sujets abord\u00e9s est le fruit d\u2019un abondant travail de recherches.<\/p>\n<p>\u00ab\u00a0Ce camp\u00a0a accueilli 5.000 personnes, un chiffre \u00e9norme par rapport \u00e0 la population du d\u00e9partement\u00a0\u00bb<\/p>\n<p>Philippe Barlet aborde ainsi son sujet de pr\u00e9dilection, le camp de Douadic qui a servi \u00e0 trier les Juifs de 1942 \u00e0 1944, auquel il a consacr\u00e9 \u00e9norm\u00e9ment de temps en explorant de nombreuses archives r\u00e9v\u00e9latrices d\u2019\u00e9l\u00e9ments effac\u00e9s de la m\u00e9moire collective et souvent \u00e9tonnants&#8230;. <\/p>\n<p>    Cet article a \u00e9t\u00e9 tronqu\u00e9. Abonnez-vous pour lire l&rsquo;article complet sur notre site.<\/p>\n<p style=\"margin: 0 !important; padding: 0 !important; font-size: 12px !important;\">Cet article a \u00e9t\u00e9 tronqu\u00e9. Abonnez-vous pour lire l&rsquo;article complet.<\/p>\n<p>    <a href=\"https:\/\/www.lanouvellerepublique.fr\/abonnements\" style=\"display: inline-block; margin-top: 5px !important; padding: 6px 12px !important; background: #cb1c27; color: white; text-decoration: none; border-radius: 4px; font-size: 12px !important;\" target=\"_blank\" rel=\"noopener\"><br \/>\n      S&rsquo;abonner<br \/>\n    <\/a><\/p>\n","protected":false},"excerpt":{"rendered":"La pr\u00e9sentation du livre\u00a0Indre (1944-1945) l\u2019autre visage de la Lib\u00e9ration\u00a0avait donn\u00e9 lieu au mois de juin \u00e0 \u00c9guzon&hellip;\n","protected":false},"author":2,"featured_media":325004,"comment_status":"","ping_status":"","sticky":false,"template":"","format":"standard","meta":{"footnotes":""},"categories":[1357],"tags":[1392,1379,1674,58,46207,59,1011,27,5052,1380,1393,2551],"class_list":{"0":"post-325003","1":"post","2":"type-post","3":"status-publish","4":"format-standard","5":"has-post-thumbnail","7":"category-livres","8":"tag-a-la-une-local","9":"tag-books","10":"tag-communes","11":"tag-divertissement","12":"tag-eguzon-chantome","13":"tag-entertainment","14":"tag-fr","15":"tag-france","16":"tag-indre","17":"tag-livres","18":"tag-loisirs","19":"tag-patrimoine"},"share_on_mastodon":{"url":"https:\/\/pubeurope.com\/@fr\/115044550225442075","error":""},"_links":{"self":[{"href":"https:\/\/www.europesays.com\/fr\/wp-json\/wp\/v2\/posts\/325003","targetHints":{"allow":["GET"]}}],"collection":[{"href":"https:\/\/www.europesays.com\/fr\/wp-json\/wp\/v2\/posts"}],"about":[{"href":"https:\/\/www.europesays.com\/fr\/wp-json\/wp\/v2\/types\/post"}],"author":[{"embeddable":true,"href":"https:\/\/www.europesays.com\/fr\/wp-json\/wp\/v2\/users\/2"}],"replies":[{"embeddable":true,"href":"https:\/\/www.europesays.com\/fr\/wp-json\/wp\/v2\/comments?post=325003"}],"version-history":[{"count":0,"href":"https:\/\/www.europesays.com\/fr\/wp-json\/wp\/v2\/posts\/325003\/revisions"}],"wp:featuredmedia":[{"embeddable":true,"href":"https:\/\/www.europesays.com\/fr\/wp-json\/wp\/v2\/media\/325004"}],"wp:attachment":[{"href":"https:\/\/www.europesays.com\/fr\/wp-json\/wp\/v2\/media?parent=325003"}],"wp:term":[{"taxonomy":"category","embeddable":true,"href":"https:\/\/www.europesays.com\/fr\/wp-json\/wp\/v2\/categories?post=325003"},{"taxonomy":"post_tag","embeddable":true,"href":"https:\/\/www.europesays.com\/fr\/wp-json\/wp\/v2\/tags?post=325003"}],"curies":[{"name":"wp","href":"https:\/\/api.w.org\/{rel}","templated":true}]}}