{"id":325011,"date":"2025-08-17T14:24:14","date_gmt":"2025-08-17T14:24:14","guid":{"rendered":"https:\/\/www.europesays.com\/fr\/325011\/"},"modified":"2025-08-17T14:24:14","modified_gmt":"2025-08-17T14:24:14","slug":"les-lapins-de-lhorreur-aux-etats-unis-un-virus-fait-pousser-des-cornes-aux-lapins","status":"publish","type":"post","link":"https:\/\/www.europesays.com\/fr\/325011\/","title":{"rendered":"\u00ab\u00a0Les lapins de l\u2019horreur\u00a0\u00bb\u00a0: aux \u00c9tats-Unis, un virus fait pousser des \u00ab\u00a0cornes\u00a0\u00bb aux lapins"},"content":{"rendered":"<p class=\"paragraph text_align_left lp-f-body-02\">\u00ab Lapins Frankenstein \u00bb, \u00ab lapins de l\u2019horreur \u00bb\u2026 Aper\u00e7us \u00e0 Fort Collins, dans le Colorado (\u00c9tats-Unis) des <a href=\"https:\/\/www.leparisien.fr\/animaux\/chevaux-poules-lapins-ou-cochons-dinde-ce-zoo-appelle-aux-dons-danimaux-domestiques-pour-nourrir-ses-felins-04-08-2025-VWKDF7I5KJG7NHGF4L4JGHHAMU.php\" target=\"_self\" rel=\"nofollow noopener\">lapins<\/a> atypiques ont \u00e9t\u00e9 affubl\u00e9s de surnoms peu flatteurs sur les r\u00e9seaux sociaux, suscitant fascination et inqui\u00e9tude, a indiqu\u00e9 <a href=\"https:\/\/apnews.com\/article\/rabbits-with-horns-virus-colorado-tentacles-papillomavirus-98b1ad95ba3a0f308bf884d79d1eea7c\" target=\"_self\" rel=\"nofollow noopener\">AP<\/a>. Ces animaux ont la particularit\u00e9 d\u2019avoir des excroissances noires ressemblant \u00e0 des verrues, semblables \u00e0 des cornes, au niveau de leur museau.<\/p>\n<p class=\"paragraph text_align_left lp-f-body-02\">Selon les scientifiques, cette d\u00e9formation serait due \u00e0 un <a href=\"https:\/\/www.leparisien.fr\/societe\/sante\/des-centaines-de-virus-dont-certains-a-haut-risque-detectes-dans-des-elevages-danimaux-a-fourrure-en-chine-04-09-2024-DM2SFA7GRVCFJPM2NSIK2EMAQU.php\" target=\"_self\" rel=\"nofollow noopener\">virus<\/a> relativement courant, ayant infect\u00e9 les lapins, <a href=\"https:\/\/www.leparisien.fr\/societe\/sante\/papillomavirus-un-rattrapage-vaccinal-recommande-pour-tous-jusqua-26-ans-13-05-2025-Z3CGGVSZGRCANEGMZOZ3SA3QXU.php\" target=\"_self\" rel=\"nofollow noopener\">le papillomavirus<\/a> de Shope, g\u00e9n\u00e9ralement inoffensif, qui provoque ce type de changement physique. Les experts demandent cependant \u00e0 la population de ne pas s\u2019approcher des lapins contamin\u00e9s pour tenter de leur venir en aide.<\/p>\n<p>Un virus non transmissible aux autres esp\u00e8ces<\/p>\n<p class=\"paragraph text_align_left lp-f-body-02\">Kara Van Hoose, porte-parole de Colorado Parks and Wildlife, a d\u00e9clar\u00e9 ce mercredi 13 ao\u00fbt \u00e0 AP que l\u2019agence recevait des appels concernant les lapins aper\u00e7us \u00e0 Fort Collins. <\/p>\n<p class=\"paragraph text_align_left lp-f-body-02\">Elle a toutefois pr\u00e9cis\u00e9 qu\u2019il n\u2019\u00e9tait pas rare de voir des lapins infect\u00e9s, surtout en \u00e9t\u00e9, lorsque les puces et les tiques, vecteurs du virus, sont les plus actives. Le virus peut se transmettre d\u2019un lapin \u00e0 l\u2019autre, mais pas \u00e0 d\u2019autres esp\u00e8ces, y compris les humains et les animaux domestiques, a-t-elle pr\u00e9cis\u00e9. <\/p>\n<p class=\"paragraph text_align_left lp-f-body-02\">Les excroissances ressemblent \u00e0 des verrues, mais peuvent ressembler \u00e0 des cornes si elles s\u2019allongent, a-t-elle pr\u00e9cis\u00e9. Elles ne sont pas nocives pour les lapins, sauf si elles se d\u00e9veloppent sur les yeux ou la bouche et les g\u00eanent pour manger. Le syst\u00e8me immunitaire des lapins est capable de combattre le virus et, une fois qu\u2019il le fait, les excroissances disparaissent, a-t-elle ajout\u00e9.<\/p>\n<p>Une maladie d\u00e9couverte dans les ann\u00e9es 30<\/p>\n<p class=\"paragraph text_align_left lp-f-body-02\">Les photos des animaux ont fait le tour des r\u00e9seaux sociaux, mais leur affection n\u2019est pas nouvelle : le papillomavirus de Shope a inspir\u00e9 le folklore ancien et aliment\u00e9 la recherche scientifique il y a pr\u00e8s de cent ans d\u00e9j\u00e0. Ces lapins particuliers ont certainement influenc\u00e9 le mythe de jackalope, vieux de plusieurs si\u00e8cles en Am\u00e9rique du Nord, qui racontait l\u2019histoire d\u2019un lapin avec des bois ou des cornes, m\u00e9lange d\u2019un lapin et d\u2019une antilope.<\/p>\n<p class=\"paragraph text_align_left lp-f-body-02\">L\u2019\u00e9tude de cette maladie chez le lapin a \u00e9galement contribu\u00e9 \u00e0 enrichir les connaissances scientifiques sur le lien entre les virus et le cancer, comme le papillomavirus humain, responsable du cancer du col de l\u2019ut\u00e9rus. Ce virus doit son nom au Dr Richard E. Shope, professeur \u00e0 l\u2019Universit\u00e9 Rockefeller, qui a d\u00e9couvert la maladie chez les lapins \u00e0 queue blanche dans les ann\u00e9es 30.<\/p>\n","protected":false},"excerpt":{"rendered":"\u00ab Lapins Frankenstein \u00bb, \u00ab lapins de l\u2019horreur \u00bb\u2026 Aper\u00e7us \u00e0 Fort Collins, dans le Colorado (\u00c9tats-Unis) des&hellip;\n","protected":false},"author":2,"featured_media":325012,"comment_status":"","ping_status":"","sticky":false,"template":"","format":"standard","meta":{"footnotes":""},"categories":[10],"tags":[1867,1011,27,72,71],"class_list":{"0":"post-325011","1":"post","2":"type-post","3":"status-publish","4":"format-standard","5":"has-post-thumbnail","7":"category-sante","8":"tag-animaux","9":"tag-fr","10":"tag-france","11":"tag-health","12":"tag-sante"},"share_on_mastodon":{"url":"https:\/\/pubeurope.com\/@fr\/115044565955093645","error":""},"_links":{"self":[{"href":"https:\/\/www.europesays.com\/fr\/wp-json\/wp\/v2\/posts\/325011","targetHints":{"allow":["GET"]}}],"collection":[{"href":"https:\/\/www.europesays.com\/fr\/wp-json\/wp\/v2\/posts"}],"about":[{"href":"https:\/\/www.europesays.com\/fr\/wp-json\/wp\/v2\/types\/post"}],"author":[{"embeddable":true,"href":"https:\/\/www.europesays.com\/fr\/wp-json\/wp\/v2\/users\/2"}],"replies":[{"embeddable":true,"href":"https:\/\/www.europesays.com\/fr\/wp-json\/wp\/v2\/comments?post=325011"}],"version-history":[{"count":0,"href":"https:\/\/www.europesays.com\/fr\/wp-json\/wp\/v2\/posts\/325011\/revisions"}],"wp:featuredmedia":[{"embeddable":true,"href":"https:\/\/www.europesays.com\/fr\/wp-json\/wp\/v2\/media\/325012"}],"wp:attachment":[{"href":"https:\/\/www.europesays.com\/fr\/wp-json\/wp\/v2\/media?parent=325011"}],"wp:term":[{"taxonomy":"category","embeddable":true,"href":"https:\/\/www.europesays.com\/fr\/wp-json\/wp\/v2\/categories?post=325011"},{"taxonomy":"post_tag","embeddable":true,"href":"https:\/\/www.europesays.com\/fr\/wp-json\/wp\/v2\/tags?post=325011"}],"curies":[{"name":"wp","href":"https:\/\/api.w.org\/{rel}","templated":true}]}}