{"id":325015,"date":"2025-08-17T14:26:11","date_gmt":"2025-08-17T14:26:11","guid":{"rendered":"https:\/\/www.europesays.com\/fr\/325015\/"},"modified":"2025-08-17T14:26:11","modified_gmt":"2025-08-17T14:26:11","slug":"le-groupe-kneecap-dans-le-viseur-de-bruno-retailleau-avant-son-concert-a-rock-en-seine","status":"publish","type":"post","link":"https:\/\/www.europesays.com\/fr\/325015\/","title":{"rendered":"Le groupe Kneecap dans le viseur de Bruno Retailleau avant son concert \u00e0 Rock en Seine"},"content":{"rendered":"<p>        <img decoding=\"async\" loading=\"lazy\" src=\"https:\/\/www.europesays.com\/fr\/wp-content\/uploads\/2025\/08\/6c65360_upload-1-1czwh37kukmc-afp-20250628-646d2lr-v1-highres-776316136.jpg\"  width=\"728\" height=\"409\" alt=\"De gauche \u00e0 droite, les trois membres du groupe Kneecap, connu pour son soutien sans faille \u00e0 la cause palestinienne\u00a0: Mo Chara, DJ Provai et Moglai Bap.\"\/>  <\/p>\n<p>OLI SCARFF \/ AFP<\/p>\n<p>De gauche \u00e0 droite, les trois membres du groupe Kneecap, connu pour son soutien sans faille \u00e0 la cause palestinienne\u00a0: Mo Chara, DJ Provai et Moglai Bap.<\/p>\n<p class=\"asset asset-text\">CULTURE &#8211; Sous haute surveillance. Depuis l\u2019annonce de la participation du <a href=\"https:\/\/www.huffingtonpost.fr\/culture\/video\/les-nord-irlandais-de-kneecap-rappent-pour-la-palestine-apres-leur-inculpation-pour-infraction-terroriste_250469.html\" target=\"_blank\" rel=\"noopener\">groupe Kneecap<\/a> au <a href=\"https:\/\/www.huffingtonpost.fr\/culture\/article\/ennemis-musicaux-n-1-la-tournee-d-oasis-divise-ces-fans-15-ans-apres-rock-en-seine_252055.html\" target=\"_blank\" rel=\"noopener\">festival Rock en Seine<\/a>, les esprits s\u2019\u00e9chauffent autour de cette formation musicale punk rap nord-irlandaise. En cause\u00a0? Son soutien, jug\u00e9 excessif \u00e0 la population gazaouie et \u00e0 la <a href=\"https:\/\/www.huffingtonpost.fr\/faits-divers\/article\/cette-librairie-parisienne-prise-pour-cible-pour-des-livres-sur-la-palestine_253523.html\" target=\"_blank\" rel=\"noopener\">cause palestinienne<\/a>. Ce qui entra\u00eene des mesures de pr\u00e9caution d\u00e8s ce dimanche 17\u00a0ao\u00fbt, au moment o\u00f9 le groupe retrouve l\u2019Hexagone pour plusieurs dates.<\/p>\n<p class=\"asset asset-text\">En mai dernier, un membre du groupe avait m\u00eame \u00e9t\u00e9<a href=\"https:\/\/www.huffingtonpost.fr\/culture\/article\/un-rappeur-du-groupe-nord-irlandais-kneecap-inculpe-pour-avoir-exhibe-un-drapeau-du-hezbollah_250367.html\" target=\"_blank\" rel=\"noopener\"> inculp\u00e9 pour \u00ab\u00a0infraction terroriste\u00a0\u00bb \u00e0 Londres<\/a> pour avoir brandi sur sc\u00e8ne un drapeau du Hezbollah, un mouvement islamiste libanais fond\u00e9 et financ\u00e9 par l\u2019Iran. Depuis, le moindre passage de Kneecap en France \u00e0 l\u2019occasion de la saison des festivals estivaux est scrut\u00e9 de tr\u00e8s pr\u00e8s.<\/p>\n<p class=\"asset asset-text\">C\u2019est donc au milieu des nombreuses pol\u00e9miques sur le soutien du groupe \u00e0 la cause palestinienne que <a href=\"https:\/\/www.huffingtonpost.fr\/politique\/article\/otages-palestiniens-france-info-suspend-le-responsable-d-un-titre-inadmissible-diffuse-a-l-antenne_245342.html\" target=\"_blank\" rel=\"noopener\">la d\u00e9put\u00e9e macroniste Caroline Yadan<\/a> a partag\u00e9 sur X vendredi 15\u00a0ao\u00fbt une lettre qu\u2019elle a re\u00e7ue du ministre de l\u2019Int\u00e9rieur <a href=\"https:\/\/www.huffingtonpost.fr\/faits-divers\/article\/un-acte-anti-musulman-bruno-retailleau-denonce-la-tentative-d-incendie-contre-une-salle-de-priere_253630.html\" target=\"_blank\" rel=\"noopener\">Bruno Retailleau<\/a>. La d\u00e9put\u00e9e de la 8e circonscription des Fran\u00e7ais de l\u2019\u00e9tranger (comprenant notamment Isra\u00ebl et les territoires palestiniens) explique avoir pr\u00e9alablement \u00e9crit au ministre pour une \u00ab\u00a0demande d\u2019interdiction du groupe\u00a0\u00bb au festival Rock en Seine, o\u00f9 il doit se produire dimanche 24\u00a0ao\u00fbt.<\/p>\n<p class=\"asset asset-text\">Le but de l\u2019\u00e9lue \u00e9tant d\u2019exprimer ses \u00ab\u00a0inqui\u00e9tudes relatives au respect du contrat d\u2019engagement r\u00e9publicain au regard des prises de position dudit groupe\u00a0\u00bb, comme le rappelle Bruno Retailleau dans sa r\u00e9ponse \u00e9crite.<\/p>\n<p>                     Dans le viseur de Retailleau    <\/p>\n<p class=\"asset asset-text\">Dans ce courrier, le <a href=\"https:\/\/www.huffingtonpost.fr\/politique\/article\/pour-bruno-retailleau-le-trop-lourd-bilan-du-nouvel-an-est-le-produit-d-un-ensauvagement_244265.html\" target=\"_blank\" rel=\"noopener\">ministre de l\u2019Int\u00e9rieur<\/a> commence par rappeler sa ferme condamnation des \u00ab\u00a0propos qui ont pu \u00eatre tenus par ce groupe\u00a0\u00bb. Avant de rappeler \u00e0 juste titre qu\u2019une demande d\u2019interdiction du groupe \u00e0 Rock en Seine n\u2019est pas d\u2019actualit\u00e9 compte tenu des engagements de \u00ab\u00a0bonne conduite\u00a0\u00bb pris par le groupe avant son passage aux Eurock\u00e9ennes de Belfort d\u00e9but juillet. Car Kneecap avait alors fait l\u2019objet d\u2019une \u00ab\u00a0proc\u00e9dure d\u2019interdiction\u00a0\u00bb, mais avait finalement pu se produire puisqu\u2019aucun \u00ab\u00a0trouble manifeste \u00e0 l\u2019ordre public\u00a0\u00bb n\u2019avait \u00e9t\u00e9 constat\u00e9 lors de leur passage sur sc\u00e8ne. Ce que rappelle d\u2019ailleurs volontiers Bruno Retailleau.<\/p>\n<p> La lecture de ce contenu est susceptible d\u2019entra\u00eener un d\u00e9p\u00f4t de cookies de la part de l\u2019op\u00e9rateur tiers qui l\u2019h\u00e9berge. Compte-tenu des choix que vous avez exprim\u00e9s en mati\u00e8re de d\u00e9p\u00f4t de cookies, nous avons bloqu\u00e9 l\u2019affichage de ce contenu. Si vous souhaitez y acc\u00e9der, vous devez accepter la cat\u00e9gorie de cookies \u201cContenus tiers\u201d en cliquant sur le bouton ci-dessous. <\/p>\n<p> Lire la Vid\u00e9o        <\/p>\n<p class=\"asset asset-text\">Toutefois, le ministre veillera au grain ce dimanche soir \u00e0 Charleville-M\u00e9zi\u00e8res.. Kneecap doit en effet se produire au festival Cabaret Vert, \u00ab\u00a0o\u00f9 il a pris les m\u00eames engagements avec le Pr\u00e9fet des Ardennes\u00a0\u00bb.<\/p>\n<p class=\"asset asset-text\">Bruno Retailleau pr\u00e9cise donc \u00ab\u00a0avoir charg\u00e9 (s)es services d\u2019\u00eatre tr\u00e8s attentifs \u00e0 leurs expressions lors de ce concert\u00a0\u00bb. Et assure \u00e0 la d\u00e9put\u00e9e que \u00ab\u00a0tout d\u00e9bordement sera imm\u00e9diatement judiciaris\u00e9\u00a0\u00bb et que \u00ab\u00a0tout \u00e9l\u00e9ment susceptible de constituer un trouble \u00e0 l\u2019ordre public (&#8230;) donnera lieu \u00e0 une interdiction de leur concert\u00a0\u00bb \u00e0 Rock en Seine. \u00ab\u00a0Soyez assur\u00e9e de ma plus grande vigilance sur ce sujet\u00a0\u00bb, glisse-t-il en guise de conclusion.<\/p>\n<p>                     \u00ab\u00a0Honteux\u00a0\u00bb et \u00ab\u00a0lamentable\u00a0\u00bb    <\/p>\n<p class=\"asset asset-text\">Ces proc\u00e9dures contre le trio musical sont devenues monnaies courantes ces derniers mois puisque Kneecap n\u2019a jamais cach\u00e9 ses engagements politiques. Toutefois, le message de Caroline Yadan sur les r\u00e9seaux sociaux a entra\u00een\u00e9 une r\u00e9ponse piquante de la part de <a href=\"https:\/\/www.huffingtonpost.fr\/economie\/article\/matthieu-pigasse-quitte-la-banque-lazard_153242.html\" target=\"_blank\" rel=\"noopener\">l\u2019homme d\u2019affaires Matthieu Pigasse<\/a>, qui se trouve \u00eatre le <a href=\"https:\/\/www.huffingtonpost.fr\/culture\/article\/l-homme-d-affaires-matthieu-pigasse-s-offre-rock-en-seine_97288.html\" target=\"_blank\" rel=\"noopener\">propri\u00e9taire du festival Rock en Seine<\/a>.<\/p>\n<p class=\"asset asset-text\">Dans un message sur X samedi 16\u00a0ao\u00fbt, il s\u2019en prend directement \u00e0 l\u2019\u00e9lue, dont il juge le message \u00ab\u00a0ridicule, mensonger, et indigne\u00a0\u00bb. Notamment \u00e0 cause des deux hashtags qui accompagnent son message (\u00ab\u00a0#antis\u00e9mitisme #islamisme\u00a0\u00bb). \u00ab\u00a0Assimiler antis\u00e9mitisme et Islam comme vous le faites est honteux. Pr\u00e9tendre que soutenir la cause palestinienne serait un trouble \u00e0 l\u2019ordre public est lamentable\u00a0\u00bb, lance ainsi l\u2019entrepreneur fran\u00e7ais.<\/p>\n<p> La lecture de ce contenu est susceptible d\u2019entra\u00eener un d\u00e9p\u00f4t de cookies de la part de l\u2019op\u00e9rateur tiers qui l\u2019h\u00e9berge. Compte-tenu des choix que vous avez exprim\u00e9s en mati\u00e8re de d\u00e9p\u00f4t de cookies, nous avons bloqu\u00e9 l\u2019affichage de ce contenu. Si vous souhaitez y acc\u00e9der, vous devez accepter la cat\u00e9gorie de cookies \u201cContenus tiers\u201d en cliquant sur le bouton ci-dessous. <\/p>\n<p> Lire la Vid\u00e9o        <\/p>\n<p class=\"asset asset-text\">Remont\u00e9, il conseille plut\u00f4t \u00e0 la d\u00e9put\u00e9e macroniste de se \u00ab\u00a0pr\u00e9occuper du sort des Palestiniens dans le g\u00e9nocide en cours, qui provoque un \u201cdrame humanitaire inacceptable\u201d <a href=\"https:\/\/www.huffingtonpost.fr\/politique\/article\/sur-tf1-emmanuel-macron-denonce-la-situation-dans-la-bande-de-gaza-ce-qui-est-fait-c-est-une-honte_249981.html\" target=\"_blank\" rel=\"noopener\">comme le dit lui-m\u00eame le leader de votre majorit\u00e9<\/a>\u00a0\u00bb.<\/p>\n<p class=\"asset asset-text\">Matthieu Pigasse termine en pr\u00e9cisant la nature exacte des engagements pris par Kneecap avant son concert au domaine national de Saint-Cloud dimanche prochain\u00a0: \u00ab\u00a0Le seul engagement pris par le groupe Kneecap aupr\u00e8s du seul festival, comme par tous les artistes, est d\u2019en respecter les valeurs, que vous ne partagez manifestement pas\u00a0\u00bb.<\/p>\n","protected":false},"excerpt":{"rendered":"OLI SCARFF \/ AFP De gauche \u00e0 droite, les trois membres du groupe Kneecap, connu pour son soutien&hellip;\n","protected":false},"author":2,"featured_media":325016,"comment_status":"","ping_status":"","sticky":false,"template":"","format":"standard","meta":{"footnotes":""},"categories":[8],"tags":[1013,3259,251,58,59,22162,1011,27,873,316,36376],"class_list":{"0":"post-325015","1":"post","2":"type-post","3":"status-publish","4":"format-standard","5":"has-post-thumbnail","7":"category-divertissement","8":"tag-bruno-retailleau","9":"tag-conflit-israelo-palestinien","10":"tag-culture","11":"tag-divertissement","12":"tag-entertainment","13":"tag-festival-de-musique","14":"tag-fr","15":"tag-france","16":"tag-musique","17":"tag-politique","18":"tag-rock-en-seine"},"share_on_mastodon":{"url":"https:\/\/pubeurope.com\/@fr\/115044573927060151","error":""},"_links":{"self":[{"href":"https:\/\/www.europesays.com\/fr\/wp-json\/wp\/v2\/posts\/325015","targetHints":{"allow":["GET"]}}],"collection":[{"href":"https:\/\/www.europesays.com\/fr\/wp-json\/wp\/v2\/posts"}],"about":[{"href":"https:\/\/www.europesays.com\/fr\/wp-json\/wp\/v2\/types\/post"}],"author":[{"embeddable":true,"href":"https:\/\/www.europesays.com\/fr\/wp-json\/wp\/v2\/users\/2"}],"replies":[{"embeddable":true,"href":"https:\/\/www.europesays.com\/fr\/wp-json\/wp\/v2\/comments?post=325015"}],"version-history":[{"count":0,"href":"https:\/\/www.europesays.com\/fr\/wp-json\/wp\/v2\/posts\/325015\/revisions"}],"wp:featuredmedia":[{"embeddable":true,"href":"https:\/\/www.europesays.com\/fr\/wp-json\/wp\/v2\/media\/325016"}],"wp:attachment":[{"href":"https:\/\/www.europesays.com\/fr\/wp-json\/wp\/v2\/media?parent=325015"}],"wp:term":[{"taxonomy":"category","embeddable":true,"href":"https:\/\/www.europesays.com\/fr\/wp-json\/wp\/v2\/categories?post=325015"},{"taxonomy":"post_tag","embeddable":true,"href":"https:\/\/www.europesays.com\/fr\/wp-json\/wp\/v2\/tags?post=325015"}],"curies":[{"name":"wp","href":"https:\/\/api.w.org\/{rel}","templated":true}]}}