{"id":325019,"date":"2025-08-17T14:28:14","date_gmt":"2025-08-17T14:28:14","guid":{"rendered":"https:\/\/www.europesays.com\/fr\/325019\/"},"modified":"2025-08-17T14:28:14","modified_gmt":"2025-08-17T14:28:14","slug":"2000-voisins-dun-quartier-du-14e-vont-acheter-une-maison-ensemble","status":"publish","type":"post","link":"https:\/\/www.europesays.com\/fr\/325019\/","title":{"rendered":"2000 voisins d\u2019un quartier du 14e vont acheter une maison ensemble\u00a0!"},"content":{"rendered":"<p>En <strong>2017, Patrick,<\/strong> habitant du quartier situ\u00e9 <strong>entre le <a href=\"https:\/\/www.lebonbon.fr\/paris\/loisirs\/cours-sport-collectifs-gratuits-plus-beaux-parcs-paris-cet-ete\/\" rel=\"nofollow noopener\" target=\"_blank\">parc<\/a> <a href=\"https:\/\/www.lebonbon.fr\/paris\/loisirs\/cours-sport-collectifs-gratuits-plus-beaux-parcs-paris-cet-ete\/\" rel=\"nofollow noopener\" target=\"_blank\">Montsouris<\/a> et Al\u00e9sia<\/strong>, constate que si ses voisins se croisent tous les jours, se saluent d\u2019un geste de la t\u00eate, et<strong> fr\u00e9quentent les m\u00eames commerces, <\/strong>ils restent entre eux des inconnus. Ni une ni deux, il d\u00e9cide de <strong>r\u00e9unir chaque samedi<\/strong> les riverains int\u00e9ress\u00e9s pour <strong>des activit\u00e9s de quartier<\/strong>. Il n\u2019en fallait pas plus pour que le feu prenne, et <strong>l&rsquo;association Hyper Voisins <\/strong>s\u2019\u00e9tire aujourd\u2019hui sur <strong>un p\u00e9rim\u00e8tre de 53 rues, 70 hectares et 15 000 \u00e2mes <\/strong>(dont environs 2 000 actives au sein de l&rsquo;asso). Et elle s\u2019appr\u00eate \u00e0 <strong>passer un nouveau cap<\/strong>, en achetant une maison commune.<\/p>\n<p>&#13;<br \/>\n<br \/>Des activit\u00e9s en tout genre&#13;<\/p>\n<p>Depuis sa cr\u00e9ation, la <a href=\"https:\/\/www.lebonbon.fr\/paris\/societe\/asso-quartier-hyper-voisins\/\" rel=\"nofollow noopener\" target=\"_blank\"><strong>R\u00e9publique des Hypers Voisins<\/strong><\/a> n\u2019a de cesse de <strong>redoubler d\u2019inventivit\u00e9 <\/strong>pour<strong> cr\u00e9er du lien social,<\/strong> favoriser le partage et la <strong>convivialit\u00e9.<\/strong> Au programme\u00a0: des <strong>ap\u00e9ros,<\/strong> des <strong>\u00e9v\u00e9nements culturels,<\/strong> et bien s\u00fbr la c\u00e9l\u00e8bre<a href=\"https:\/\/www.lebonbon.fr\/paris\/news\/plus-longue-table-paris\/\" rel=\"nofollow noopener\" target=\"_blank\"><strong> table d\u2019Aude <\/strong><\/a>qui, chaque ann\u00e9e, <strong>regroupe plus de 1000 personnes <\/strong>autour d\u2019une m\u00eame table. Un d\u00eener d\u2019exception au cours duquel <strong>chacun apporte quelque chose \u00e0 manger<\/strong>, pour le partager avec ses voisins.<\/p>\n<p>&#13;<\/p>\n<blockquote class=\"instagram-media\" data-instgrm-permalink=\"https:\/\/www.instagram.com\/p\/Cx5CuHlgX2j\/?utm_source=ig_embed&amp;utm_campaign=loading\" data-instgrm-version=\"14\" style=\"background: #FFF; border: 0; border-radius: 3px; box-shadow: 0 0 1px 0 rgba(0,0,0,0.5),0 1px 10px 0 rgba(0,0,0,0.15); margin: 1px; max-width: 540px; min-width: 326px; padding: 0; width: calc(100% - 2px);\"><p>&#13;<br \/>\n&#13;\n<\/p><\/blockquote>\n<p>&#13;<br \/>\n&#13;<\/p>\n<p>Pourtant, ce projet repr\u00e9sente tout de m\u00eame<strong> un nouveau cap pour l&rsquo;association<\/strong>, et pas des moindres. Acqu\u00e9rir <strong>un lieu partag\u00e9,<\/strong> pour offrir<strong> un point de rendez-vous et de service <\/strong>sacr\u00e9 pour les voisins\u00a0: <strong>cours de tricot, salle des f\u00eates, aide aux devoirs, <a href=\"https:\/\/www.lebonbon.fr\/paris\/les-tops-insolite\/cours-de-cuisine-paris-a-vous-les-fourneaux\/\" rel=\"nofollow noopener\" target=\"_blank\">cours de cuisine<\/a><\/strong>, et m\u00eame <strong>r\u00e9ception de colis<\/strong>\u00a0! Et l\u2019opportunit\u00e9 s\u2019est pr\u00e9sent\u00e9e avec la <strong>mise en vente d\u2019une ancienne imprimerie<\/strong>, situ\u00e9e r<strong>ue de l\u2019Aude.<\/strong><\/p>\n<p>&#13;<br \/>\n<br \/>Un syst\u00e8me de financement participatif&#13;<\/p>\n<p>Mais alors comment<strong> financer un tel projet<\/strong>\u00a0? Pour r\u00e9gler les <strong>600 000 euros<\/strong> de la vente, Hyper Voisins propose un concert novateur\u00a0: <strong>600 lots, appel\u00e9s des \u00ab\u00a0briques\u00a0\u00bb<\/strong>, d\u2019une valeur de <strong>1 000\u20ac chacune,<\/strong> que les habitants du quartier peuvent acheter pour<strong> participer au projet<\/strong>. Et d\u00e9but ao\u00fbt, <strong>58% d\u2019entre elles<\/strong> avaient d\u00e9j\u00e0 \u00e9t\u00e9 <strong>acquises<\/strong> par des <strong>voisins plus qu\u2019enthousiasm\u00e9s<\/strong> par le projet. D\u2019autres ont d\u00e9j\u00e0 promis d\u2019en acheter une d\u00e8s le retour de <strong><a href=\"https:\/\/www.lebonbon.fr\/paris\/les-tops-spots\/50-lieux-vacances-paris\/\" rel=\"nofollow noopener\" target=\"_blank\">vacances<\/a>.<\/strong><\/p>\n<p>&#13;<\/p>\n<blockquote class=\"instagram-media\" data-instgrm-permalink=\"https:\/\/www.instagram.com\/p\/DDSXTH8Aebn\/?utm_source=ig_embed&amp;utm_campaign=loading\" data-instgrm-version=\"14\" style=\"background: #FFF; border: 0; border-radius: 3px; box-shadow: 0 0 1px 0 rgba(0,0,0,0.5),0 1px 10px 0 rgba(0,0,0,0.15); margin: 1px; max-width: 540px; min-width: 326px; padding: 0; width: calc(100% - 2px);\"><p>&#13;<br \/>\n&#13;\n<\/p><\/blockquote>\n<p>&#13;<br \/>\n&#13;<\/p>\n<p>Pour<strong> favoriser l\u2019avanc\u00e9e du projet <\/strong>\u2014 en bonne voie, puisqu\u2019une <strong>promesse de vente<\/strong> a \u00e9t\u00e9 sign\u00e9e \u2014, le <strong>Cr\u00e9dit mutuel<\/strong> du quartier a m\u00eame mis en place <strong>un pr\u00eat sp\u00e9cial de 1 000\u20ac<\/strong> \u00e0 rembourser sur 5 ans, dont les <strong>mensualit\u00e9s<\/strong> sont \u00ab\u00a0\u00e0 peine sup\u00e9rieures<strong> \u00e0 un <a href=\"https:\/\/www.lebonbon.fr\/paris\/societe\/750-euros-amendes-jet-megot-rue-paris\/\" rel=\"nofollow noopener\" target=\"_blank\">paquet<\/a> <a href=\"https:\/\/www.lebonbon.fr\/paris\/societe\/750-euros-amendes-jet-megot-rue-paris\/\" rel=\"nofollow noopener\" target=\"_blank\">de<\/a> <a href=\"https:\/\/www.lebonbon.fr\/paris\/societe\/750-euros-amendes-jet-megot-rue-paris\/\" rel=\"nofollow noopener\" target=\"_blank\">cigarettes<\/a><\/strong> \u00bb, se r\u00e9jouit <strong>Patrick Bernard,<\/strong> pr\u00e9sident de l\u2019association. Un tr\u00e8s beau projet, m\u00eame si on appr\u00e9hende un peu <strong>les r\u00e9unions de copropri\u00e9t\u00e9 <\/strong>\u00e0 plusieurs centaines\u2026<\/p>\n<p><script async src=\"\/\/www.instagram.com\/embed.js\"><\/script><\/p>\n","protected":false},"excerpt":{"rendered":"En 2017, Patrick, habitant du quartier situ\u00e9 entre le parc Montsouris et Al\u00e9sia, constate que si ses voisins&hellip;\n","protected":false},"author":2,"featured_media":325020,"comment_status":"","ping_status":"","sticky":false,"template":"","format":"standard","meta":{"footnotes":""},"categories":[6],"tags":[35,33,34,1011,27],"class_list":{"0":"post-325019","1":"post","2":"type-post","3":"status-publish","4":"format-standard","5":"has-post-thumbnail","7":"category-economie","8":"tag-business","9":"tag-economie","10":"tag-economy","11":"tag-fr","12":"tag-france"},"share_on_mastodon":{"url":"https:\/\/pubeurope.com\/@fr\/115044581632176198","error":""},"_links":{"self":[{"href":"https:\/\/www.europesays.com\/fr\/wp-json\/wp\/v2\/posts\/325019","targetHints":{"allow":["GET"]}}],"collection":[{"href":"https:\/\/www.europesays.com\/fr\/wp-json\/wp\/v2\/posts"}],"about":[{"href":"https:\/\/www.europesays.com\/fr\/wp-json\/wp\/v2\/types\/post"}],"author":[{"embeddable":true,"href":"https:\/\/www.europesays.com\/fr\/wp-json\/wp\/v2\/users\/2"}],"replies":[{"embeddable":true,"href":"https:\/\/www.europesays.com\/fr\/wp-json\/wp\/v2\/comments?post=325019"}],"version-history":[{"count":0,"href":"https:\/\/www.europesays.com\/fr\/wp-json\/wp\/v2\/posts\/325019\/revisions"}],"wp:featuredmedia":[{"embeddable":true,"href":"https:\/\/www.europesays.com\/fr\/wp-json\/wp\/v2\/media\/325020"}],"wp:attachment":[{"href":"https:\/\/www.europesays.com\/fr\/wp-json\/wp\/v2\/media?parent=325019"}],"wp:term":[{"taxonomy":"category","embeddable":true,"href":"https:\/\/www.europesays.com\/fr\/wp-json\/wp\/v2\/categories?post=325019"},{"taxonomy":"post_tag","embeddable":true,"href":"https:\/\/www.europesays.com\/fr\/wp-json\/wp\/v2\/tags?post=325019"}],"curies":[{"name":"wp","href":"https:\/\/api.w.org\/{rel}","templated":true}]}}