{"id":325021,"date":"2025-08-17T14:29:09","date_gmt":"2025-08-17T14:29:09","guid":{"rendered":"https:\/\/www.europesays.com\/fr\/325021\/"},"modified":"2025-08-17T14:29:09","modified_gmt":"2025-08-17T14:29:09","slug":"direct-guerre-en-ukraine-impossible-de-donner-des-territoires-a-bruxelles-zelensky-trace-ses-lignes-rouges-face-aux-exigences-russes-sud-ouest","status":"publish","type":"post","link":"https:\/\/www.europesays.com\/fr\/325021\/","title":{"rendered":"DIRECT- Guerre en Ukraine. \u00ab Impossible de donner des territoires \u00bb : \u00e0 Bruxelles, Zelensky trace ses lignes rouges face aux exigences russes &#8211; Sud Ouest"},"content":{"rendered":"<ol>\n<li><a href=\"https:\/\/news.google.com\/rss\/articles\/CBMilwJBVV95cUxOOENnNWJway1xTVFsVDByR2wwUjlma3h6amxpUURzWkZzZ0IxaHd5ZWtDbU5xdlYtZE03UlVLZHN4SllFRlZVSmpIMEZzTXNxN3VLRkxpQjQ2cl9tdnpPR1B6RDFWNnlXSU8zSTVxZFlYRWlGMU1QYW80NkFJZFM4dV9WR1lKTHFCQzEyMWhKR2F0eXp0UDFWSmxSNjIycGhYX0xSZXJsdW9vVlZWUmx3R0d6bzdRdlZyZDk5b3BwcmVlOXhTcWNrVlI5a3VBU1l6eDVQWTc0Z0VxTEZWQWJGZFVCMHdZQkNNTHlRNVhLUlZxYUZodmZHUXJrMGNLeXRpcHAxdHN2OUtkOHFQQ3p4dVJaTWVGQWM?oc=5\" target=\"_blank\" rel=\"nofollow noopener\">DIRECT- Guerre en Ukraine. \u00ab Impossible de donner des territoires \u00bb : \u00e0 Bruxelles, Zelensky trace ses lignes rouges face aux exigences russes<\/a>&nbsp;&nbsp;Sud Ouest<\/li>\n<li><a href=\"https:\/\/news.google.com\/rss\/articles\/CBMi_wFBVV95cUxQcWRraUFtMDRVVkY5T0JvZWhaUDk4TVgxWWxKMEFTWDl5c2xPTkNrVGdEVTA1YjZMZUg0OUJ0V1hJZzdTYnBMMzdTdmVpVl9WbTRieC1TUFNSNk1DbExrNzlINVB1WE9iNGcwRmNvSkFOZTlLaldhR3J5cFJ1SlUwai1mc1VpdTBfenRRd2FkNjViSTZjbHVUVHhLS3JrNmNMRGtBaXJ5Sll5empaS0hET0hVR1VGdHJLejExbDNPVlN6NEdFNnBhT0FDSGtzVUY0NTdPamM4UE5WeEk0bXhyU1AwemRSUHlqa3p1STVxSHRCbmpUWTZ3WUViZzJWSkk?oc=5\" target=\"_blank\" rel=\"nofollow noopener\">EN DIRECT &#8211; Guerre en Ukraine : avant de rencontrer Trump \u00e0 Washington, Zelensky est arriv\u00e9 \u00e0 Bruxelles<\/a>&nbsp;&nbsp;Le Figaro<\/li>\n<li><a href=\"https:\/\/news.google.com\/rss\/articles\/CBMi0gJBVV95cUxPM1hYTVo2Si16X2dqQ2QxVlJvUy0zVnM3LWJnU3BXY2ltMFotODZVOW1VZHc1dkNlN09IYmRETWlrTlQxLUQtaXFrd2RPaFNUeUdNQUZzbVZ1U3ZJTkxER2tMd3EzcDlnUzJ6TWR1OW8tNDkxQUF1ZW9XY3I5M3IwM1BUNnlRNFVXcWxGNDZhZ3BzcTdyUmZUNk9jRm5WdnVmcERZRlFRYkVEaEdxY084S21NaGN3QUlEakFRdWV4aUMxTDdEU0l5N2tjSnpsLXF4dG5YQTV4VXdfLVN5VXVzRWZGVmppNUpyaVBEcmMyV0V5OEdPS2dRbDUzVjVrWEVXYUFzTlJXN3hIYVRXTlBHeDN2ekJScl8tWGxIRVI0N3k5UHpKUVVtTlBGTGJ3UkRvNWszaUhnZkxSVmxnWHh3RlZHSzJhaEVDT3dnU1hZTkEwZw?oc=5\" target=\"_blank\" rel=\"nofollow noopener\">VIDEO. Guerre en Ukraine : \u00ab\u00a0Les fronti\u00e8res internationales ne peuvent \u00eatre modifi\u00e9es par la force\u00a0\u00bb, d\u00e9clare Ursula von der Leyen aux c\u00f4t\u00e9s de Volodymyr Zelensky<\/a>&nbsp;&nbsp;France Info<\/li>\n<li><a href=\"https:\/\/news.google.com\/rss\/articles\/CBMisgJBVV95cUxQOVVKX2U3dHYtcjhDTjRUSkdwczdQTGtILS1PcEd0ZzFHOThWMFBNX0VwWDZtTjB3QTdLYzR1all4bDlTUnltY0ZNVTJua0YycE9BUWo4VHl1aTIta1FGeDVRTmNSS05yRDBicXp1YmoxWnhfbFF2dVNUQllUMUVPc1BaNW4yX19FTzRsazNKRFk0QjF5M3pnR0Y2SFVyMndIRnhMVTg2eFNyZm9OR1ZfNC0tbkJlV2pxdDhwQ3ZjSVdiMFByNktKSzBhNVRBLWlCa204eWFFOWhCYWpXMUVHQ0k4dFlsSVpPdHItYlBrX2VQVnhkclhQeVJWa3V4YUdRMEZqVGdySnY1M0hmUHR3MHc1Y21yTmFtN2FhbGZYSmh3bHA0M3F4djFuRnhFZzE4NlE?oc=5\" target=\"_blank\" rel=\"nofollow noopener\">DIRECT. Guerre en Ukraine: la r\u00e9union de la \u00ab\u00a0coalition des volontaires\u00a0\u00bb, entre Zelensky et ses alli\u00e9s, a d\u00e9but\u00e9<\/a>&nbsp;&nbsp;BFMTV<\/li>\n<li><a href=\"https:\/\/news.google.com\/rss\/articles\/CBMi4AFBVV95cUxNcUUtbVVkZTlBSkNldzE1T1Q4RXhCUWdOYUY4Y2M3OC1RdzQxS1FxdmVsU2VRVU9xdHJWQ1k3cktJX0pjV3pvLVhScWVqeEYxSmZwcUM1UEVzTnE2elNEb1FaRmpHT09LSnB0bDhlMU5pN1p2LUQ3dUIwWmpnc095U2RMaHVGMHA1bU45VURnbVAzbGNSQnFwYTJ1S3NiTS1MbU15eUJ2YklxWXV0OXNJaEpMelZXU2dvS01uYW9YcUxGZ2hjWFgzYVQ1dFR5RUdFV25NbXhWUE0wRy1DbFhfTQ?oc=5\" target=\"_blank\" rel=\"nofollow noopener\">En direct : Von der Leyen esp\u00e8re un sommet tripartite \u00ab\u00a0aussi rapidement que possible\u00a0\u00bb<\/a>&nbsp;&nbsp;France 24<\/li>\n<\/ol>\n","protected":false},"excerpt":{"rendered":"DIRECT- Guerre en Ukraine. \u00ab Impossible de donner des territoires \u00bb : \u00e0 Bruxelles, Zelensky trace ses lignes&hellip;\n","protected":false},"author":2,"featured_media":325022,"comment_status":"","ping_status":"","sticky":false,"template":"","format":"standard","meta":{"footnotes":""},"categories":[5],"tags":[11,1011,27,14,12,28],"class_list":{"0":"post-325021","1":"post","2":"type-post","3":"status-publish","4":"format-standard","5":"has-post-thumbnail","7":"category-international","8":"tag-actualites","9":"tag-fr","10":"tag-france","11":"tag-international","12":"tag-news","13":"tag-world"},"share_on_mastodon":{"url":"https:\/\/pubeurope.com\/@fr\/115044585604321690","error":""},"_links":{"self":[{"href":"https:\/\/www.europesays.com\/fr\/wp-json\/wp\/v2\/posts\/325021","targetHints":{"allow":["GET"]}}],"collection":[{"href":"https:\/\/www.europesays.com\/fr\/wp-json\/wp\/v2\/posts"}],"about":[{"href":"https:\/\/www.europesays.com\/fr\/wp-json\/wp\/v2\/types\/post"}],"author":[{"embeddable":true,"href":"https:\/\/www.europesays.com\/fr\/wp-json\/wp\/v2\/users\/2"}],"replies":[{"embeddable":true,"href":"https:\/\/www.europesays.com\/fr\/wp-json\/wp\/v2\/comments?post=325021"}],"version-history":[{"count":0,"href":"https:\/\/www.europesays.com\/fr\/wp-json\/wp\/v2\/posts\/325021\/revisions"}],"wp:featuredmedia":[{"embeddable":true,"href":"https:\/\/www.europesays.com\/fr\/wp-json\/wp\/v2\/media\/325022"}],"wp:attachment":[{"href":"https:\/\/www.europesays.com\/fr\/wp-json\/wp\/v2\/media?parent=325021"}],"wp:term":[{"taxonomy":"category","embeddable":true,"href":"https:\/\/www.europesays.com\/fr\/wp-json\/wp\/v2\/categories?post=325021"},{"taxonomy":"post_tag","embeddable":true,"href":"https:\/\/www.europesays.com\/fr\/wp-json\/wp\/v2\/tags?post=325021"}],"curies":[{"name":"wp","href":"https:\/\/api.w.org\/{rel}","templated":true}]}}