{"id":325027,"date":"2025-08-17T14:32:11","date_gmt":"2025-08-17T14:32:11","guid":{"rendered":"https:\/\/www.europesays.com\/fr\/325027\/"},"modified":"2025-08-17T14:32:11","modified_gmt":"2025-08-17T14:32:11","slug":"loire-travaux-sur-la72-voies-reduites-sur-la47-le-point-sur-les-chantiers-de-la-semaine","status":"publish","type":"post","link":"https:\/\/www.europesays.com\/fr\/325027\/","title":{"rendered":"Loire. Travaux sur l&rsquo;A72, voies r\u00e9duites sur l&rsquo;A47&#8230; Le point sur les chantiers de la semaine"},"content":{"rendered":"<p>  Sur l&rsquo;A47 \u00e0 Saint-Chamond : \u00e9largissement de la bande d\u2019arr\u00eat d\u2019urgence<\/p>\n<p>Dans le sens Saint-\u00c9tienne\/Lyon, la circulation se fait sur des voies de largeurs r\u00e9duites jusqu\u2019au 11 septembre. Par ailleurs, la vitesse est r\u00e9duite \u00e0 70 km\/h avec interdiction de d\u00e9passement pour les v\u00e9hicules de plus de 3,5 tonnes.<\/p>\n<p>Sur l&rsquo;A47 \u00e0 Lorette\u00a0: r\u00e9paration d\u2019un mur de sout\u00e8nement<\/p>\n<p>La circulation en sens Saint-\u00c9tienne\/Lyon s\u2019effectue sur des voies de largeur r\u00e9duite de mani\u00e8re permanente jusqu\u2019au 26 septembre. La vitesse est limit\u00e9e \u00e0 70 km\/h avec interdiction de d\u00e9passement pour les v\u00e9hicules de plus de 3,5 tonnes.<\/p>\n<p>Sur la RN88 \u00e0 Saint-\u00c9tienne : travaux d\u2019am\u00e9nagement<\/p>\n<p>Dans le sens Firminy\/Saint-\u00c9tienne, la bretelle de sortie n\u00b024 \u00ab Annonay &#8211; Col de la R\u00e9publique &#8211; Bourg-Argental \u00bb est ferm\u00e9e \u00e0 la circulation de mani\u00e8re permanente jusqu\u2019au 10 octobre.<\/p>\n<p>Sur la RN88 \u00e0 Saint-Chamond\/La Varizelle : cr\u00e9ation d\u2019un demi \u00e9changeur<\/p>\n<p>Jusqu\u2019au 3 septembre :<\/p>\n<p>&#8211; La voie de gauche du sens Lyon\/Saint-\u00c9tienne est neutralis\u00e9e et la circulation sur les deux voies restantes s\u2019effectue sur des voies de largeur r\u00e9duite. La vitesse est limit\u00e9e \u00e0 70 km\/h avec interdiction de d\u00e9passement pour les v\u00e9hicules de plus de 3,5 tonnes.<\/p>\n<p>&#8211; La voie de gauche du sens Saint-\u00c9tienne\/Lyon est neutralis\u00e9e et la circulation sur les deux voies restantes s\u2019effectue sur des voies de largeur r\u00e9duite. La vitesse est limit\u00e9e \u00e0 70 km\/h avec interdiction de d\u00e9passement pour les v\u00e9hicules de plus de 3,5 tonnes.<\/p>\n<p>Sur l&rsquo;A72 \u00e0 Andr\u00e9zieux-Bouth\u00e9on : am\u00e9nagement de l\u2019\u00e9changeur n\u00b09 de la Gouyonni\u00e8re<\/p>\n<p>Dans le sens Saint-\u00c9tienne\/Clermont-Ferrand :<\/p>\n<p>&#8211; La bretelle d\u2019entr\u00e9e de l\u2019\u00e9changeur n\u00b09 en direction de Clermont-Ferrand est ferm\u00e9e de mani\u00e8re permanente jusqu\u2019au 29 ao\u00fbt. Une d\u00e9viation est mise en place via la RD1082 afin de reprendre l\u2019A72 en direction de Clermont-Ferrand par la bretelle d\u2019entr\u00e9e de l\u2019\u00e9changeur n\u00b08.<\/p>\n<p>&#8211; La bretelle de sortie 9b (vers Montbrison\/Saint-Just-Saint-Rambert) est ferm\u00e9e \u00e0 la circulation de mani\u00e8re permanente jusqu\u2019au 29 ao\u00fbt. Une d\u00e9viation \u00e0 l&rsquo;attention des usagers est mise en place selon l&rsquo;itin\u00e9raire suivant : bretelle de sortie 9a, RD100, \u00e9changeur de l\u2019Envol, retour sur RD100, giratoire de la Gouyonni\u00e8re.<\/p>\n<p>Par ailleurs, dans le sens Saint-\u00c9tienne\/Andr\u00e9zieux, la voie de droite sera neutralis\u00e9e, et la bretelle de sortie n\u00b09a sera ferm\u00e9e \u00e0 la circulation les nuits du mercredi 20 et du jeudi 21 ao\u00fbt de 21 heures \u00e0 6 heures. Une d\u00e9viation \u00e0 l&rsquo;attention des usagers est mise en place via l\u2019\u00e9changeur n\u00b08a.<\/p>\n<p>Sur la RN488 \u00e0 Saint-\u00c9tienne : affaissement de chauss\u00e9e<\/p>\n<p>Dans le sens Saint-Chamond\/Saint-\u00c9tienne, la voie de droite est neutralis\u00e9e de mani\u00e8re permanente jusqu\u2019au 30 septembre. Par ailleurs, la vitesse est r\u00e9duite \u00e0 50 km\/h. De plus, la RN488 sera ferm\u00e9e \u00e0 la circulation le lundi 18 ao\u00fbt de 21 heures \u00e0 6 heures et le jeudi 21 ao\u00fbt de 21 heures \u00e0 6 heures. Une d\u00e9viation sera mise en place via N88.<\/p>\n","protected":false},"excerpt":{"rendered":"Sur l&rsquo;A47 \u00e0 Saint-Chamond : \u00e9largissement de la bande d\u2019arr\u00eat d\u2019urgence Dans le sens Saint-\u00c9tienne\/Lyon, la circulation se&hellip;\n","protected":false},"author":2,"featured_media":325028,"comment_status":"","ping_status":"","sticky":false,"template":"","format":"standard","meta":{"footnotes":""},"categories":[9653],"tags":[1111,11,2430,3542,7539,1777,674,107,1011,27,3367,12,25,4001,2803,800],"class_list":{"0":"post-325027","1":"post","2":"type-post","3":"status-publish","4":"format-standard","5":"has-post-thumbnail","7":"category-saint-etienne","8":"tag-actu","9":"tag-actualites","10":"tag-auvergne-rhone-alpes","11":"tag-circulation","12":"tag-edition-loire-sud","13":"tag-eu","14":"tag-europe","15":"tag-fil-info","16":"tag-fr","17":"tag-france","18":"tag-loire","19":"tag-news","20":"tag-republique-francaise","21":"tag-saint-etienne","22":"tag-transport","23":"tag-transports"},"share_on_mastodon":{"url":"https:\/\/pubeurope.com\/@fr\/115044597400986056","error":""},"_links":{"self":[{"href":"https:\/\/www.europesays.com\/fr\/wp-json\/wp\/v2\/posts\/325027","targetHints":{"allow":["GET"]}}],"collection":[{"href":"https:\/\/www.europesays.com\/fr\/wp-json\/wp\/v2\/posts"}],"about":[{"href":"https:\/\/www.europesays.com\/fr\/wp-json\/wp\/v2\/types\/post"}],"author":[{"embeddable":true,"href":"https:\/\/www.europesays.com\/fr\/wp-json\/wp\/v2\/users\/2"}],"replies":[{"embeddable":true,"href":"https:\/\/www.europesays.com\/fr\/wp-json\/wp\/v2\/comments?post=325027"}],"version-history":[{"count":0,"href":"https:\/\/www.europesays.com\/fr\/wp-json\/wp\/v2\/posts\/325027\/revisions"}],"wp:featuredmedia":[{"embeddable":true,"href":"https:\/\/www.europesays.com\/fr\/wp-json\/wp\/v2\/media\/325028"}],"wp:attachment":[{"href":"https:\/\/www.europesays.com\/fr\/wp-json\/wp\/v2\/media?parent=325027"}],"wp:term":[{"taxonomy":"category","embeddable":true,"href":"https:\/\/www.europesays.com\/fr\/wp-json\/wp\/v2\/categories?post=325027"},{"taxonomy":"post_tag","embeddable":true,"href":"https:\/\/www.europesays.com\/fr\/wp-json\/wp\/v2\/tags?post=325027"}],"curies":[{"name":"wp","href":"https:\/\/api.w.org\/{rel}","templated":true}]}}