{"id":325051,"date":"2025-08-17T14:49:14","date_gmt":"2025-08-17T14:49:14","guid":{"rendered":"https:\/\/www.europesays.com\/fr\/325051\/"},"modified":"2025-08-17T14:49:14","modified_gmt":"2025-08-17T14:49:14","slug":"violente-altercation-a-nice-en-lien-avec-des-manifestantes-propalestiniennes","status":"publish","type":"post","link":"https:\/\/www.europesays.com\/fr\/325051\/","title":{"rendered":"violente altercation \u00e0 Nice en lien avec des manifestantes propalestiniennes"},"content":{"rendered":"<p>Des vid\u00e9os qui circulent sur les r\u00e9seaux sociaux montrent des altercations verbales entre des manifestantes propalestiniennes et des clientes install\u00e9es \u00e0 une terrasse.<\/p>\n<p class=\"fig-paragraph\">Des altercations verbales sont survenues dans la rue pi\u00e9tonne et commer\u00e7ante du centre de Nice (Alpes-Maritimes) entre des militantes propalestiniennes et des clientes install\u00e9es \u00e0 une terrasse, puis devant un autre restaurant, comme le montrent des vid\u00e9os partag\u00e9es sur les r\u00e9seaux sociaux.<\/p>\n<p class=\"fig-paragraph\">Ces sc\u00e8nes de tension se sont d\u00e9roul\u00e9es lundi selon le quotidien r\u00e9gional Nice-Matin, en marge d\u2019une manifestation organis\u00e9e sur la place Mass\u00e9na, \u00e0 proximit\u00e9. Les vid\u00e9os ont \u00e9t\u00e9 capt\u00e9es par l\u2019une des participantes \u00e0 ce\u00a0<a href=\"http:\/\/www.lefigaro.fr\/nice\/nice-malgre-l-opposition-d-estrosi-les-manifestations-de-soutien-a-la-palestine-se-multiplient-devant-la-mairie-20240531\" data-fig-type=\"NewsFlash\" data-gtm-custom-categorie=\"navigation\" data-gtm-custom-action=\"crossclick\" data-gtm-custom-label=\"Contextuel\" data-gtm-event=\"customEventSPE\" data-fig-domain=\"LEFIGARO\" target=\"_blank\" rel=\"noopener\">regroupement propalestinien<\/a>, cette fois pour d\u00e9noncer le\u00a0<a href=\"http:\/\/www.lefigaro.fr\/international\/bande-de-gaza-rsf-denonce-l-assassinat-revendique-du-journaliste-tue-par-l-armee-israelienne-20250811\" data-fig-type=\"NewsFlash\" data-gtm-custom-categorie=\"navigation\" data-gtm-custom-action=\"crossclick\" data-gtm-custom-label=\"Contextuel\" data-gtm-event=\"customEventSPE\" data-fig-domain=\"LEFIGARO\" target=\"_blank\" rel=\"noopener\">d\u00e9c\u00e8s d\u2019un journaliste \u00e0 Gaza<\/a>.<\/p>\n<p>                                    <a class=\"fig-a11y-skip a11y-hidden\" href=\"#fig-a11y-skip-main-inarticle\"><br \/>\n        Passer la publicit\u00e9<br \/>\n    <\/a><\/p>\n<p class=\"fig-paragraph\">Dans une premi\u00e8re vid\u00e9o, visionn\u00e9e des centaines de milliers de fois sur X, on peut voir une cliente d\u2019un glacier de la rue pi\u00e9tonne r\u00e9agir aux propos scand\u00e9s par la personne qui filme (\u00abIsra\u00ebl fasciste, Isra\u00ebl terroriste\u00bb). \u00abEn attendant, c\u2019est Isra\u00ebl qui massacre les journalistes\u00bb, lance la vid\u00e9aste militante. \u00abVous voulez qu\u2019on parle du 7-Octobre\u00a0? Regardez les horreurs du 7-Octobre\u00bb, lui r\u00e9torque la femme attabl\u00e9e, avant de l\u2019injurier \u00e0 deux reprises. \u00abMoi je suis chez moi. Vas-y, filme-moi et montre-le \u00e0 Estrosi connasse\u00bb, poursuit-elle, avant de se lever dans l\u2019intention de lui arracher son t\u00e9l\u00e9phone.<\/p>\n<p>\u00abBoycott\u00bb d\u2019un restaurant<\/p>\n<p class=\"fig-paragraph\">Une fois debout, elle se dirige vers une autre militante. \u00abElle m\u2019attrape\u00a0! Elle veut me frapper\u00a0!\u00bb, crie cette derni\u00e8re, sans pour autant que la femme ne la touche selon les images post\u00e9es. \u00abJ\u2019ai film\u00e9\u00bb, r\u00e9pond alors la vid\u00e9aste, qui traite alors la femme de \u00absorci\u00e8re\u00bb.<\/p>\n<p class=\"fig-paragraph\">Dans un autre extrait vid\u00e9o, partag\u00e9 par\u00a0<a href=\"http:\/\/www.lefigaro.fr\/nice\/a-nice-une-militante-propalestinienne-incarceree-apres-une-serie-de-propos-antisemites-20240919\" data-fig-type=\"NewsFlash\" data-gtm-custom-categorie=\"navigation\" data-gtm-custom-action=\"crossclick\" data-gtm-custom-label=\"Contextuel\" data-gtm-event=\"customEventSPE\" data-fig-domain=\"LEFIGARO\" target=\"_blank\" rel=\"noopener\">la militante ni\u00e7oise Amira Zaiter<\/a>\u00a0(qui a \u00e9t\u00e9\u00a0<a href=\"http:\/\/www.lefigaro.fr\/nice\/apologie-du-terrorisme-la-peine-de-prison-d-une-militante-propalestinienne-nicoise-reduite-de-moitie-en-appel-20250630\" data-fig-type=\"NewsFlash\" data-gtm-custom-categorie=\"navigation\" data-gtm-custom-action=\"crossclick\" data-gtm-custom-label=\"Contextuel\" data-gtm-event=\"customEventSPE\" data-fig-domain=\"LEFIGARO\" target=\"_blank\" rel=\"noopener\">condamn\u00e9 pour \u00abapologie du terrorisme\u00bb<\/a>\u00a0en lien avec une s\u00e9rie de tweets antis\u00e9mites), on entend des manifestantes, devant le restaurant Annette, qui appellent \u00e0 son \u00abboycott\u00bb. \u00abC\u2019est vous les terroristes\u00a0! Honte \u00e0 vous\u00a0! Annette, sioniste et fasciste\u00a0!\u00bb, hurle une militante, sans pour autant que l\u2019on puisse confirmer s\u2019il s\u2019agit de la m\u00eame personne. Sur un autre extrait, on aper\u00e7oit des drapeaux palestiniens agit\u00e9s.<\/p>\n<p>\u00abDes sionistes agressent des militants\u00bb<\/p>\n<p class=\"fig-paragraph\">\u00abAucune agression antis\u00e9mite sur la zone pi\u00e9tonne de Nice\u00bb, a \u00e9crit sur X Amira Zaiter, qui reste une figure du mouvement propalestinien ni\u00e7ois. \u00abDes militants avec des drapeaux ont \u00e9t\u00e9 interrompus par des sionistes dont une qui a tent\u00e9 de frapper une militante\u00bb, explique-t-elle de son c\u00f4t\u00e9. Dans un autre message, elle assure encore que \u00abdes sionistes agressent des militants qui soutiennent la Palestine\u00bb.<\/p>\n<p class=\"fig-paragraph\">Selon nos informations, aucune plainte n\u2019a \u00e9t\u00e9 d\u00e9pos\u00e9e \u00e0 ce stade ni aucune enqu\u00eate d\u2019initiative n\u2019a \u00e9t\u00e9 ouverte par le parquet de Nice.<\/p>\n<p>                                    <a class=\"fig-a11y-skip a11y-hidden\" href=\"#fig-a11y-skip-main-inarticle_mtf\"><br \/>\n        Passer la publicit\u00e9<br \/>\n    <\/a><\/p>\n<p class=\"fig-paragraph\">Le 23 juillet dernier,\u00a0<a href=\"http:\/\/www.lefigaro.fr\/nice\/sale-juif-sale-race-deferlement-de-haine-antisemite-en-marge-d-un-rassemblement-propalestinien-a-nice-20250724\" data-fig-type=\"NewsFlash\" data-gtm-custom-categorie=\"navigation\" data-gtm-custom-action=\"crossclick\" data-gtm-custom-label=\"Contextuel\" data-gtm-event=\"customEventSPE\" data-fig-domain=\"LEFIGARO\" target=\"_blank\" rel=\"noopener\">une violente altercation avait d\u00e9j\u00e0 \u00e9clat\u00e9<\/a>\u00a0sur la promenade des Anglais entre des militants propalestiniens et des individus sans doute de confession juive, qui avaient notamment \u00e9t\u00e9 trait\u00e9s de \u00absale race\u00bb en plus de subir des injures homophobes. Une enqu\u00eate avait \u00e9t\u00e9 ouverte pour \u00abinjure publique \u00e0 raison de la religion\u00bb et \u00abprovocation publique \u00e0 la haine ou \u00e0 la violence \u00e0 raison de la religion\u00bb. Un individu\u00a0<a href=\"http:\/\/www.lefigaro.fr\/nice\/sale-juif-sale-race-a-nice-l-auteur-des-injures-antisemites-en-marge-d-un-rassemblement-propalestinien-rattrape-par-la-justice-20250731\" data-fig-type=\"NewsFlash\" data-gtm-custom-categorie=\"navigation\" data-gtm-custom-action=\"crossclick\" data-gtm-custom-label=\"Contextuel\" data-gtm-event=\"customEventSPE\" data-fig-domain=\"LEFIGARO\" target=\"_blank\" rel=\"noopener\">sera jug\u00e9 en novembre prochain<\/a>\u00a0concernant cette affaire.<\/p>\n","protected":false},"excerpt":{"rendered":"Des vid\u00e9os qui circulent sur les r\u00e9seaux sociaux montrent des altercations verbales entre des manifestantes propalestiniennes et des&hellip;\n","protected":false},"author":2,"featured_media":325052,"comment_status":"","ping_status":"","sticky":false,"template":"","format":"standard","meta":{"footnotes":""},"categories":[2819],"tags":[1111,11,3259,1777,674,1011,27,2088,12,2401,3518,882,25],"class_list":{"0":"post-325051","1":"post","2":"type-post","3":"status-publish","4":"format-standard","5":"has-post-thumbnail","7":"category-nice","8":"tag-actu","9":"tag-actualites","10":"tag-conflit-israelo-palestinien","11":"tag-eu","12":"tag-europe","13":"tag-fr","14":"tag-france","15":"tag-manifestation","16":"tag-news","17":"tag-nice","18":"tag-palestine","19":"tag-provence-alpes-cote-dazur","20":"tag-republique-francaise"},"share_on_mastodon":{"url":"https:\/\/pubeurope.com\/@fr\/115044664200182003","error":""},"_links":{"self":[{"href":"https:\/\/www.europesays.com\/fr\/wp-json\/wp\/v2\/posts\/325051","targetHints":{"allow":["GET"]}}],"collection":[{"href":"https:\/\/www.europesays.com\/fr\/wp-json\/wp\/v2\/posts"}],"about":[{"href":"https:\/\/www.europesays.com\/fr\/wp-json\/wp\/v2\/types\/post"}],"author":[{"embeddable":true,"href":"https:\/\/www.europesays.com\/fr\/wp-json\/wp\/v2\/users\/2"}],"replies":[{"embeddable":true,"href":"https:\/\/www.europesays.com\/fr\/wp-json\/wp\/v2\/comments?post=325051"}],"version-history":[{"count":0,"href":"https:\/\/www.europesays.com\/fr\/wp-json\/wp\/v2\/posts\/325051\/revisions"}],"wp:featuredmedia":[{"embeddable":true,"href":"https:\/\/www.europesays.com\/fr\/wp-json\/wp\/v2\/media\/325052"}],"wp:attachment":[{"href":"https:\/\/www.europesays.com\/fr\/wp-json\/wp\/v2\/media?parent=325051"}],"wp:term":[{"taxonomy":"category","embeddable":true,"href":"https:\/\/www.europesays.com\/fr\/wp-json\/wp\/v2\/categories?post=325051"},{"taxonomy":"post_tag","embeddable":true,"href":"https:\/\/www.europesays.com\/fr\/wp-json\/wp\/v2\/tags?post=325051"}],"curies":[{"name":"wp","href":"https:\/\/api.w.org\/{rel}","templated":true}]}}