{"id":325057,"date":"2025-08-17T14:53:12","date_gmt":"2025-08-17T14:53:12","guid":{"rendered":"https:\/\/www.europesays.com\/fr\/325057\/"},"modified":"2025-08-17T14:53:12","modified_gmt":"2025-08-17T14:53:12","slug":"ces-specialistes-qui-viennent-en-appui-aux-pompiers-pour-lutter-contre-la-reprise-des-feux-en-sud-charente","status":"publish","type":"post","link":"https:\/\/www.europesays.com\/fr\/325057\/","title":{"rendered":"Ces sp\u00e9cialistes qui viennent en appui aux pompiers pour lutter contre la reprise des feux en sud-Charente"},"content":{"rendered":"<p>        <img decoding=\"async\" id=\"25576058\" src=\"https:\/\/www.europesays.com\/fr\/wp-content\/uploads\/2025\/08\/sud-barbezieux-f1927154ce4c47e897fd001a12cf6428-170831-ph2.jpg\" alt=\"Un point sur la patrouille en fin de matin\u00e9e avant l\u2019arriv\u00e9e d\u2019un v\u00e9hicule de renfort de la Dordogne\" itemprop=\"contentURL\"\/><\/p>\n<p>    Un point sur la patrouille en fin de matin\u00e9e avant l\u2019arriv\u00e9e d\u2019un v\u00e9hicule de renfort de la Dordogne<\/p>\n<p>Jean-Yves Delage<\/p>\n<p>Cette intervention aussi rapide qu\u2019efficace vient de s\u2019effectuer sous l\u2019\u0153il de Beno\u00eet Delatte. Le pr\u00e9sident du Pays Sud Charente est venu participer \u00e0 cette patrouille, pour mieux constater l\u2019ampleur du sinistre qui a ravag\u00e9 cette semaine plus de 230 hectares du massif forestier des Lorettes sur Saint-Vallier puis Brossac.<\/p>\n<p>\u00ab\u00a0Il faut saluer l\u2019efficacit\u00e9 des soldats du feu aid\u00e9s par de puissants moyens a\u00e9riens qui ont ma\u00eetris\u00e9 le sinistre mais aussi l\u2019aide de plusieurs agriculteurs locaux\u00a0\u00bb, rappelle-t-il.<\/p>\n<p>Suite \u00e0 un incendie de cette envergure, la surveillance de la zone dans les heures et les jours qui suivent est indispensable afin d\u2019\u00e9viter toute reprise de foyer. \u00ab\u00a0Et elle incombe d\u2019ailleurs aux maires des communes concern\u00e9es\u00a0\u00bb, indique Didier Maudet, premier magistrat de Brossac, qui travaille en partenariat avec Claire Catheloux, technicienne foresti\u00e8re, charg\u00e9e de mission DFCI.<\/p>\n<p>        <img decoding=\"async\" id=\"25576059\" src=\"https:\/\/www.europesays.com\/fr\/wp-content\/uploads\/2025\/08\/sud-barbezieux-f1927154ce4c47e897fd001a12cf6428-170831-ph1.jpg\" alt=\"Technicienne foresti\u00e8re, Claire Catheloux et Didier Maudet, 2\u00b0 \u00e0 gauche, ont guid\u00e9 la patrouille\" itemprop=\"contentURL\"\/><\/p>\n<p>    Technicienne foresti\u00e8re, Claire Catheloux et Didier Maudet, 2\u00b0 \u00e0 gauche, ont guid\u00e9 la patrouille<\/p>\n<p>Jean-Yves Delage<\/p>\n<p>Cr\u00e9\u00e9e apr\u00e8s les grands incendies des ann\u00e9es cinquante, l\u2019association DFCI s\u2019est donn\u00e9 pour missions d\u2019am\u00e9nager le milieu forestier, avec pistes, points d\u2019eau, ponts, et signalisation, et de sensibiliser les professionnels et le grand public aux risques des feux de for\u00eat et d\u2019effectuer de la surveillance, aussi bien pr\u00e9ventive que suite aux incendies.<\/p>\n<p>\u00ab\u00a0L\u2019association nous a tout de suite propos\u00e9 de nous envoyer pour quelques jours deux pick-up, l\u2019un de Gironde, l\u2019autre de Dordogne,\u00a0\u00bb indique Beno\u00eet Delatte. \u00ab\u00a0Ce sont des engins dot\u00e9s d\u2019une citerne de 600 litres et d\u2019un kit incendie qui n\u2019op\u00e8rent pas sur le front de feu mais \u00e9paulent les sapeurs \u00e0 l\u2019arri\u00e8re\u00a0\u00bb, d\u00e9taille le pr\u00e9sident.<\/p>\n<p>    Des renforts en Haute-Vienne<br \/>\n19 pompiers charentais du Groupe d\u2019intervention feux de for\u00eat (Giff) ont \u00e9t\u00e9 envoy\u00e9s en renfort, ce week-end, sur le secteur de Saint-Sylvestre, au nord de Limoges, en Haute-Vienne. Un incendie y a ravag\u00e9 une vingtaine d\u2019hectares de for\u00eat.<\/p>\n","protected":false},"excerpt":{"rendered":"Un point sur la patrouille en fin de matin\u00e9e avant l\u2019arriv\u00e9e d\u2019un v\u00e9hicule de renfort de la Dordogne&hellip;\n","protected":false},"author":2,"featured_media":325058,"comment_status":"","ping_status":"","sticky":false,"template":"","format":"standard","meta":{"footnotes":""},"categories":[2817],"tags":[1111,11,1997,1777,674,1011,27,12,2219,25],"class_list":{"0":"post-325057","1":"post","2":"type-post","3":"status-publish","4":"format-standard","5":"has-post-thumbnail","7":"category-bordeaux","8":"tag-actu","9":"tag-actualites","10":"tag-bordeaux","11":"tag-eu","12":"tag-europe","13":"tag-fr","14":"tag-france","15":"tag-news","16":"tag-nouvelle-aquitaine","17":"tag-republique-francaise"},"share_on_mastodon":{"url":"https:\/\/pubeurope.com\/@fr\/115044679975250379","error":""},"_links":{"self":[{"href":"https:\/\/www.europesays.com\/fr\/wp-json\/wp\/v2\/posts\/325057","targetHints":{"allow":["GET"]}}],"collection":[{"href":"https:\/\/www.europesays.com\/fr\/wp-json\/wp\/v2\/posts"}],"about":[{"href":"https:\/\/www.europesays.com\/fr\/wp-json\/wp\/v2\/types\/post"}],"author":[{"embeddable":true,"href":"https:\/\/www.europesays.com\/fr\/wp-json\/wp\/v2\/users\/2"}],"replies":[{"embeddable":true,"href":"https:\/\/www.europesays.com\/fr\/wp-json\/wp\/v2\/comments?post=325057"}],"version-history":[{"count":0,"href":"https:\/\/www.europesays.com\/fr\/wp-json\/wp\/v2\/posts\/325057\/revisions"}],"wp:featuredmedia":[{"embeddable":true,"href":"https:\/\/www.europesays.com\/fr\/wp-json\/wp\/v2\/media\/325058"}],"wp:attachment":[{"href":"https:\/\/www.europesays.com\/fr\/wp-json\/wp\/v2\/media?parent=325057"}],"wp:term":[{"taxonomy":"category","embeddable":true,"href":"https:\/\/www.europesays.com\/fr\/wp-json\/wp\/v2\/categories?post=325057"},{"taxonomy":"post_tag","embeddable":true,"href":"https:\/\/www.europesays.com\/fr\/wp-json\/wp\/v2\/tags?post=325057"}],"curies":[{"name":"wp","href":"https:\/\/api.w.org\/{rel}","templated":true}]}}