{"id":325061,"date":"2025-08-17T14:55:09","date_gmt":"2025-08-17T14:55:09","guid":{"rendered":"https:\/\/www.europesays.com\/fr\/325061\/"},"modified":"2025-08-17T14:55:09","modified_gmt":"2025-08-17T14:55:09","slug":"les-femmes-mises-a-lhonneur-dans-cette-nouvelle-exposition-du-musee-aeroscopia-pres-de-toulouse","status":"publish","type":"post","link":"https:\/\/www.europesays.com\/fr\/325061\/","title":{"rendered":"Les femmes mises \u00e0 l&rsquo;honneur dans cette nouvelle exposition du mus\u00e9e Aeroscopia, pr\u00e8s de Toulouse"},"content":{"rendered":"<p>            Par<br \/>\n        <strong><br \/>\n            <a href=\"https:\/\/actu.fr\/auteur\/lea-afonso\" title=\"Consulter tous les articles de L\u00e9a Afonso\" target=\"_blank\" rel=\"noopener\">L\u00e9a Afonso<\/a><br \/>\n        <\/strong><\/p>\n<p>        Publi\u00e9 le<\/p>\n<p>            17 ao\u00fbt 2025 \u00e0 15h16        <\/p>\n<p>Avis aux curieux et passionn\u00e9s d\u2019aviation\u2009! Une toute nouvelle <strong>exposition<\/strong> intitul\u00e9e \u00ab\u00a0Le ciel des femmes\u00a0\u00bb s\u2019est install\u00e9e au mus\u00e9e <strong><a href=\"https:\/\/actu.fr\/tag\/aeroscopia\" target=\"_blank\" rel=\"noopener\">Aeroscopia<\/a>, <\/strong>\u00e0 Blagnac, pr\u00e8s de <a href=\"https:\/\/actu.fr\/toulouse\/\" target=\"_blank\" rel=\"noopener\"><strong>Toulouse<\/strong>,<\/a> mettant \u00e0 l\u2019honneur les <strong>femmes dans le monde de l\u2019aviation<\/strong>. Elle est \u00e0 d\u00e9couvrir depuis juillet 2025 et pour quelques mois encore.<\/p>\n<p>Les femmes \u00e0 l\u2019honneur dans une exposition sign\u00e9e Reza Deghati<\/p>\n<p class=\" wall-content\">Le c\u00e9l\u00e8bre <strong>photojournaliste Reza Deghati<\/strong>, reconnu internationalement pour son regard <strong>humaniste<\/strong>, est \u00e0 l\u2019origine d\u2019une toute nouvelle<strong> exposition immersive<\/strong> au mus\u00e9e de l\u2019Aeroscopia. \u00c0 travers une s\u00e9rie de <strong>photographies<\/strong> puissantes, il c\u00e9l\u00e8bre les femmes et met en lumi\u00e8re leur<strong> r\u00f4le dans l\u2019histoire a\u00e9ronautique<\/strong> et la m\u00e9moire collective.<\/p>\n<p class=\" wall-content\">Dans cette exposition, Reza nous invite \u00e0 d\u00e9couvrir les femmes du ciel\u2009: h\u00f4tesses de l\u2019air, pilotes, techniciennes, m\u00e9caniciennes, contr\u00f4leuses, mais aussi passag\u00e8res et voyageuses rencontr\u00e9es aux quatre coins du monde. Toutes incarnent \u00e0 leur mani\u00e8re la passion du voyage, la ma\u00eetrise du ciel et l\u2019\u00e9lan de libert\u00e9.<\/p>\n<p>Une exp\u00e9rience visuelle et humaine<\/p>\n<p class=\" wall-content\">Pour rendre hommage \u00e0 ces femmes, l\u2019exposition m\u00eale <strong>diff\u00e9rents supports et formats<\/strong>. Le public est invit\u00e9 \u00e0 s\u2019arr\u00eater devant des <strong>images<\/strong> iconiques, \u00e0 lever les yeux vers des <strong>portraits suspendus, <\/strong>\u00e0\u00a0contempler une <strong>fresque<\/strong> visuelle ou encore \u00e0 plonger dans des t\u00e9moignages <strong>vid\u00e9os<\/strong> et <strong>\u00e9crits<\/strong> r\u00e9alis\u00e9s directement au sein du mus\u00e9e.<\/p>\n<p class=\" wall-content\">L\u2019exposition ne s\u2019arr\u00eate pas l\u00e0\u2009: des <strong>conf\u00e9rences<\/strong> et <strong>rencontres avec Reza Deghati<\/strong> viendront enrichir l\u2019exp\u00e9rience, offrant un \u00e9change unique autour de son travail et de la place des femmes dans l\u2019univers a\u00e9ronautique.<\/p>\n<p>Vid\u00e9os : en ce moment sur Actu<\/p>\n<p><strong>Infos pratiques\u2009:<\/strong><br \/>Exposition \u00ab\u00a0Le ciel des femmes, dans l\u2019\u0153il de Reza\u00a0\u00bb<br \/>\u00c0 d\u00e9couvrir jusqu\u2019au dimanche 30 novembre 2025 de 09\u2009h\u200930 \u00e0 18\u2009h\u200900<br \/>Tarif\u2009: inclus dans le prix du mus\u00e9e\u2009: 12\u20ac, gratuit<br \/>Adresse : \u00a01 All. Andr\u00e9 Turcat, 31700 Blagnac<\/p>\n<p class=\" wall-content\">Suivez toute l\u2019actualit\u00e9 de vos villes et m\u00e9dias favoris en vous inscrivant \u00e0 <a href=\"https:\/\/moncompte.actu.fr\" title=\"D\u00e9couvez Mon Actu\" rel=\"nofollow noopener\" data-trk=\"{&quot;cta&quot;:{&quot;action&quot;:&quot;https:\\\/\\\/moncompte.actu.fr&quot;,&quot;category&quot;:&quot;mon compte&quot;,&quot;from&quot;:&quot;article footer&quot;,&quot;name&quot;:&quot;Mon actu&quot;,&quot;type&quot;:&quot;cta&quot;}}\" target=\"_blank\">Mon Actu<\/a>.<\/p>\n<ul class=\"ac-article-tag wall-content\">\n<li><a href=\"https:\/\/actu.fr\/tag\/aeroscopia\" data-trk=\"{&quot;cta&quot;:{&quot;action&quot;:&quot;Aeroscopia&quot;,&quot;category&quot;:&quot;tag&quot;,&quot;from&quot;:&quot;article footer&quot;,&quot;name&quot;:&quot;Aeroscopia&quot;,&quot;type&quot;:&quot;cta&quot;}}\" target=\"_blank\" rel=\"noopener\">#Aeroscopia<\/a><\/li>\n<li><a href=\"https:\/\/actu.fr\/tag\/sortir-a-toulouse\" data-trk=\"{&quot;cta&quot;:{&quot;action&quot;:&quot;Sortir \\u00e0 Toulouse&quot;,&quot;category&quot;:&quot;tag&quot;,&quot;from&quot;:&quot;article footer&quot;,&quot;name&quot;:&quot;Sortir \\u00e0 Toulouse&quot;,&quot;type&quot;:&quot;cta&quot;}}\" target=\"_blank\" rel=\"noopener\">#Sortir \u00e0 Toulouse<\/a><\/li>\n<\/ul>\n","protected":false},"excerpt":{"rendered":"Par L\u00e9a Afonso Publi\u00e9 le 17 ao\u00fbt 2025 \u00e0 15h16 Avis aux curieux et passionn\u00e9s d\u2019aviation\u2009! Une toute&hellip;\n","protected":false},"author":2,"featured_media":325062,"comment_status":"","ping_status":"","sticky":false,"template":"","format":"standard","meta":{"footnotes":""},"categories":[2816],"tags":[1111,11,18585,1777,674,1349,1011,27,1652,12,2680,25,1341,2312],"class_list":{"0":"post-325061","1":"post","2":"type-post","3":"status-publish","4":"format-standard","5":"has-post-thumbnail","7":"category-toulouse","8":"tag-actu","9":"tag-actualites","10":"tag-aeroscopia","11":"tag-eu","12":"tag-europe","13":"tag-expositions","14":"tag-fr","15":"tag-france","16":"tag-loisirs-culture","17":"tag-news","18":"tag-occitanie","19":"tag-republique-francaise","20":"tag-sortir-a-toulouse","21":"tag-toulouse"},"share_on_mastodon":{"url":"https:\/\/pubeurope.com\/@fr\/115044687774527131","error":""},"_links":{"self":[{"href":"https:\/\/www.europesays.com\/fr\/wp-json\/wp\/v2\/posts\/325061","targetHints":{"allow":["GET"]}}],"collection":[{"href":"https:\/\/www.europesays.com\/fr\/wp-json\/wp\/v2\/posts"}],"about":[{"href":"https:\/\/www.europesays.com\/fr\/wp-json\/wp\/v2\/types\/post"}],"author":[{"embeddable":true,"href":"https:\/\/www.europesays.com\/fr\/wp-json\/wp\/v2\/users\/2"}],"replies":[{"embeddable":true,"href":"https:\/\/www.europesays.com\/fr\/wp-json\/wp\/v2\/comments?post=325061"}],"version-history":[{"count":0,"href":"https:\/\/www.europesays.com\/fr\/wp-json\/wp\/v2\/posts\/325061\/revisions"}],"wp:featuredmedia":[{"embeddable":true,"href":"https:\/\/www.europesays.com\/fr\/wp-json\/wp\/v2\/media\/325062"}],"wp:attachment":[{"href":"https:\/\/www.europesays.com\/fr\/wp-json\/wp\/v2\/media?parent=325061"}],"wp:term":[{"taxonomy":"category","embeddable":true,"href":"https:\/\/www.europesays.com\/fr\/wp-json\/wp\/v2\/categories?post=325061"},{"taxonomy":"post_tag","embeddable":true,"href":"https:\/\/www.europesays.com\/fr\/wp-json\/wp\/v2\/tags?post=325061"}],"curies":[{"name":"wp","href":"https:\/\/api.w.org\/{rel}","templated":true}]}}