{"id":325077,"date":"2025-08-17T15:06:15","date_gmt":"2025-08-17T15:06:15","guid":{"rendered":"https:\/\/www.europesays.com\/fr\/325077\/"},"modified":"2025-08-17T15:06:15","modified_gmt":"2025-08-17T15:06:15","slug":"ilan-kebbal-reve-des-fennecs","status":"publish","type":"post","link":"https:\/\/www.europesays.com\/fr\/325077\/","title":{"rendered":"Ilan Kebbal r\u00eave des Fennecs"},"content":{"rendered":"<p>                <img width=\"710\" height=\"473\" src=\"https:\/\/www.europesays.com\/fr\/wp-content\/uploads\/2025\/08\/kebbal-710x473.jpg\" class=\"attachment-large size-large wp-post-image\" alt=\"\" decoding=\"async\" fetchpriority=\"high\"  \/>            <\/p>\n<p data-start=\"225\" data-end=\"374\"><strong data-start=\"225\" data-end=\"374\">Promu en Ligue 1 avec le Paris FC, Ilan Kebbal r\u00eave de briller pour enfin d\u00e9crocher sa premi\u00e8re s\u00e9lection.<\/strong><\/p>\n<p data-start=\"376\" data-end=\"719\">\u00c0 27 ans, Ilan Kebbal n\u2019a rien perdu de sa d\u00e9termination. R\u00e9v\u00e9l\u00e9 au haut niveau sous le maillot du Stade de Reims, aujourd\u2019hui cadre du Paris FC fra\u00eechement promu, le natif de Marseille entame la saison 2025-2026 avec une double ambition : s\u2019imposer en Ligue 1 et convaincre le s\u00e9lectionneur alg\u00e9rien Vladimir Petkovic de lui offrir sa chance.<\/p>\n<p data-start=\"721\" data-end=\"1101\">Convoqu\u00e9 une premi\u00e8re fois en octobre 2021 sans toutefois honorer la moindre cape, Kebbal garde intacte l\u2019envie de porter les couleurs des Fennecs.<\/p>\n<p data-start=\"721\" data-end=\"1101\"><strong>\u00ab\u00a0Peut-\u00eatre que la Ligue 1 changera la donne\u00a0\u00bb<\/strong>, a-t-il d\u00e9clar\u00e9 dans un entretien accord\u00e9 \u00e0 L\u2019\u00c9quipe. <strong>\u00ab\u00a0On sait que la visibilit\u00e9 est plus importante \u00e0 ce niveau. Bien s\u00fbr que j\u2019y pense. J\u2019aimerais vraiment conna\u00eetre ce sentiment-l\u00e0.\u00a0\u00bb<\/strong><\/p>\n<p data-start=\"1103\" data-end=\"1363\">Conscient de la forte concurrence dans le secteur offensif o\u00f9 \u00e9voluent des noms comme Riyad Mahrez, Amine Gouiri ou encore Moussa Hadj, Kebbal ne se fait pas d\u2019illusions mais reste combatif.<\/p>\n<p data-start=\"1103\" data-end=\"1363\"><strong> \u00ab\u00a0On va se battre. Si je performe avec le Paris FC, pourquoi pas\u2026\u00a0\u00bb.<\/strong><\/p>\n<p data-start=\"1365\" data-end=\"1550\" data-is-last-node=\"\" data-is-only-node=\"\">Premier test d\u00e8s ce dimanche sur la pelouse d\u2019Angers (coup d\u2019envoi \u00e0 17h15), o\u00f9 ses prestations seront scrut\u00e9es de pr\u00e8s. L\u2019occasion parfaite pour envoyer un message fort \u00e0 la s\u00e9lection.<\/p>\n","protected":false},"excerpt":{"rendered":"Promu en Ligue 1 avec le Paris FC, Ilan Kebbal r\u00eave de briller pour enfin d\u00e9crocher sa premi\u00e8re&hellip;\n","protected":false},"author":2,"featured_media":325078,"comment_status":"","ping_status":"","sticky":false,"template":"","format":"standard","meta":{"footnotes":""},"categories":[1888],"tags":[1111,1928,11,1927,15,1777,674,1011,27,25405,12,1926,626,445,1925,25],"class_list":{"0":"post-325077","1":"post","2":"type-post","3":"status-publish","4":"format-standard","5":"has-post-thumbnail","7":"category-paris","8":"tag-actu","9":"tag-actu-paris","10":"tag-actualites","11":"tag-actualites-paris","12":"tag-algerie","13":"tag-eu","14":"tag-europe","15":"tag-fr","16":"tag-france","17":"tag-ilan-kebbal","18":"tag-news","19":"tag-news-paris","20":"tag-paris","21":"tag-paris-fc","22":"tag-paris-news","23":"tag-republique-francaise"},"share_on_mastodon":{"url":"https:\/\/pubeurope.com\/@fr\/115044731619766392","error":""},"_links":{"self":[{"href":"https:\/\/www.europesays.com\/fr\/wp-json\/wp\/v2\/posts\/325077","targetHints":{"allow":["GET"]}}],"collection":[{"href":"https:\/\/www.europesays.com\/fr\/wp-json\/wp\/v2\/posts"}],"about":[{"href":"https:\/\/www.europesays.com\/fr\/wp-json\/wp\/v2\/types\/post"}],"author":[{"embeddable":true,"href":"https:\/\/www.europesays.com\/fr\/wp-json\/wp\/v2\/users\/2"}],"replies":[{"embeddable":true,"href":"https:\/\/www.europesays.com\/fr\/wp-json\/wp\/v2\/comments?post=325077"}],"version-history":[{"count":0,"href":"https:\/\/www.europesays.com\/fr\/wp-json\/wp\/v2\/posts\/325077\/revisions"}],"wp:featuredmedia":[{"embeddable":true,"href":"https:\/\/www.europesays.com\/fr\/wp-json\/wp\/v2\/media\/325078"}],"wp:attachment":[{"href":"https:\/\/www.europesays.com\/fr\/wp-json\/wp\/v2\/media?parent=325077"}],"wp:term":[{"taxonomy":"category","embeddable":true,"href":"https:\/\/www.europesays.com\/fr\/wp-json\/wp\/v2\/categories?post=325077"},{"taxonomy":"post_tag","embeddable":true,"href":"https:\/\/www.europesays.com\/fr\/wp-json\/wp\/v2\/tags?post=325077"}],"curies":[{"name":"wp","href":"https:\/\/api.w.org\/{rel}","templated":true}]}}